{"id":10033,"date":"2021-04-10T11:29:31","date_gmt":"2021-04-10T11:29:31","guid":{"rendered":"https:\/\/www.fernandovicente.es\/sin-categoria-en\/mujeres-imaginadas-exposicion-de-pintura\/"},"modified":"2021-04-10T11:40:44","modified_gmt":"2021-04-10T11:40:44","slug":"mujeres-imaginadas-exposicion-de-pintura","status":"publish","type":"post","link":"https:\/\/www.fernandovicente.es\/en\/exposicion-en\/mujeres-imaginadas-exposicion-de-pintura\/","title":{"rendered":"Mujeres Imaginadas Exposici\u00f3n de Pintura"},"content":{"rendered":"<h1>Mujeres Imaginadas Exposici\u00f3n de Pintura.<\/h1>\n<p>Mujeres Imaginadas es una Exposici\u00f3n de \u00f3leo sobre tabla y sobre lienzo de <strong>Fernando Vicente<\/strong>. Se trata de varias series de retratos de oleo realizados durante el confinamiento. Todas las obras estan realizadas en piezas circulares, Tondos.<\/p>\n<p>Ondina y nadadores, Serie Quattrocento, Serie Lectoras, Serie Hylas y la serie Diosas<\/p>\n<p>Lo podr\u00e1s encontrar en la <a href=\"https:\/\/www.a-cuadros.com\/es\/exposiciones\/1883-fernando-vicente-exposicion.html\">galer\u00eda de arte A Cuadros<\/a> en Madrid en el barrio de Chueca. Calle Augusto Figueroa, 41.<\/p>\n<figure id=\"attachment_10026\" aria-describedby=\"caption-attachment-10026\" style=\"width: 1920px\" class=\"wp-caption aligncenter\"><a href=\"https:\/\/www.fernandovicente.es\/wp-content\/uploads\/2021\/04\/Mujeres-Imaginadas-Exposicio\u0301n-de-Pintura.jpg\"><img loading=\"lazy\" decoding=\"async\" class=\"size-full wp-image-10026\" src=\"https:\/\/www.fernandovicente.es\/wp-content\/uploads\/2021\/04\/Mujeres-Imaginadas-Exposicio\u0301n-de-Pintura.jpg\" alt=\"Mujeres Imaginadas Exposici\u00f3n de Pintura de Fernando Vicente\" width=\"1920\" height=\"1081\" srcset=\"https:\/\/www.fernandovicente.es\/wp-content\/uploads\/2021\/04\/Mujeres-Imaginadas-Exposicio\u0301n-de-Pintura.jpg 1920w, https:\/\/www.fernandovicente.es\/wp-content\/uploads\/2021\/04\/Mujeres-Imaginadas-Exposicio\u0301n-de-Pintura-600x338.jpg 600w, https:\/\/www.fernandovicente.es\/wp-content\/uploads\/2021\/04\/Mujeres-Imaginadas-Exposicio\u0301n-de-Pintura-300x169.jpg 300w, https:\/\/www.fernandovicente.es\/wp-content\/uploads\/2021\/04\/Mujeres-Imaginadas-Exposicio\u0301n-de-Pintura-768x432.jpg 768w, https:\/\/www.fernandovicente.es\/wp-content\/uploads\/2021\/04\/Mujeres-Imaginadas-Exposicio\u0301n-de-Pintura-1024x577.jpg 1024w, https:\/\/www.fernandovicente.es\/wp-content\/uploads\/2021\/04\/Mujeres-Imaginadas-Exposicio\u0301n-de-Pintura-430x242.jpg 430w, https:\/\/www.fernandovicente.es\/wp-content\/uploads\/2021\/04\/Mujeres-Imaginadas-Exposicio\u0301n-de-Pintura-860x484.jpg 860w\" sizes=\"auto, (max-width: 1920px) 100vw, 1920px\" \/><\/a><figcaption id=\"caption-attachment-10026\" class=\"wp-caption-text\">Mujeres Imaginadas Exposici\u00f3n de Pintura de Fernando Vicente<\/figcaption><\/figure>\n<p style=\"text-align: center;\"><iframe loading=\"lazy\" title=\"YouTube video player\" src=\"https:\/\/www.youtube.com\/embed\/YjLP2-NAXx4\" width=\"560\" height=\"315\" frameborder=\"0\" allowfullscreen=\"allowfullscreen\"><\/iframe><\/p>\n<p style=\"text-align: center;\">\n","protected":false},"excerpt":{"rendered":"<p>Mujeres Imaginadas Exposici\u00f3n de Pintura. Mujeres Imaginadas es una Exposici\u00f3n de \u00f3leo sobre tabla y sobre lienzo de Fernando Vicente. Se trata de varias series&hellip;<\/p>\n","protected":false},"author":2,"featured_media":10031,"comment_status":"closed","ping_status":"closed","sticky":false,"template":"","format":"standard","meta":{"footnotes":""},"categories":[552,3034],"tags":[3035,3036,3037,3038,3039,3040,3041,3042,3043],"class_list":["post-10033","post","type-post","status-publish","format-standard","has-post-thumbnail","hentry","category-exposicion-en","category-mujeres-imaginadas-en","tag-diosas-en","tag-hylas-en","tag-lectoras-en","tag-oleo-en","tag-ondinas-en","tag-pintura-en","tag-quattrocento-en","tag-tattoo-en","tag-tatuajes-en"],"yoast_head":"<!-- This site is optimized with the Yoast SEO plugin v26.9 - https:\/\/yoast.com\/product\/yoast-seo-wordpress\/ -->\n<title>Mujeres Imaginadas Exposici\u00f3n de Pintura - Fernando Vicente<\/title>\n<meta name=\"description\" content=\"Mujeres Imaginadas es una Exposici\u00f3n de \u00f3leo sobre tabla y sobre lienzo del artista Fernando Vicente en la galer\u00eda de arte A Cuadros en Madrid\" \/>\n<meta name=\"robots\" content=\"index, follow, max-snippet:-1, max-image-preview:large, max-video-preview:-1\" \/>\n<link rel=\"canonical\" href=\"https:\/\/www.fernandovicente.es\/en\/exposicion-en\/mujeres-imaginadas-exposicion-de-pintura\/\" \/>\n<meta property=\"og:locale\" content=\"en_US\" \/>\n<meta property=\"og:type\" content=\"article\" \/>\n<meta property=\"og:title\" content=\"Mujeres Imaginadas Exposici\u00f3n de Pintura - Fernando Vicente\" \/>\n<meta property=\"og:description\" content=\"Mujeres Imaginadas es una Exposici\u00f3n de \u00f3leo sobre tabla y sobre lienzo del artista Fernando Vicente en la galer\u00eda de arte A Cuadros en Madrid\" \/>\n<meta property=\"og:url\" content=\"https:\/\/www.fernandovicente.es\/en\/exposicion-en\/mujeres-imaginadas-exposicion-de-pintura\/\" \/>\n<meta property=\"og:site_name\" content=\"Fernando Vicente\" \/>\n<meta property=\"article:publisher\" content=\"https:\/\/www.facebook.com\/FernandoVicenteIllustrator\/\" \/>\n<meta property=\"article:author\" content=\"https:\/\/www.facebook.com\/FernandoVicenteIllustrator\/\" \/>\n<meta property=\"article:published_time\" content=\"2021-04-10T11:29:31+00:00\" \/>\n<meta property=\"article:modified_time\" content=\"2021-04-10T11:40:44+00:00\" \/>\n<meta property=\"og:image\" content=\"https:\/\/www.fernandovicente.es\/wp-content\/uploads\/2021\/04\/Quattrocento-Lacrymosa-ANNO-MMXX.jpg\" \/>\n\t<meta property=\"og:image:width\" content=\"1200\" \/>\n\t<meta property=\"og:image:height\" content=\"696\" \/>\n\t<meta property=\"og:image:type\" content=\"image\/jpeg\" \/>\n<meta name=\"author\" content=\"Fernando Vicente\" \/>\n<meta name=\"twitter:card\" content=\"summary_large_image\" \/>\n<meta name=\"twitter:creator\" content=\"@https:\/\/twitter.com\/fvicente_illust\" \/>\n<meta name=\"twitter:site\" content=\"@fvicente_illust\" \/>\n<meta name=\"twitter:label1\" content=\"Written by\" \/>\n\t<meta name=\"twitter:data1\" content=\"Fernando Vicente\" \/>\n<script type=\"application\/ld+json\" class=\"yoast-schema-graph\">{\"@context\":\"https:\/\/schema.org\",\"@graph\":[{\"@type\":\"Article\",\"@id\":\"https:\/\/www.fernandovicente.es\/en\/exposicion-en\/mujeres-imaginadas-exposicion-de-pintura\/#article\",\"isPartOf\":{\"@id\":\"https:\/\/www.fernandovicente.es\/en\/exposicion-en\/mujeres-imaginadas-exposicion-de-pintura\/\"},\"author\":{\"name\":\"Fernando Vicente\",\"@id\":\"https:\/\/www.fernandovicente.es\/en\/#\/schema\/person\/d49677cb48f2ea656b28261dd8f75d7f\"},\"headline\":\"Mujeres Imaginadas Exposici\u00f3n de Pintura\",\"datePublished\":\"2021-04-10T11:29:31+00:00\",\"dateModified\":\"2021-04-10T11:40:44+00:00\",\"mainEntityOfPage\":{\"@id\":\"https:\/\/www.fernandovicente.es\/en\/exposicion-en\/mujeres-imaginadas-exposicion-de-pintura\/\"},\"wordCount\":101,\"publisher\":{\"@id\":\"https:\/\/www.fernandovicente.es\/en\/#\/schema\/person\/d49677cb48f2ea656b28261dd8f75d7f\"},\"image\":{\"@id\":\"https:\/\/www.fernandovicente.es\/en\/exposicion-en\/mujeres-imaginadas-exposicion-de-pintura\/#primaryimage\"},\"thumbnailUrl\":\"https:\/\/www.fernandovicente.es\/wp-content\/uploads\/2021\/04\/Quattrocento-Lacrymosa-ANNO-MMXX.jpg\",\"keywords\":[\"Diosas\",\"Hylas\",\"Lectoras\",\"oleo\",\"ondinas\",\"Pintura\",\"Quattrocento\",\"Tattoo\",\"Tatuajes\"],\"articleSection\":[\"Art exhibitions\",\"Mujeres imaginadas\"],\"inLanguage\":\"en-US\"},{\"@type\":\"WebPage\",\"@id\":\"https:\/\/www.fernandovicente.es\/en\/exposicion-en\/mujeres-imaginadas-exposicion-de-pintura\/\",\"url\":\"https:\/\/www.fernandovicente.es\/en\/exposicion-en\/mujeres-imaginadas-exposicion-de-pintura\/\",\"name\":\"Mujeres Imaginadas Exposici\u00f3n de Pintura - Fernando Vicente\",\"isPartOf\":{\"@id\":\"https:\/\/www.fernandovicente.es\/en\/#website\"},\"primaryImageOfPage\":{\"@id\":\"https:\/\/www.fernandovicente.es\/en\/exposicion-en\/mujeres-imaginadas-exposicion-de-pintura\/#primaryimage\"},\"image\":{\"@id\":\"https:\/\/www.fernandovicente.es\/en\/exposicion-en\/mujeres-imaginadas-exposicion-de-pintura\/#primaryimage\"},\"thumbnailUrl\":\"https:\/\/www.fernandovicente.es\/wp-content\/uploads\/2021\/04\/Quattrocento-Lacrymosa-ANNO-MMXX.jpg\",\"datePublished\":\"2021-04-10T11:29:31+00:00\",\"dateModified\":\"2021-04-10T11:40:44+00:00\",\"description\":\"Mujeres Imaginadas es una Exposici\u00f3n de \u00f3leo sobre tabla y sobre lienzo del artista Fernando Vicente en la galer\u00eda de arte A Cuadros en Madrid\",\"breadcrumb\":{\"@id\":\"https:\/\/www.fernandovicente.es\/en\/exposicion-en\/mujeres-imaginadas-exposicion-de-pintura\/#breadcrumb\"},\"inLanguage\":\"en-US\",\"potentialAction\":[{\"@type\":\"ReadAction\",\"target\":[\"https:\/\/www.fernandovicente.es\/en\/exposicion-en\/mujeres-imaginadas-exposicion-de-pintura\/\"]}]},{\"@type\":\"ImageObject\",\"inLanguage\":\"en-US\",\"@id\":\"https:\/\/www.fernandovicente.es\/en\/exposicion-en\/mujeres-imaginadas-exposicion-de-pintura\/#primaryimage\",\"url\":\"https:\/\/www.fernandovicente.es\/wp-content\/uploads\/2021\/04\/Quattrocento-Lacrymosa-ANNO-MMXX.jpg\",\"contentUrl\":\"https:\/\/www.fernandovicente.es\/wp-content\/uploads\/2021\/04\/Quattrocento-Lacrymosa-ANNO-MMXX.jpg\",\"width\":1200,\"height\":696,\"caption\":\"Mujeres Imaginadas Exposici\u00f3n de Pintura\"},{\"@type\":\"BreadcrumbList\",\"@id\":\"https:\/\/www.fernandovicente.es\/en\/exposicion-en\/mujeres-imaginadas-exposicion-de-pintura\/#breadcrumb\",\"itemListElement\":[{\"@type\":\"ListItem\",\"position\":1,\"name\":\"Portada\",\"item\":\"https:\/\/www.fernandovicente.es\/en\/\"},{\"@type\":\"ListItem\",\"position\":2,\"name\":\"Mujeres Imaginadas Exposici\u00f3n de Pintura\"}]},{\"@type\":\"WebSite\",\"@id\":\"https:\/\/www.fernandovicente.es\/en\/#website\",\"url\":\"https:\/\/www.fernandovicente.es\/en\/\",\"name\":\"Fernando Vicente\",\"description\":\"Ilustraci\u00f3n\",\"publisher\":{\"@id\":\"https:\/\/www.fernandovicente.es\/en\/#\/schema\/person\/d49677cb48f2ea656b28261dd8f75d7f\"},\"potentialAction\":[{\"@type\":\"SearchAction\",\"target\":{\"@type\":\"EntryPoint\",\"urlTemplate\":\"https:\/\/www.fernandovicente.es\/en\/?s={search_term_string}\"},\"query-input\":{\"@type\":\"PropertyValueSpecification\",\"valueRequired\":true,\"valueName\":\"search_term_string\"}}],\"inLanguage\":\"en-US\"},{\"@type\":[\"Person\",\"Organization\"],\"@id\":\"https:\/\/www.fernandovicente.es\/en\/#\/schema\/person\/d49677cb48f2ea656b28261dd8f75d7f\",\"name\":\"Fernando Vicente\",\"image\":{\"@type\":\"ImageObject\",\"inLanguage\":\"en-US\",\"@id\":\"https:\/\/www.fernandovicente.es\/en\/#\/schema\/person\/image\/\",\"url\":\"https:\/\/www.fernandovicente.es\/wp-content\/uploads\/2014\/11\/fernando-vicente-Foto-e1419619123418.jpg\",\"contentUrl\":\"https:\/\/www.fernandovicente.es\/wp-content\/uploads\/2014\/11\/fernando-vicente-Foto-e1419619123418.jpg\",\"width\":300,\"height\":300,\"caption\":\"Fernando Vicente\"},\"logo\":{\"@id\":\"https:\/\/www.fernandovicente.es\/en\/#\/schema\/person\/image\/\"},\"description\":\"Fernando Vicente - Painter &amp; illustrator\",\"sameAs\":[\"http:\/\/www.fernandovicente.es\",\"https:\/\/www.facebook.com\/FernandoVicenteIllustrator\/\",\"https:\/\/www.instagram.com\/fvicente_illust\/\",\"https:\/\/www.linkedin.com\/in\/fernando-vicente-97595012\",\"https:\/\/www.pinterest.es\/FVicente_illust\/\",\"https:\/\/x.com\/https:\/\/twitter.com\/fvicente_illust\"]}]}<\/script>\n<!-- \/ Yoast SEO plugin. -->","yoast_head_json":{"title":"Mujeres Imaginadas Exposici\u00f3n de Pintura - Fernando Vicente","description":"Mujeres Imaginadas es una Exposici\u00f3n de \u00f3leo sobre tabla y sobre lienzo del artista Fernando Vicente en la galer\u00eda de arte A Cuadros en Madrid","robots":{"index":"index","follow":"follow","max-snippet":"max-snippet:-1","max-image-preview":"max-image-preview:large","max-video-preview":"max-video-preview:-1"},"canonical":"https:\/\/www.fernandovicente.es\/en\/exposicion-en\/mujeres-imaginadas-exposicion-de-pintura\/","og_locale":"en_US","og_type":"article","og_title":"Mujeres Imaginadas Exposici\u00f3n de Pintura - Fernando Vicente","og_description":"Mujeres Imaginadas es una Exposici\u00f3n de \u00f3leo sobre tabla y sobre lienzo del artista Fernando Vicente en la galer\u00eda de arte A Cuadros en Madrid","og_url":"https:\/\/www.fernandovicente.es\/en\/exposicion-en\/mujeres-imaginadas-exposicion-de-pintura\/","og_site_name":"Fernando Vicente","article_publisher":"https:\/\/www.facebook.com\/FernandoVicenteIllustrator\/","article_author":"https:\/\/www.facebook.com\/FernandoVicenteIllustrator\/","article_published_time":"2021-04-10T11:29:31+00:00","article_modified_time":"2021-04-10T11:40:44+00:00","og_image":[{"width":1200,"height":696,"url":"https:\/\/www.fernandovicente.es\/wp-content\/uploads\/2021\/04\/Quattrocento-Lacrymosa-ANNO-MMXX.jpg","type":"image\/jpeg"}],"author":"Fernando Vicente","twitter_card":"summary_large_image","twitter_creator":"@https:\/\/twitter.com\/fvicente_illust","twitter_site":"@fvicente_illust","twitter_misc":{"Written by":"Fernando Vicente"},"schema":{"@context":"https:\/\/schema.org","@graph":[{"@type":"Article","@id":"https:\/\/www.fernandovicente.es\/en\/exposicion-en\/mujeres-imaginadas-exposicion-de-pintura\/#article","isPartOf":{"@id":"https:\/\/www.fernandovicente.es\/en\/exposicion-en\/mujeres-imaginadas-exposicion-de-pintura\/"},"author":{"name":"Fernando Vicente","@id":"https:\/\/www.fernandovicente.es\/en\/#\/schema\/person\/d49677cb48f2ea656b28261dd8f75d7f"},"headline":"Mujeres Imaginadas Exposici\u00f3n de Pintura","datePublished":"2021-04-10T11:29:31+00:00","dateModified":"2021-04-10T11:40:44+00:00","mainEntityOfPage":{"@id":"https:\/\/www.fernandovicente.es\/en\/exposicion-en\/mujeres-imaginadas-exposicion-de-pintura\/"},"wordCount":101,"publisher":{"@id":"https:\/\/www.fernandovicente.es\/en\/#\/schema\/person\/d49677cb48f2ea656b28261dd8f75d7f"},"image":{"@id":"https:\/\/www.fernandovicente.es\/en\/exposicion-en\/mujeres-imaginadas-exposicion-de-pintura\/#primaryimage"},"thumbnailUrl":"https:\/\/www.fernandovicente.es\/wp-content\/uploads\/2021\/04\/Quattrocento-Lacrymosa-ANNO-MMXX.jpg","keywords":["Diosas","Hylas","Lectoras","oleo","ondinas","Pintura","Quattrocento","Tattoo","Tatuajes"],"articleSection":["Art exhibitions","Mujeres imaginadas"],"inLanguage":"en-US"},{"@type":"WebPage","@id":"https:\/\/www.fernandovicente.es\/en\/exposicion-en\/mujeres-imaginadas-exposicion-de-pintura\/","url":"https:\/\/www.fernandovicente.es\/en\/exposicion-en\/mujeres-imaginadas-exposicion-de-pintura\/","name":"Mujeres Imaginadas Exposici\u00f3n de Pintura - Fernando Vicente","isPartOf":{"@id":"https:\/\/www.fernandovicente.es\/en\/#website"},"primaryImageOfPage":{"@id":"https:\/\/www.fernandovicente.es\/en\/exposicion-en\/mujeres-imaginadas-exposicion-de-pintura\/#primaryimage"},"image":{"@id":"https:\/\/www.fernandovicente.es\/en\/exposicion-en\/mujeres-imaginadas-exposicion-de-pintura\/#primaryimage"},"thumbnailUrl":"https:\/\/www.fernandovicente.es\/wp-content\/uploads\/2021\/04\/Quattrocento-Lacrymosa-ANNO-MMXX.jpg","datePublished":"2021-04-10T11:29:31+00:00","dateModified":"2021-04-10T11:40:44+00:00","description":"Mujeres Imaginadas es una Exposici\u00f3n de \u00f3leo sobre tabla y sobre lienzo del artista Fernando Vicente en la galer\u00eda de arte A Cuadros en Madrid","breadcrumb":{"@id":"https:\/\/www.fernandovicente.es\/en\/exposicion-en\/mujeres-imaginadas-exposicion-de-pintura\/#breadcrumb"},"inLanguage":"en-US","potentialAction":[{"@type":"ReadAction","target":["https:\/\/www.fernandovicente.es\/en\/exposicion-en\/mujeres-imaginadas-exposicion-de-pintura\/"]}]},{"@type":"ImageObject","inLanguage":"en-US","@id":"https:\/\/www.fernandovicente.es\/en\/exposicion-en\/mujeres-imaginadas-exposicion-de-pintura\/#primaryimage","url":"https:\/\/www.fernandovicente.es\/wp-content\/uploads\/2021\/04\/Quattrocento-Lacrymosa-ANNO-MMXX.jpg","contentUrl":"https:\/\/www.fernandovicente.es\/wp-content\/uploads\/2021\/04\/Quattrocento-Lacrymosa-ANNO-MMXX.jpg","width":1200,"height":696,"caption":"Mujeres Imaginadas Exposici\u00f3n de Pintura"},{"@type":"BreadcrumbList","@id":"https:\/\/www.fernandovicente.es\/en\/exposicion-en\/mujeres-imaginadas-exposicion-de-pintura\/#breadcrumb","itemListElement":[{"@type":"ListItem","position":1,"name":"Portada","item":"https:\/\/www.fernandovicente.es\/en\/"},{"@type":"ListItem","position":2,"name":"Mujeres Imaginadas Exposici\u00f3n de Pintura"}]},{"@type":"WebSite","@id":"https:\/\/www.fernandovicente.es\/en\/#website","url":"https:\/\/www.fernandovicente.es\/en\/","name":"Fernando Vicente","description":"Ilustraci\u00f3n","publisher":{"@id":"https:\/\/www.fernandovicente.es\/en\/#\/schema\/person\/d49677cb48f2ea656b28261dd8f75d7f"},"potentialAction":[{"@type":"SearchAction","target":{"@type":"EntryPoint","urlTemplate":"https:\/\/www.fernandovicente.es\/en\/?s={search_term_string}"},"query-input":{"@type":"PropertyValueSpecification","valueRequired":true,"valueName":"search_term_string"}}],"inLanguage":"en-US"},{"@type":["Person","Organization"],"@id":"https:\/\/www.fernandovicente.es\/en\/#\/schema\/person\/d49677cb48f2ea656b28261dd8f75d7f","name":"Fernando Vicente","image":{"@type":"ImageObject","inLanguage":"en-US","@id":"https:\/\/www.fernandovicente.es\/en\/#\/schema\/person\/image\/","url":"https:\/\/www.fernandovicente.es\/wp-content\/uploads\/2014\/11\/fernando-vicente-Foto-e1419619123418.jpg","contentUrl":"https:\/\/www.fernandovicente.es\/wp-content\/uploads\/2014\/11\/fernando-vicente-Foto-e1419619123418.jpg","width":300,"height":300,"caption":"Fernando Vicente"},"logo":{"@id":"https:\/\/www.fernandovicente.es\/en\/#\/schema\/person\/image\/"},"description":"Fernando Vicente - Painter &amp; illustrator","sameAs":["http:\/\/www.fernandovicente.es","https:\/\/www.facebook.com\/FernandoVicenteIllustrator\/","https:\/\/www.instagram.com\/fvicente_illust\/","https:\/\/www.linkedin.com\/in\/fernando-vicente-97595012","https:\/\/www.pinterest.es\/FVicente_illust\/","https:\/\/x.com\/https:\/\/twitter.com\/fvicente_illust"]}]}},"_links":{"self":[{"href":"https:\/\/www.fernandovicente.es\/en\/wp-json\/wp\/v2\/posts\/10033","targetHints":{"allow":["GET"]}}],"collection":[{"href":"https:\/\/www.fernandovicente.es\/en\/wp-json\/wp\/v2\/posts"}],"about":[{"href":"https:\/\/www.fernandovicente.es\/en\/wp-json\/wp\/v2\/types\/post"}],"author":[{"embeddable":true,"href":"https:\/\/www.fernandovicente.es\/en\/wp-json\/wp\/v2\/users\/2"}],"replies":[{"embeddable":true,"href":"https:\/\/www.fernandovicente.es\/en\/wp-json\/wp\/v2\/comments?post=10033"}],"version-history":[{"count":3,"href":"https:\/\/www.fernandovicente.es\/en\/wp-json\/wp\/v2\/posts\/10033\/revisions"}],"predecessor-version":[{"id":10040,"href":"https:\/\/www.fernandovicente.es\/en\/wp-json\/wp\/v2\/posts\/10033\/revisions\/10040"}],"wp:featuredmedia":[{"embeddable":true,"href":"https:\/\/www.fernandovicente.es\/en\/wp-json\/wp\/v2\/media\/10031"}],"wp:attachment":[{"href":"https:\/\/www.fernandovicente.es\/en\/wp-json\/wp\/v2\/media?parent=10033"}],"wp:term":[{"taxonomy":"category","embeddable":true,"href":"https:\/\/www.fernandovicente.es\/en\/wp-json\/wp\/v2\/categories?post=10033"},{"taxonomy":"post_tag","embeddable":true,"href":"https:\/\/www.fernandovicente.es\/en\/wp-json\/wp\/v2\/tags?post=10033"}],"curies":[{"name":"wp","href":"https:\/\/api.w.org\/{rel}","templated":true}]}}