{"id":11326,"date":"2022-03-14T22:31:58","date_gmt":"2022-03-14T20:31:58","guid":{"rendered":"https:\/\/www.fernandovicente.es\/sin-categoria-en\/cuando-nacen-los-monstruos-mitos-del-cine-de-terror\/"},"modified":"2022-03-14T22:54:13","modified_gmt":"2022-03-14T20:54:13","slug":"cuando-nacen-los-monstruos-mitos-del-cine-de-terror","status":"publish","type":"post","link":"https:\/\/www.fernandovicente.es\/en\/libro-ilustrado-en\/cuando-nacen-los-monstruos-mitos-del-cine-de-terror\/","title":{"rendered":"Cuando nacen los monstruos: Mitos del cine de terror"},"content":{"rendered":"<h2 class=\"wp-block-heading\" id=\"h-alberto-gil-fernando-vicente\"><a href=\"https:\/\/www.planetadelibros.com\/autor\/alberto-gil\/000051838\">Alberto Gil<\/a> | <a href=\"https:\/\/www.planetadelibros.com\/autor\/fernando-vicente\/000046135\">Fernando Vicente<\/a><\/h2><p>Un terror\u00edfico viaje a trav\u00e9s de las 25 pel\u00edculas m\u00e1s ic\u00f3nicas del cine del terror de todos los tiempos.<\/p><div class=\"wp-block-image\"><figure class=\"aligncenter size-large\"><a href=\"https:\/\/www.planetadelibros.com\/libro-cuando-nacen-los-monstruos\/347454\"><img loading=\"lazy\" decoding=\"async\" width=\"800\" height=\"1024\" src=\"https:\/\/www.fernandovicente.es\/wp-content\/uploads\/2022\/03\/00-Portada-Cuando-nacen-los-Monstruos-mitos-del-cine-de-terror-Fernando-Vicente-copia-800x1024.jpg\" alt=\"Fernando Vicente \" class=\"wp-image-11319\" srcset=\"https:\/\/www.fernandovicente.es\/wp-content\/uploads\/2022\/03\/00-Portada-Cuando-nacen-los-Monstruos-mitos-del-cine-de-terror-Fernando-Vicente-copia-800x1024.jpg 800w, https:\/\/www.fernandovicente.es\/wp-content\/uploads\/2022\/03\/00-Portada-Cuando-nacen-los-Monstruos-mitos-del-cine-de-terror-Fernando-Vicente-copia-600x768.jpg 600w, https:\/\/www.fernandovicente.es\/wp-content\/uploads\/2022\/03\/00-Portada-Cuando-nacen-los-Monstruos-mitos-del-cine-de-terror-Fernando-Vicente-copia-235x300.jpg 235w, https:\/\/www.fernandovicente.es\/wp-content\/uploads\/2022\/03\/00-Portada-Cuando-nacen-los-Monstruos-mitos-del-cine-de-terror-Fernando-Vicente-copia-768x983.jpg 768w, https:\/\/www.fernandovicente.es\/wp-content\/uploads\/2022\/03\/00-Portada-Cuando-nacen-los-Monstruos-mitos-del-cine-de-terror-Fernando-Vicente-copia-430x550.jpg 430w\" sizes=\"auto, (max-width: 800px) 100vw, 800px\" \/><\/a><figcaption>Cuando nacen los Monstruos: mitos del cine de terror<br>Alberto Gil y Fernando Vicente Lunwerg editores<\/figcaption><\/figure><\/div><p class=\"has-text-align-center\"><strong>Los monstruos<\/strong> no surgen de la nada. Son criaturas que tardamos en reconocer a trav\u00e9s de la bruma y que, antes de alcanzarnos, han hecho un largo y vacilante camino desde or\u00edgenes muy diversos. Un caso medi\u00e1tico de la cr\u00f3nica negra, un episodio hist\u00f3rico, un hallazgo cient\u00edfico, una creencia mitol\u00f3gica, un edificio maldito, una fantas\u00eda dist\u00f3pica, un trauma colectivo,&#8230; a veces cristalizan en nuestra imaginaci\u00f3n bajo una apariencia monstruosa, agudizada por un sentimiento muy familiar: <strong>el miedo.<\/strong><\/p><p class=\"has-text-align-center\">A quienes siempre se han acercado al <strong>cine de terror<\/strong> con una mezcla de escepticismo y aprensi\u00f3n, les sorprender\u00e1 la enorme influencia de las veinticinco pel\u00edculas ilustradas y rese\u00f1adas en este libro, convertidas en cl\u00e1sicos y en iconos reconocibles para todo el mundo. Su diversidad, sus fuentes de inspiraci\u00f3n (casi siempre literarias), su <strong>calidad art\u00edstica y t\u00e9cnica<\/strong> y su frecuente car\u00e1cter intemporal, justifican la existencia de fieles y multitudinarios aficionados a la irrupci\u00f3n del terror en la pantalla. Uno de los g\u00e9neros cinematogr\u00e1ficos con mayor capacidad para que nos revolvamos en nuestras butacas, nos sintamos zarandeados en nuestras emociones y no nos recuperemos tan f\u00e1cilmente tras la palabra FIN. (Alberto Gil)<\/p><div class=\"wp-block-image\"><figure class=\"aligncenter size-large\"><a href=\"https:\/\/www.fernandovicente.es\/wp-content\/uploads\/2022\/03\/Cuando-nacen-los-monstruos-mitos-del-cine-de-Terror-Alberto-Gil-y-Fernando-Vicente-Lunwerg-Editores-1.jpeg\"><img loading=\"lazy\" decoding=\"async\" width=\"1024\" height=\"612\" src=\"https:\/\/www.fernandovicente.es\/wp-content\/uploads\/2022\/03\/Cuando-nacen-los-monstruos-mitos-del-cine-de-Terror-Alberto-Gil-y-Fernando-Vicente-Lunwerg-Editores-1-1024x612.jpeg\" alt=\"Cuando nacen los Monstruos mitos del cine de terror Fernando Vicente Alberto Gil Lunwerg editores \" class=\"wp-image-11313\" srcset=\"https:\/\/www.fernandovicente.es\/wp-content\/uploads\/2022\/03\/Cuando-nacen-los-monstruos-mitos-del-cine-de-Terror-Alberto-Gil-y-Fernando-Vicente-Lunwerg-Editores-1-1024x612.jpeg 1024w, https:\/\/www.fernandovicente.es\/wp-content\/uploads\/2022\/03\/Cuando-nacen-los-monstruos-mitos-del-cine-de-Terror-Alberto-Gil-y-Fernando-Vicente-Lunwerg-Editores-1-600x359.jpeg 600w, https:\/\/www.fernandovicente.es\/wp-content\/uploads\/2022\/03\/Cuando-nacen-los-monstruos-mitos-del-cine-de-Terror-Alberto-Gil-y-Fernando-Vicente-Lunwerg-Editores-1-300x179.jpeg 300w, https:\/\/www.fernandovicente.es\/wp-content\/uploads\/2022\/03\/Cuando-nacen-los-monstruos-mitos-del-cine-de-Terror-Alberto-Gil-y-Fernando-Vicente-Lunwerg-Editores-1-768x459.jpeg 768w, https:\/\/www.fernandovicente.es\/wp-content\/uploads\/2022\/03\/Cuando-nacen-los-monstruos-mitos-del-cine-de-Terror-Alberto-Gil-y-Fernando-Vicente-Lunwerg-Editores-1-430x257.jpeg 430w, https:\/\/www.fernandovicente.es\/wp-content\/uploads\/2022\/03\/Cuando-nacen-los-monstruos-mitos-del-cine-de-Terror-Alberto-Gil-y-Fernando-Vicente-Lunwerg-Editores-1-860x514.jpeg 860w\" sizes=\"auto, (max-width: 1024px) 100vw, 1024px\" \/><\/a><figcaption>Cuando nacen los Monstruos mitos del cine de terror Fernando Vicente Alberto Gil Lunwerg editores<\/figcaption><\/figure><\/div><figure class=\"wp-block-image size-large\"><a href=\"https:\/\/www.fernandovicente.es\/wp-content\/uploads\/2022\/03\/Cuando-nacen-los-monstruos-mitos-del-cine-de-Terror-Alberto-Gil-y-Fernando-Vicente-Lunwerg-Editores-2.jpeg\"><img loading=\"lazy\" decoding=\"async\" width=\"1024\" height=\"666\" src=\"https:\/\/www.fernandovicente.es\/wp-content\/uploads\/2022\/03\/Cuando-nacen-los-monstruos-mitos-del-cine-de-Terror-Alberto-Gil-y-Fernando-Vicente-Lunwerg-Editores-2-1024x666.jpeg\" alt=\"Cuando nacen los Monstruos mitos del cine de terror Fernando Vicente Alberto Gil Lunwerg editores \" class=\"wp-image-11315\" srcset=\"https:\/\/www.fernandovicente.es\/wp-content\/uploads\/2022\/03\/Cuando-nacen-los-monstruos-mitos-del-cine-de-Terror-Alberto-Gil-y-Fernando-Vicente-Lunwerg-Editores-2-1024x666.jpeg 1024w, https:\/\/www.fernandovicente.es\/wp-content\/uploads\/2022\/03\/Cuando-nacen-los-monstruos-mitos-del-cine-de-Terror-Alberto-Gil-y-Fernando-Vicente-Lunwerg-Editores-2-600x391.jpeg 600w, https:\/\/www.fernandovicente.es\/wp-content\/uploads\/2022\/03\/Cuando-nacen-los-monstruos-mitos-del-cine-de-Terror-Alberto-Gil-y-Fernando-Vicente-Lunwerg-Editores-2-300x195.jpeg 300w, https:\/\/www.fernandovicente.es\/wp-content\/uploads\/2022\/03\/Cuando-nacen-los-monstruos-mitos-del-cine-de-Terror-Alberto-Gil-y-Fernando-Vicente-Lunwerg-Editores-2-768x500.jpeg 768w, https:\/\/www.fernandovicente.es\/wp-content\/uploads\/2022\/03\/Cuando-nacen-los-monstruos-mitos-del-cine-de-Terror-Alberto-Gil-y-Fernando-Vicente-Lunwerg-Editores-2-430x280.jpeg 430w, https:\/\/www.fernandovicente.es\/wp-content\/uploads\/2022\/03\/Cuando-nacen-los-monstruos-mitos-del-cine-de-Terror-Alberto-Gil-y-Fernando-Vicente-Lunwerg-Editores-2-860x560.jpeg 860w\" sizes=\"auto, (max-width: 1024px) 100vw, 1024px\" \/><\/a><figcaption>Mitos del cine de terror Fernando Vicente Alberto Gil Lunwerg editores <\/figcaption><\/figure><figure class=\"wp-block-image size-large\"><a href=\"https:\/\/www.fernandovicente.es\/wp-content\/uploads\/2022\/03\/Cuando-nacen-los-monstruos-mitos-del-cine-de-Terror-Alberto-Gil-y-Fernando-Vicente-Lunwerg-Editores-3.jpeg\"><img loading=\"lazy\" decoding=\"async\" width=\"1024\" height=\"443\" src=\"https:\/\/www.fernandovicente.es\/wp-content\/uploads\/2022\/03\/Cuando-nacen-los-monstruos-mitos-del-cine-de-Terror-Alberto-Gil-y-Fernando-Vicente-Lunwerg-Editores-3-1024x443.jpeg\" alt=\"Cuando nacen los Monstruos mitos del cine de terror Fernando Vicente Alberto Gil Lunwerg editores \" class=\"wp-image-11317\" srcset=\"https:\/\/www.fernandovicente.es\/wp-content\/uploads\/2022\/03\/Cuando-nacen-los-monstruos-mitos-del-cine-de-Terror-Alberto-Gil-y-Fernando-Vicente-Lunwerg-Editores-3-1024x443.jpeg 1024w, https:\/\/www.fernandovicente.es\/wp-content\/uploads\/2022\/03\/Cuando-nacen-los-monstruos-mitos-del-cine-de-Terror-Alberto-Gil-y-Fernando-Vicente-Lunwerg-Editores-3-600x260.jpeg 600w, https:\/\/www.fernandovicente.es\/wp-content\/uploads\/2022\/03\/Cuando-nacen-los-monstruos-mitos-del-cine-de-Terror-Alberto-Gil-y-Fernando-Vicente-Lunwerg-Editores-3-300x130.jpeg 300w, https:\/\/www.fernandovicente.es\/wp-content\/uploads\/2022\/03\/Cuando-nacen-los-monstruos-mitos-del-cine-de-Terror-Alberto-Gil-y-Fernando-Vicente-Lunwerg-Editores-3-768x332.jpeg 768w, https:\/\/www.fernandovicente.es\/wp-content\/uploads\/2022\/03\/Cuando-nacen-los-monstruos-mitos-del-cine-de-Terror-Alberto-Gil-y-Fernando-Vicente-Lunwerg-Editores-3-430x186.jpeg 430w, https:\/\/www.fernandovicente.es\/wp-content\/uploads\/2022\/03\/Cuando-nacen-los-monstruos-mitos-del-cine-de-Terror-Alberto-Gil-y-Fernando-Vicente-Lunwerg-Editores-3-860x372.jpeg 860w\" sizes=\"auto, (max-width: 1024px) 100vw, 1024px\" \/><\/a><figcaption>Cuando nacen los Monstruos mitos del cine de terror Fernando Vicente Alberto Gil Lunwerg editores <\/figcaption><\/figure>","protected":false},"excerpt":{"rendered":"<p>Alberto Gil | Fernando Vicente Un terror\u00edfico viaje a trav\u00e9s de las 25 pel\u00edculas m\u00e1s ic\u00f3nicas del cine del terror de todos los tiempos. Los&hellip;<\/p>\n","protected":false},"author":2,"featured_media":11323,"comment_status":"closed","ping_status":"closed","sticky":false,"template":"","format":"standard","meta":{"footnotes":""},"categories":[336],"tags":[3396,3397,3398,554,339,2962,3399,2477,3400,3401],"class_list":["post-11326","post","type-post","status-publish","format-standard","has-post-thumbnail","hentry","category-libro-ilustrado-en","tag-alberto-gil-en","tag-alien-en","tag-cine-de-terror-en","tag-dracula-en","tag-fernando-vicente-en","tag-frankenstein-en","tag-la-momia-en","tag-lunwerg-editores-en","tag-mitos-en","tag-terror-en"],"yoast_head":"<!-- This site is optimized with the Yoast SEO plugin v26.9 - https:\/\/yoast.com\/product\/yoast-seo-wordpress\/ -->\n<title>Cuando nacen los monstruos: Mitos del cine de terror - Fernando Vicente<\/title>\n<meta name=\"description\" content=\"Cuando nacen los monstruos mitos del cine de terror de Alberto Gil y Fernando Vicente Lunwerg Editores. 25 peliculas del cine de Terror\" \/>\n<meta name=\"robots\" content=\"index, follow, max-snippet:-1, max-image-preview:large, max-video-preview:-1\" \/>\n<link rel=\"canonical\" href=\"https:\/\/www.fernandovicente.es\/en\/libro-ilustrado-en\/cuando-nacen-los-monstruos-mitos-del-cine-de-terror\/\" \/>\n<meta property=\"og:locale\" content=\"en_US\" \/>\n<meta property=\"og:type\" content=\"article\" \/>\n<meta property=\"og:title\" content=\"Cuando nacen los monstruos: Mitos del cine de terror - Fernando Vicente\" \/>\n<meta property=\"og:description\" content=\"Cuando nacen los monstruos mitos del cine de terror de Alberto Gil y Fernando Vicente Lunwerg Editores. 25 peliculas del cine de Terror\" \/>\n<meta property=\"og:url\" content=\"https:\/\/www.fernandovicente.es\/en\/libro-ilustrado-en\/cuando-nacen-los-monstruos-mitos-del-cine-de-terror\/\" \/>\n<meta property=\"og:site_name\" content=\"Fernando Vicente\" \/>\n<meta property=\"article:publisher\" content=\"https:\/\/www.facebook.com\/FernandoVicenteIllustrator\/\" \/>\n<meta property=\"article:author\" content=\"https:\/\/www.facebook.com\/FernandoVicenteIllustrator\/\" \/>\n<meta property=\"article:published_time\" content=\"2022-03-14T20:31:58+00:00\" \/>\n<meta property=\"article:modified_time\" content=\"2022-03-14T20:54:13+00:00\" \/>\n<meta property=\"og:image\" content=\"https:\/\/www.fernandovicente.es\/wp-content\/uploads\/2022\/03\/Cuando-nacen-los-Monstruos-mitos-del-cine-de-terror-Fernando-Vicente-Alberto-Gil-Lunwerg-editores-.jpg\" \/>\n\t<meta property=\"og:image:width\" content=\"938\" \/>\n\t<meta property=\"og:image:height\" content=\"619\" \/>\n\t<meta property=\"og:image:type\" content=\"image\/jpeg\" \/>\n<meta name=\"author\" content=\"Fernando Vicente\" \/>\n<meta name=\"twitter:card\" content=\"summary_large_image\" \/>\n<meta name=\"twitter:creator\" content=\"@https:\/\/twitter.com\/fvicente_illust\" \/>\n<meta name=\"twitter:site\" content=\"@fvicente_illust\" \/>\n<meta name=\"twitter:label1\" content=\"Written by\" \/>\n\t<meta name=\"twitter:data1\" content=\"Fernando Vicente\" \/>\n\t<meta name=\"twitter:label2\" content=\"Est. reading time\" \/>\n\t<meta name=\"twitter:data2\" content=\"2 minutes\" \/>\n<script type=\"application\/ld+json\" class=\"yoast-schema-graph\">{\"@context\":\"https:\/\/schema.org\",\"@graph\":[{\"@type\":\"Article\",\"@id\":\"https:\/\/www.fernandovicente.es\/en\/libro-ilustrado-en\/cuando-nacen-los-monstruos-mitos-del-cine-de-terror\/#article\",\"isPartOf\":{\"@id\":\"https:\/\/www.fernandovicente.es\/en\/libro-ilustrado-en\/cuando-nacen-los-monstruos-mitos-del-cine-de-terror\/\"},\"author\":{\"name\":\"Fernando Vicente\",\"@id\":\"https:\/\/www.fernandovicente.es\/en\/#\/schema\/person\/d49677cb48f2ea656b28261dd8f75d7f\"},\"headline\":\"Cuando nacen los monstruos: Mitos del cine de terror\",\"datePublished\":\"2022-03-14T20:31:58+00:00\",\"dateModified\":\"2022-03-14T20:54:13+00:00\",\"mainEntityOfPage\":{\"@id\":\"https:\/\/www.fernandovicente.es\/en\/libro-ilustrado-en\/cuando-nacen-los-monstruos-mitos-del-cine-de-terror\/\"},\"wordCount\":302,\"publisher\":{\"@id\":\"https:\/\/www.fernandovicente.es\/en\/#\/schema\/person\/d49677cb48f2ea656b28261dd8f75d7f\"},\"image\":{\"@id\":\"https:\/\/www.fernandovicente.es\/en\/libro-ilustrado-en\/cuando-nacen-los-monstruos-mitos-del-cine-de-terror\/#primaryimage\"},\"thumbnailUrl\":\"https:\/\/www.fernandovicente.es\/wp-content\/uploads\/2022\/03\/Cuando-nacen-los-Monstruos-mitos-del-cine-de-terror-Fernando-Vicente-Alberto-Gil-Lunwerg-editores-.jpg\",\"keywords\":[\"alberto gil\",\"alien\",\"cine de terror\",\"Dracula\",\"Fernando Vicente\",\"Frankenstein\",\"la momia\",\"lunwerg editores\",\"mitos\",\"terror\"],\"articleSection\":[\"illustrated boook\"],\"inLanguage\":\"en-US\"},{\"@type\":\"WebPage\",\"@id\":\"https:\/\/www.fernandovicente.es\/en\/libro-ilustrado-en\/cuando-nacen-los-monstruos-mitos-del-cine-de-terror\/\",\"url\":\"https:\/\/www.fernandovicente.es\/en\/libro-ilustrado-en\/cuando-nacen-los-monstruos-mitos-del-cine-de-terror\/\",\"name\":\"Cuando nacen los monstruos: Mitos del cine de terror - Fernando Vicente\",\"isPartOf\":{\"@id\":\"https:\/\/www.fernandovicente.es\/en\/#website\"},\"primaryImageOfPage\":{\"@id\":\"https:\/\/www.fernandovicente.es\/en\/libro-ilustrado-en\/cuando-nacen-los-monstruos-mitos-del-cine-de-terror\/#primaryimage\"},\"image\":{\"@id\":\"https:\/\/www.fernandovicente.es\/en\/libro-ilustrado-en\/cuando-nacen-los-monstruos-mitos-del-cine-de-terror\/#primaryimage\"},\"thumbnailUrl\":\"https:\/\/www.fernandovicente.es\/wp-content\/uploads\/2022\/03\/Cuando-nacen-los-Monstruos-mitos-del-cine-de-terror-Fernando-Vicente-Alberto-Gil-Lunwerg-editores-.jpg\",\"datePublished\":\"2022-03-14T20:31:58+00:00\",\"dateModified\":\"2022-03-14T20:54:13+00:00\",\"description\":\"Cuando nacen los monstruos mitos del cine de terror de Alberto Gil y Fernando Vicente Lunwerg Editores. 25 peliculas del cine de Terror\",\"breadcrumb\":{\"@id\":\"https:\/\/www.fernandovicente.es\/en\/libro-ilustrado-en\/cuando-nacen-los-monstruos-mitos-del-cine-de-terror\/#breadcrumb\"},\"inLanguage\":\"en-US\",\"potentialAction\":[{\"@type\":\"ReadAction\",\"target\":[\"https:\/\/www.fernandovicente.es\/en\/libro-ilustrado-en\/cuando-nacen-los-monstruos-mitos-del-cine-de-terror\/\"]}]},{\"@type\":\"ImageObject\",\"inLanguage\":\"en-US\",\"@id\":\"https:\/\/www.fernandovicente.es\/en\/libro-ilustrado-en\/cuando-nacen-los-monstruos-mitos-del-cine-de-terror\/#primaryimage\",\"url\":\"https:\/\/www.fernandovicente.es\/wp-content\/uploads\/2022\/03\/Cuando-nacen-los-Monstruos-mitos-del-cine-de-terror-Fernando-Vicente-Alberto-Gil-Lunwerg-editores-.jpg\",\"contentUrl\":\"https:\/\/www.fernandovicente.es\/wp-content\/uploads\/2022\/03\/Cuando-nacen-los-Monstruos-mitos-del-cine-de-terror-Fernando-Vicente-Alberto-Gil-Lunwerg-editores-.jpg\",\"width\":938,\"height\":619,\"caption\":\"Cuando nacen los Monstruos mitos del cine de terror Fernando Vicente Alberto Gil Lunwerg editores\"},{\"@type\":\"BreadcrumbList\",\"@id\":\"https:\/\/www.fernandovicente.es\/en\/libro-ilustrado-en\/cuando-nacen-los-monstruos-mitos-del-cine-de-terror\/#breadcrumb\",\"itemListElement\":[{\"@type\":\"ListItem\",\"position\":1,\"name\":\"Portada\",\"item\":\"https:\/\/www.fernandovicente.es\/en\/\"},{\"@type\":\"ListItem\",\"position\":2,\"name\":\"Cuando nacen los monstruos: Mitos del cine de terror\"}]},{\"@type\":\"WebSite\",\"@id\":\"https:\/\/www.fernandovicente.es\/en\/#website\",\"url\":\"https:\/\/www.fernandovicente.es\/en\/\",\"name\":\"Fernando Vicente\",\"description\":\"Ilustraci\u00f3n\",\"publisher\":{\"@id\":\"https:\/\/www.fernandovicente.es\/en\/#\/schema\/person\/d49677cb48f2ea656b28261dd8f75d7f\"},\"potentialAction\":[{\"@type\":\"SearchAction\",\"target\":{\"@type\":\"EntryPoint\",\"urlTemplate\":\"https:\/\/www.fernandovicente.es\/en\/?s={search_term_string}\"},\"query-input\":{\"@type\":\"PropertyValueSpecification\",\"valueRequired\":true,\"valueName\":\"search_term_string\"}}],\"inLanguage\":\"en-US\"},{\"@type\":[\"Person\",\"Organization\"],\"@id\":\"https:\/\/www.fernandovicente.es\/en\/#\/schema\/person\/d49677cb48f2ea656b28261dd8f75d7f\",\"name\":\"Fernando Vicente\",\"image\":{\"@type\":\"ImageObject\",\"inLanguage\":\"en-US\",\"@id\":\"https:\/\/www.fernandovicente.es\/en\/#\/schema\/person\/image\/\",\"url\":\"https:\/\/www.fernandovicente.es\/wp-content\/uploads\/2014\/11\/fernando-vicente-Foto-e1419619123418.jpg\",\"contentUrl\":\"https:\/\/www.fernandovicente.es\/wp-content\/uploads\/2014\/11\/fernando-vicente-Foto-e1419619123418.jpg\",\"width\":300,\"height\":300,\"caption\":\"Fernando Vicente\"},\"logo\":{\"@id\":\"https:\/\/www.fernandovicente.es\/en\/#\/schema\/person\/image\/\"},\"description\":\"Fernando Vicente - Painter &amp; illustrator\",\"sameAs\":[\"http:\/\/www.fernandovicente.es\",\"https:\/\/www.facebook.com\/FernandoVicenteIllustrator\/\",\"https:\/\/www.instagram.com\/fvicente_illust\/\",\"https:\/\/www.linkedin.com\/in\/fernando-vicente-97595012\",\"https:\/\/www.pinterest.es\/FVicente_illust\/\",\"https:\/\/x.com\/https:\/\/twitter.com\/fvicente_illust\"]}]}<\/script>\n<!-- \/ Yoast SEO plugin. -->","yoast_head_json":{"title":"Cuando nacen los monstruos: Mitos del cine de terror - Fernando Vicente","description":"Cuando nacen los monstruos mitos del cine de terror de Alberto Gil y Fernando Vicente Lunwerg Editores. 25 peliculas del cine de Terror","robots":{"index":"index","follow":"follow","max-snippet":"max-snippet:-1","max-image-preview":"max-image-preview:large","max-video-preview":"max-video-preview:-1"},"canonical":"https:\/\/www.fernandovicente.es\/en\/libro-ilustrado-en\/cuando-nacen-los-monstruos-mitos-del-cine-de-terror\/","og_locale":"en_US","og_type":"article","og_title":"Cuando nacen los monstruos: Mitos del cine de terror - Fernando Vicente","og_description":"Cuando nacen los monstruos mitos del cine de terror de Alberto Gil y Fernando Vicente Lunwerg Editores. 25 peliculas del cine de Terror","og_url":"https:\/\/www.fernandovicente.es\/en\/libro-ilustrado-en\/cuando-nacen-los-monstruos-mitos-del-cine-de-terror\/","og_site_name":"Fernando Vicente","article_publisher":"https:\/\/www.facebook.com\/FernandoVicenteIllustrator\/","article_author":"https:\/\/www.facebook.com\/FernandoVicenteIllustrator\/","article_published_time":"2022-03-14T20:31:58+00:00","article_modified_time":"2022-03-14T20:54:13+00:00","og_image":[{"width":938,"height":619,"url":"https:\/\/www.fernandovicente.es\/wp-content\/uploads\/2022\/03\/Cuando-nacen-los-Monstruos-mitos-del-cine-de-terror-Fernando-Vicente-Alberto-Gil-Lunwerg-editores-.jpg","type":"image\/jpeg"}],"author":"Fernando Vicente","twitter_card":"summary_large_image","twitter_creator":"@https:\/\/twitter.com\/fvicente_illust","twitter_site":"@fvicente_illust","twitter_misc":{"Written by":"Fernando Vicente","Est. reading time":"2 minutes"},"schema":{"@context":"https:\/\/schema.org","@graph":[{"@type":"Article","@id":"https:\/\/www.fernandovicente.es\/en\/libro-ilustrado-en\/cuando-nacen-los-monstruos-mitos-del-cine-de-terror\/#article","isPartOf":{"@id":"https:\/\/www.fernandovicente.es\/en\/libro-ilustrado-en\/cuando-nacen-los-monstruos-mitos-del-cine-de-terror\/"},"author":{"name":"Fernando Vicente","@id":"https:\/\/www.fernandovicente.es\/en\/#\/schema\/person\/d49677cb48f2ea656b28261dd8f75d7f"},"headline":"Cuando nacen los monstruos: Mitos del cine de terror","datePublished":"2022-03-14T20:31:58+00:00","dateModified":"2022-03-14T20:54:13+00:00","mainEntityOfPage":{"@id":"https:\/\/www.fernandovicente.es\/en\/libro-ilustrado-en\/cuando-nacen-los-monstruos-mitos-del-cine-de-terror\/"},"wordCount":302,"publisher":{"@id":"https:\/\/www.fernandovicente.es\/en\/#\/schema\/person\/d49677cb48f2ea656b28261dd8f75d7f"},"image":{"@id":"https:\/\/www.fernandovicente.es\/en\/libro-ilustrado-en\/cuando-nacen-los-monstruos-mitos-del-cine-de-terror\/#primaryimage"},"thumbnailUrl":"https:\/\/www.fernandovicente.es\/wp-content\/uploads\/2022\/03\/Cuando-nacen-los-Monstruos-mitos-del-cine-de-terror-Fernando-Vicente-Alberto-Gil-Lunwerg-editores-.jpg","keywords":["alberto gil","alien","cine de terror","Dracula","Fernando Vicente","Frankenstein","la momia","lunwerg editores","mitos","terror"],"articleSection":["illustrated boook"],"inLanguage":"en-US"},{"@type":"WebPage","@id":"https:\/\/www.fernandovicente.es\/en\/libro-ilustrado-en\/cuando-nacen-los-monstruos-mitos-del-cine-de-terror\/","url":"https:\/\/www.fernandovicente.es\/en\/libro-ilustrado-en\/cuando-nacen-los-monstruos-mitos-del-cine-de-terror\/","name":"Cuando nacen los monstruos: Mitos del cine de terror - Fernando Vicente","isPartOf":{"@id":"https:\/\/www.fernandovicente.es\/en\/#website"},"primaryImageOfPage":{"@id":"https:\/\/www.fernandovicente.es\/en\/libro-ilustrado-en\/cuando-nacen-los-monstruos-mitos-del-cine-de-terror\/#primaryimage"},"image":{"@id":"https:\/\/www.fernandovicente.es\/en\/libro-ilustrado-en\/cuando-nacen-los-monstruos-mitos-del-cine-de-terror\/#primaryimage"},"thumbnailUrl":"https:\/\/www.fernandovicente.es\/wp-content\/uploads\/2022\/03\/Cuando-nacen-los-Monstruos-mitos-del-cine-de-terror-Fernando-Vicente-Alberto-Gil-Lunwerg-editores-.jpg","datePublished":"2022-03-14T20:31:58+00:00","dateModified":"2022-03-14T20:54:13+00:00","description":"Cuando nacen los monstruos mitos del cine de terror de Alberto Gil y Fernando Vicente Lunwerg Editores. 25 peliculas del cine de Terror","breadcrumb":{"@id":"https:\/\/www.fernandovicente.es\/en\/libro-ilustrado-en\/cuando-nacen-los-monstruos-mitos-del-cine-de-terror\/#breadcrumb"},"inLanguage":"en-US","potentialAction":[{"@type":"ReadAction","target":["https:\/\/www.fernandovicente.es\/en\/libro-ilustrado-en\/cuando-nacen-los-monstruos-mitos-del-cine-de-terror\/"]}]},{"@type":"ImageObject","inLanguage":"en-US","@id":"https:\/\/www.fernandovicente.es\/en\/libro-ilustrado-en\/cuando-nacen-los-monstruos-mitos-del-cine-de-terror\/#primaryimage","url":"https:\/\/www.fernandovicente.es\/wp-content\/uploads\/2022\/03\/Cuando-nacen-los-Monstruos-mitos-del-cine-de-terror-Fernando-Vicente-Alberto-Gil-Lunwerg-editores-.jpg","contentUrl":"https:\/\/www.fernandovicente.es\/wp-content\/uploads\/2022\/03\/Cuando-nacen-los-Monstruos-mitos-del-cine-de-terror-Fernando-Vicente-Alberto-Gil-Lunwerg-editores-.jpg","width":938,"height":619,"caption":"Cuando nacen los Monstruos mitos del cine de terror Fernando Vicente Alberto Gil Lunwerg editores"},{"@type":"BreadcrumbList","@id":"https:\/\/www.fernandovicente.es\/en\/libro-ilustrado-en\/cuando-nacen-los-monstruos-mitos-del-cine-de-terror\/#breadcrumb","itemListElement":[{"@type":"ListItem","position":1,"name":"Portada","item":"https:\/\/www.fernandovicente.es\/en\/"},{"@type":"ListItem","position":2,"name":"Cuando nacen los monstruos: Mitos del cine de terror"}]},{"@type":"WebSite","@id":"https:\/\/www.fernandovicente.es\/en\/#website","url":"https:\/\/www.fernandovicente.es\/en\/","name":"Fernando Vicente","description":"Ilustraci\u00f3n","publisher":{"@id":"https:\/\/www.fernandovicente.es\/en\/#\/schema\/person\/d49677cb48f2ea656b28261dd8f75d7f"},"potentialAction":[{"@type":"SearchAction","target":{"@type":"EntryPoint","urlTemplate":"https:\/\/www.fernandovicente.es\/en\/?s={search_term_string}"},"query-input":{"@type":"PropertyValueSpecification","valueRequired":true,"valueName":"search_term_string"}}],"inLanguage":"en-US"},{"@type":["Person","Organization"],"@id":"https:\/\/www.fernandovicente.es\/en\/#\/schema\/person\/d49677cb48f2ea656b28261dd8f75d7f","name":"Fernando Vicente","image":{"@type":"ImageObject","inLanguage":"en-US","@id":"https:\/\/www.fernandovicente.es\/en\/#\/schema\/person\/image\/","url":"https:\/\/www.fernandovicente.es\/wp-content\/uploads\/2014\/11\/fernando-vicente-Foto-e1419619123418.jpg","contentUrl":"https:\/\/www.fernandovicente.es\/wp-content\/uploads\/2014\/11\/fernando-vicente-Foto-e1419619123418.jpg","width":300,"height":300,"caption":"Fernando Vicente"},"logo":{"@id":"https:\/\/www.fernandovicente.es\/en\/#\/schema\/person\/image\/"},"description":"Fernando Vicente - Painter &amp; illustrator","sameAs":["http:\/\/www.fernandovicente.es","https:\/\/www.facebook.com\/FernandoVicenteIllustrator\/","https:\/\/www.instagram.com\/fvicente_illust\/","https:\/\/www.linkedin.com\/in\/fernando-vicente-97595012","https:\/\/www.pinterest.es\/FVicente_illust\/","https:\/\/x.com\/https:\/\/twitter.com\/fvicente_illust"]}]}},"_links":{"self":[{"href":"https:\/\/www.fernandovicente.es\/en\/wp-json\/wp\/v2\/posts\/11326","targetHints":{"allow":["GET"]}}],"collection":[{"href":"https:\/\/www.fernandovicente.es\/en\/wp-json\/wp\/v2\/posts"}],"about":[{"href":"https:\/\/www.fernandovicente.es\/en\/wp-json\/wp\/v2\/types\/post"}],"author":[{"embeddable":true,"href":"https:\/\/www.fernandovicente.es\/en\/wp-json\/wp\/v2\/users\/2"}],"replies":[{"embeddable":true,"href":"https:\/\/www.fernandovicente.es\/en\/wp-json\/wp\/v2\/comments?post=11326"}],"version-history":[{"count":1,"href":"https:\/\/www.fernandovicente.es\/en\/wp-json\/wp\/v2\/posts\/11326\/revisions"}],"predecessor-version":[{"id":11329,"href":"https:\/\/www.fernandovicente.es\/en\/wp-json\/wp\/v2\/posts\/11326\/revisions\/11329"}],"wp:featuredmedia":[{"embeddable":true,"href":"https:\/\/www.fernandovicente.es\/en\/wp-json\/wp\/v2\/media\/11323"}],"wp:attachment":[{"href":"https:\/\/www.fernandovicente.es\/en\/wp-json\/wp\/v2\/media?parent=11326"}],"wp:term":[{"taxonomy":"category","embeddable":true,"href":"https:\/\/www.fernandovicente.es\/en\/wp-json\/wp\/v2\/categories?post=11326"},{"taxonomy":"post_tag","embeddable":true,"href":"https:\/\/www.fernandovicente.es\/en\/wp-json\/wp\/v2\/tags?post=11326"}],"curies":[{"name":"wp","href":"https:\/\/api.w.org\/{rel}","templated":true}]}}