{"id":12380,"date":"2022-11-23T14:41:07","date_gmt":"2022-11-23T12:41:07","guid":{"rendered":"https:\/\/www.fernandovicente.es\/sin-categoria-en\/el-arte-de-fernando-vicente\/"},"modified":"2022-12-12T21:41:38","modified_gmt":"2022-12-12T19:41:38","slug":"el-arte-de-fernando-vicente","status":"publish","type":"post","link":"https:\/\/www.fernandovicente.es\/en\/illustration\/el-arte-de-fernando-vicente\/","title":{"rendered":"EL ARTE DE FERNANDO VICENTE"},"content":{"rendered":"<h2 class=\"has-text-align-center wp-block-heading\" id=\"h-libro-el-arte-de-fernando-vicente\"><a href=\"https:\/\/www.normaeditorial.com\/ficha\/libros-ilustrados\/el-arte-de-fernando-vicente\">Libro EL ARTE DE FERNANDO VICENTE<\/a><\/h2><figure class=\"wp-block-image size-large\"><a href=\"https:\/\/www.fernandovicente.es\/wp-content\/uploads\/2022\/11\/CV-EL-ARTE-DE-FERNANDO-VICENTE-Portada-copia.jpg\"><img loading=\"lazy\" decoding=\"async\" width=\"863\" height=\"1024\" src=\"https:\/\/www.fernandovicente.es\/wp-content\/uploads\/2022\/11\/CV-EL-ARTE-DE-FERNANDO-VICENTE-Portada-copia-863x1024.jpg\" alt=\"EL ARTE DE FERNANDO VICENTE \" class=\"wp-image-12371\" srcset=\"https:\/\/www.fernandovicente.es\/wp-content\/uploads\/2022\/11\/CV-EL-ARTE-DE-FERNANDO-VICENTE-Portada-copia-863x1024.jpg 863w, https:\/\/www.fernandovicente.es\/wp-content\/uploads\/2022\/11\/CV-EL-ARTE-DE-FERNANDO-VICENTE-Portada-copia-253x300.jpg 253w, https:\/\/www.fernandovicente.es\/wp-content\/uploads\/2022\/11\/CV-EL-ARTE-DE-FERNANDO-VICENTE-Portada-copia-768x911.jpg 768w, https:\/\/www.fernandovicente.es\/wp-content\/uploads\/2022\/11\/CV-EL-ARTE-DE-FERNANDO-VICENTE-Portada-copia-430x510.jpg 430w, https:\/\/www.fernandovicente.es\/wp-content\/uploads\/2022\/11\/CV-EL-ARTE-DE-FERNANDO-VICENTE-Portada-copia-860x1021.jpg 860w, https:\/\/www.fernandovicente.es\/wp-content\/uploads\/2022\/11\/CV-EL-ARTE-DE-FERNANDO-VICENTE-Portada-copia-600x712.jpg 600w\" sizes=\"auto, (max-width: 863px) 100vw, 863px\" \/><\/a><figcaption>EL ARTE DE FERNANDO VICENTE <\/figcaption><\/figure><p class=\"has-text-align-center\">Fernando Vicente es una figura esencial en la esfera delcartelismo y de la ilustraci\u00f3n. Cuarenta a\u00f1os de carrera lo avalan como uno de los mejores dibujantes espa\u00f1oles de todos los tiempos. Siempre selecto, siempre armonioso, siempre fresco, es un palad\u00edn de la elegancia que ha ilustrado cl\u00e1sicos imperecederos y ha colaborado con las publicaciones m\u00e1s exigentes.<\/p>","protected":false},"excerpt":{"rendered":"<p>Libro EL ARTE DE FERNANDO VICENTE Fernando Vicente es una figura esencial en la esfera delcartelismo y de la ilustraci\u00f3n. Cuarenta a\u00f1os de carrera lo&hellip;<\/p>\n","protected":false},"author":2,"featured_media":12376,"comment_status":"closed","ping_status":"closed","sticky":false,"template":"","format":"standard","meta":{"footnotes":""},"categories":[3579,1903,3011,166,2558,3567,1227,1962],"tags":[3568,2349,2356,3569,1905,339,1906,3570,3571,3572,1250,3573],"class_list":["post-12380","post","type-post","status-publish","format-standard","has-post-thumbnail","hentry","category-libro-de-arte-en","category-feria-del-libro-en","category-gentleman-en","category-illustration","category-madrid-en","category-pintura-en","category-retratos-en","category-cartel-en","tag-arte-en","tag-cartel-en","tag-cartel-feria-de-otono-en","tag-carteles-en","tag-feria-del-libro-de-madrid-en","tag-fernando-vicente-en","tag-fernandovicente-en","tag-ilustracion-en","tag-obra-pictorica-en","tag-portadas-en","tag-retratos-en","tag-trayectoria-en"],"yoast_head":"<!-- This site is optimized with the Yoast SEO plugin v26.9 - https:\/\/yoast.com\/product\/yoast-seo-wordpress\/ -->\n<title>EL ARTE DE FERNANDO VICENTE - Fernando Vicente<\/title>\n<meta name=\"description\" content=\"EL ARTE DE FERNANDO VICENTE. El arte de Fernando Vicente celebra su trayectoria con un repaso a su obra, ilustraciones y obra pict\u00f3rica\" \/>\n<meta name=\"robots\" content=\"index, follow, max-snippet:-1, max-image-preview:large, max-video-preview:-1\" \/>\n<link rel=\"canonical\" href=\"https:\/\/www.fernandovicente.es\/en\/illustration\/el-arte-de-fernando-vicente\/\" \/>\n<meta property=\"og:locale\" content=\"en_US\" \/>\n<meta property=\"og:type\" content=\"article\" \/>\n<meta property=\"og:title\" content=\"EL ARTE DE FERNANDO VICENTE - Fernando Vicente\" \/>\n<meta property=\"og:description\" content=\"EL ARTE DE FERNANDO VICENTE. El arte de Fernando Vicente celebra su trayectoria con un repaso a su obra, ilustraciones y obra pict\u00f3rica\" \/>\n<meta property=\"og:url\" content=\"https:\/\/www.fernandovicente.es\/en\/illustration\/el-arte-de-fernando-vicente\/\" \/>\n<meta property=\"og:site_name\" content=\"Fernando Vicente\" \/>\n<meta property=\"article:publisher\" content=\"https:\/\/www.facebook.com\/FernandoVicenteIllustrator\/\" \/>\n<meta property=\"article:author\" content=\"https:\/\/www.facebook.com\/FernandoVicenteIllustrator\/\" \/>\n<meta property=\"article:published_time\" content=\"2022-11-23T12:41:07+00:00\" \/>\n<meta property=\"article:modified_time\" content=\"2022-12-12T19:41:38+00:00\" \/>\n<meta property=\"og:image\" content=\"https:\/\/www.fernandovicente.es\/wp-content\/uploads\/2022\/11\/EL-ARTE-DE-FERNANDO-VICENTE-Libro-Norma-Editorial.jpg\" \/>\n\t<meta property=\"og:image:width\" content=\"1200\" \/>\n\t<meta property=\"og:image:height\" content=\"815\" \/>\n\t<meta property=\"og:image:type\" content=\"image\/jpeg\" \/>\n<meta name=\"author\" content=\"Fernando Vicente\" \/>\n<meta name=\"twitter:card\" content=\"summary_large_image\" \/>\n<meta name=\"twitter:creator\" content=\"@https:\/\/twitter.com\/fvicente_illust\" \/>\n<meta name=\"twitter:site\" content=\"@fvicente_illust\" \/>\n<meta name=\"twitter:label1\" content=\"Written by\" \/>\n\t<meta name=\"twitter:data1\" content=\"Fernando Vicente\" \/>\n\t<meta name=\"twitter:label2\" content=\"Est. reading time\" \/>\n\t<meta name=\"twitter:data2\" content=\"1 minute\" \/>\n<script type=\"application\/ld+json\" class=\"yoast-schema-graph\">{\"@context\":\"https:\/\/schema.org\",\"@graph\":[{\"@type\":\"Article\",\"@id\":\"https:\/\/www.fernandovicente.es\/en\/illustration\/el-arte-de-fernando-vicente\/#article\",\"isPartOf\":{\"@id\":\"https:\/\/www.fernandovicente.es\/en\/illustration\/el-arte-de-fernando-vicente\/\"},\"author\":{\"name\":\"Fernando Vicente\",\"@id\":\"https:\/\/www.fernandovicente.es\/en\/#\/schema\/person\/d49677cb48f2ea656b28261dd8f75d7f\"},\"headline\":\"EL ARTE DE FERNANDO VICENTE\",\"datePublished\":\"2022-11-23T12:41:07+00:00\",\"dateModified\":\"2022-12-12T19:41:38+00:00\",\"mainEntityOfPage\":{\"@id\":\"https:\/\/www.fernandovicente.es\/en\/illustration\/el-arte-de-fernando-vicente\/\"},\"wordCount\":78,\"publisher\":{\"@id\":\"https:\/\/www.fernandovicente.es\/en\/#\/schema\/person\/d49677cb48f2ea656b28261dd8f75d7f\"},\"image\":{\"@id\":\"https:\/\/www.fernandovicente.es\/en\/illustration\/el-arte-de-fernando-vicente\/#primaryimage\"},\"thumbnailUrl\":\"https:\/\/www.fernandovicente.es\/wp-content\/uploads\/2022\/11\/EL-ARTE-DE-FERNANDO-VICENTE-Libro-Norma-Editorial.jpg\",\"keywords\":[\"Arte\",\"cartel\",\"cartel feria de oto\u00f1o\",\"carteles\",\"Feria del Libro de Madrid\",\"Fernando Vicente\",\"FernandoVicente\",\"ilustracion\",\"obra pictorica\",\"portadas\",\"Retratos\",\"trayectoria\"],\"articleSection\":[\"Art Book\",\"Book Fair\",\"Gentleman\",\"Illustration\",\"Madrid\",\"Pintura\",\"Portraits\",\"Poster\"],\"inLanguage\":\"en-US\"},{\"@type\":\"WebPage\",\"@id\":\"https:\/\/www.fernandovicente.es\/en\/illustration\/el-arte-de-fernando-vicente\/\",\"url\":\"https:\/\/www.fernandovicente.es\/en\/illustration\/el-arte-de-fernando-vicente\/\",\"name\":\"EL ARTE DE FERNANDO VICENTE - Fernando Vicente\",\"isPartOf\":{\"@id\":\"https:\/\/www.fernandovicente.es\/en\/#website\"},\"primaryImageOfPage\":{\"@id\":\"https:\/\/www.fernandovicente.es\/en\/illustration\/el-arte-de-fernando-vicente\/#primaryimage\"},\"image\":{\"@id\":\"https:\/\/www.fernandovicente.es\/en\/illustration\/el-arte-de-fernando-vicente\/#primaryimage\"},\"thumbnailUrl\":\"https:\/\/www.fernandovicente.es\/wp-content\/uploads\/2022\/11\/EL-ARTE-DE-FERNANDO-VICENTE-Libro-Norma-Editorial.jpg\",\"datePublished\":\"2022-11-23T12:41:07+00:00\",\"dateModified\":\"2022-12-12T19:41:38+00:00\",\"description\":\"EL ARTE DE FERNANDO VICENTE. El arte de Fernando Vicente celebra su trayectoria con un repaso a su obra, ilustraciones y obra pict\u00f3rica\",\"breadcrumb\":{\"@id\":\"https:\/\/www.fernandovicente.es\/en\/illustration\/el-arte-de-fernando-vicente\/#breadcrumb\"},\"inLanguage\":\"en-US\",\"potentialAction\":[{\"@type\":\"ReadAction\",\"target\":[\"https:\/\/www.fernandovicente.es\/en\/illustration\/el-arte-de-fernando-vicente\/\"]}]},{\"@type\":\"ImageObject\",\"inLanguage\":\"en-US\",\"@id\":\"https:\/\/www.fernandovicente.es\/en\/illustration\/el-arte-de-fernando-vicente\/#primaryimage\",\"url\":\"https:\/\/www.fernandovicente.es\/wp-content\/uploads\/2022\/11\/EL-ARTE-DE-FERNANDO-VICENTE-Libro-Norma-Editorial.jpg\",\"contentUrl\":\"https:\/\/www.fernandovicente.es\/wp-content\/uploads\/2022\/11\/EL-ARTE-DE-FERNANDO-VICENTE-Libro-Norma-Editorial.jpg\",\"width\":1200,\"height\":815,\"caption\":\"EL ARTE DE FERNANDO VICENTE Libro Norma Editorial\"},{\"@type\":\"BreadcrumbList\",\"@id\":\"https:\/\/www.fernandovicente.es\/en\/illustration\/el-arte-de-fernando-vicente\/#breadcrumb\",\"itemListElement\":[{\"@type\":\"ListItem\",\"position\":1,\"name\":\"Portada\",\"item\":\"https:\/\/www.fernandovicente.es\/en\/\"},{\"@type\":\"ListItem\",\"position\":2,\"name\":\"EL ARTE DE FERNANDO VICENTE\"}]},{\"@type\":\"WebSite\",\"@id\":\"https:\/\/www.fernandovicente.es\/en\/#website\",\"url\":\"https:\/\/www.fernandovicente.es\/en\/\",\"name\":\"Fernando Vicente\",\"description\":\"Ilustraci\u00f3n\",\"publisher\":{\"@id\":\"https:\/\/www.fernandovicente.es\/en\/#\/schema\/person\/d49677cb48f2ea656b28261dd8f75d7f\"},\"potentialAction\":[{\"@type\":\"SearchAction\",\"target\":{\"@type\":\"EntryPoint\",\"urlTemplate\":\"https:\/\/www.fernandovicente.es\/en\/?s={search_term_string}\"},\"query-input\":{\"@type\":\"PropertyValueSpecification\",\"valueRequired\":true,\"valueName\":\"search_term_string\"}}],\"inLanguage\":\"en-US\"},{\"@type\":[\"Person\",\"Organization\"],\"@id\":\"https:\/\/www.fernandovicente.es\/en\/#\/schema\/person\/d49677cb48f2ea656b28261dd8f75d7f\",\"name\":\"Fernando Vicente\",\"image\":{\"@type\":\"ImageObject\",\"inLanguage\":\"en-US\",\"@id\":\"https:\/\/www.fernandovicente.es\/en\/#\/schema\/person\/image\/\",\"url\":\"https:\/\/www.fernandovicente.es\/wp-content\/uploads\/2014\/11\/fernando-vicente-Foto-e1419619123418.jpg\",\"contentUrl\":\"https:\/\/www.fernandovicente.es\/wp-content\/uploads\/2014\/11\/fernando-vicente-Foto-e1419619123418.jpg\",\"width\":300,\"height\":300,\"caption\":\"Fernando Vicente\"},\"logo\":{\"@id\":\"https:\/\/www.fernandovicente.es\/en\/#\/schema\/person\/image\/\"},\"description\":\"Fernando Vicente - Painter &amp; illustrator\",\"sameAs\":[\"http:\/\/www.fernandovicente.es\",\"https:\/\/www.facebook.com\/FernandoVicenteIllustrator\/\",\"https:\/\/www.instagram.com\/fvicente_illust\/\",\"https:\/\/www.linkedin.com\/in\/fernando-vicente-97595012\",\"https:\/\/www.pinterest.es\/FVicente_illust\/\",\"https:\/\/x.com\/https:\/\/twitter.com\/fvicente_illust\"]}]}<\/script>\n<!-- \/ Yoast SEO plugin. -->","yoast_head_json":{"title":"EL ARTE DE FERNANDO VICENTE - Fernando Vicente","description":"EL ARTE DE FERNANDO VICENTE. El arte de Fernando Vicente celebra su trayectoria con un repaso a su obra, ilustraciones y obra pict\u00f3rica","robots":{"index":"index","follow":"follow","max-snippet":"max-snippet:-1","max-image-preview":"max-image-preview:large","max-video-preview":"max-video-preview:-1"},"canonical":"https:\/\/www.fernandovicente.es\/en\/illustration\/el-arte-de-fernando-vicente\/","og_locale":"en_US","og_type":"article","og_title":"EL ARTE DE FERNANDO VICENTE - Fernando Vicente","og_description":"EL ARTE DE FERNANDO VICENTE. El arte de Fernando Vicente celebra su trayectoria con un repaso a su obra, ilustraciones y obra pict\u00f3rica","og_url":"https:\/\/www.fernandovicente.es\/en\/illustration\/el-arte-de-fernando-vicente\/","og_site_name":"Fernando Vicente","article_publisher":"https:\/\/www.facebook.com\/FernandoVicenteIllustrator\/","article_author":"https:\/\/www.facebook.com\/FernandoVicenteIllustrator\/","article_published_time":"2022-11-23T12:41:07+00:00","article_modified_time":"2022-12-12T19:41:38+00:00","og_image":[{"width":1200,"height":815,"url":"https:\/\/www.fernandovicente.es\/wp-content\/uploads\/2022\/11\/EL-ARTE-DE-FERNANDO-VICENTE-Libro-Norma-Editorial.jpg","type":"image\/jpeg"}],"author":"Fernando Vicente","twitter_card":"summary_large_image","twitter_creator":"@https:\/\/twitter.com\/fvicente_illust","twitter_site":"@fvicente_illust","twitter_misc":{"Written by":"Fernando Vicente","Est. reading time":"1 minute"},"schema":{"@context":"https:\/\/schema.org","@graph":[{"@type":"Article","@id":"https:\/\/www.fernandovicente.es\/en\/illustration\/el-arte-de-fernando-vicente\/#article","isPartOf":{"@id":"https:\/\/www.fernandovicente.es\/en\/illustration\/el-arte-de-fernando-vicente\/"},"author":{"name":"Fernando Vicente","@id":"https:\/\/www.fernandovicente.es\/en\/#\/schema\/person\/d49677cb48f2ea656b28261dd8f75d7f"},"headline":"EL ARTE DE FERNANDO VICENTE","datePublished":"2022-11-23T12:41:07+00:00","dateModified":"2022-12-12T19:41:38+00:00","mainEntityOfPage":{"@id":"https:\/\/www.fernandovicente.es\/en\/illustration\/el-arte-de-fernando-vicente\/"},"wordCount":78,"publisher":{"@id":"https:\/\/www.fernandovicente.es\/en\/#\/schema\/person\/d49677cb48f2ea656b28261dd8f75d7f"},"image":{"@id":"https:\/\/www.fernandovicente.es\/en\/illustration\/el-arte-de-fernando-vicente\/#primaryimage"},"thumbnailUrl":"https:\/\/www.fernandovicente.es\/wp-content\/uploads\/2022\/11\/EL-ARTE-DE-FERNANDO-VICENTE-Libro-Norma-Editorial.jpg","keywords":["Arte","cartel","cartel feria de oto\u00f1o","carteles","Feria del Libro de Madrid","Fernando Vicente","FernandoVicente","ilustracion","obra pictorica","portadas","Retratos","trayectoria"],"articleSection":["Art Book","Book Fair","Gentleman","Illustration","Madrid","Pintura","Portraits","Poster"],"inLanguage":"en-US"},{"@type":"WebPage","@id":"https:\/\/www.fernandovicente.es\/en\/illustration\/el-arte-de-fernando-vicente\/","url":"https:\/\/www.fernandovicente.es\/en\/illustration\/el-arte-de-fernando-vicente\/","name":"EL ARTE DE FERNANDO VICENTE - Fernando Vicente","isPartOf":{"@id":"https:\/\/www.fernandovicente.es\/en\/#website"},"primaryImageOfPage":{"@id":"https:\/\/www.fernandovicente.es\/en\/illustration\/el-arte-de-fernando-vicente\/#primaryimage"},"image":{"@id":"https:\/\/www.fernandovicente.es\/en\/illustration\/el-arte-de-fernando-vicente\/#primaryimage"},"thumbnailUrl":"https:\/\/www.fernandovicente.es\/wp-content\/uploads\/2022\/11\/EL-ARTE-DE-FERNANDO-VICENTE-Libro-Norma-Editorial.jpg","datePublished":"2022-11-23T12:41:07+00:00","dateModified":"2022-12-12T19:41:38+00:00","description":"EL ARTE DE FERNANDO VICENTE. El arte de Fernando Vicente celebra su trayectoria con un repaso a su obra, ilustraciones y obra pict\u00f3rica","breadcrumb":{"@id":"https:\/\/www.fernandovicente.es\/en\/illustration\/el-arte-de-fernando-vicente\/#breadcrumb"},"inLanguage":"en-US","potentialAction":[{"@type":"ReadAction","target":["https:\/\/www.fernandovicente.es\/en\/illustration\/el-arte-de-fernando-vicente\/"]}]},{"@type":"ImageObject","inLanguage":"en-US","@id":"https:\/\/www.fernandovicente.es\/en\/illustration\/el-arte-de-fernando-vicente\/#primaryimage","url":"https:\/\/www.fernandovicente.es\/wp-content\/uploads\/2022\/11\/EL-ARTE-DE-FERNANDO-VICENTE-Libro-Norma-Editorial.jpg","contentUrl":"https:\/\/www.fernandovicente.es\/wp-content\/uploads\/2022\/11\/EL-ARTE-DE-FERNANDO-VICENTE-Libro-Norma-Editorial.jpg","width":1200,"height":815,"caption":"EL ARTE DE FERNANDO VICENTE Libro Norma Editorial"},{"@type":"BreadcrumbList","@id":"https:\/\/www.fernandovicente.es\/en\/illustration\/el-arte-de-fernando-vicente\/#breadcrumb","itemListElement":[{"@type":"ListItem","position":1,"name":"Portada","item":"https:\/\/www.fernandovicente.es\/en\/"},{"@type":"ListItem","position":2,"name":"EL ARTE DE FERNANDO VICENTE"}]},{"@type":"WebSite","@id":"https:\/\/www.fernandovicente.es\/en\/#website","url":"https:\/\/www.fernandovicente.es\/en\/","name":"Fernando Vicente","description":"Ilustraci\u00f3n","publisher":{"@id":"https:\/\/www.fernandovicente.es\/en\/#\/schema\/person\/d49677cb48f2ea656b28261dd8f75d7f"},"potentialAction":[{"@type":"SearchAction","target":{"@type":"EntryPoint","urlTemplate":"https:\/\/www.fernandovicente.es\/en\/?s={search_term_string}"},"query-input":{"@type":"PropertyValueSpecification","valueRequired":true,"valueName":"search_term_string"}}],"inLanguage":"en-US"},{"@type":["Person","Organization"],"@id":"https:\/\/www.fernandovicente.es\/en\/#\/schema\/person\/d49677cb48f2ea656b28261dd8f75d7f","name":"Fernando Vicente","image":{"@type":"ImageObject","inLanguage":"en-US","@id":"https:\/\/www.fernandovicente.es\/en\/#\/schema\/person\/image\/","url":"https:\/\/www.fernandovicente.es\/wp-content\/uploads\/2014\/11\/fernando-vicente-Foto-e1419619123418.jpg","contentUrl":"https:\/\/www.fernandovicente.es\/wp-content\/uploads\/2014\/11\/fernando-vicente-Foto-e1419619123418.jpg","width":300,"height":300,"caption":"Fernando Vicente"},"logo":{"@id":"https:\/\/www.fernandovicente.es\/en\/#\/schema\/person\/image\/"},"description":"Fernando Vicente - Painter &amp; illustrator","sameAs":["http:\/\/www.fernandovicente.es","https:\/\/www.facebook.com\/FernandoVicenteIllustrator\/","https:\/\/www.instagram.com\/fvicente_illust\/","https:\/\/www.linkedin.com\/in\/fernando-vicente-97595012","https:\/\/www.pinterest.es\/FVicente_illust\/","https:\/\/x.com\/https:\/\/twitter.com\/fvicente_illust"]}]}},"_links":{"self":[{"href":"https:\/\/www.fernandovicente.es\/en\/wp-json\/wp\/v2\/posts\/12380","targetHints":{"allow":["GET"]}}],"collection":[{"href":"https:\/\/www.fernandovicente.es\/en\/wp-json\/wp\/v2\/posts"}],"about":[{"href":"https:\/\/www.fernandovicente.es\/en\/wp-json\/wp\/v2\/types\/post"}],"author":[{"embeddable":true,"href":"https:\/\/www.fernandovicente.es\/en\/wp-json\/wp\/v2\/users\/2"}],"replies":[{"embeddable":true,"href":"https:\/\/www.fernandovicente.es\/en\/wp-json\/wp\/v2\/comments?post=12380"}],"version-history":[{"count":1,"href":"https:\/\/www.fernandovicente.es\/en\/wp-json\/wp\/v2\/posts\/12380\/revisions"}],"predecessor-version":[{"id":12381,"href":"https:\/\/www.fernandovicente.es\/en\/wp-json\/wp\/v2\/posts\/12380\/revisions\/12381"}],"wp:featuredmedia":[{"embeddable":true,"href":"https:\/\/www.fernandovicente.es\/en\/wp-json\/wp\/v2\/media\/12376"}],"wp:attachment":[{"href":"https:\/\/www.fernandovicente.es\/en\/wp-json\/wp\/v2\/media?parent=12380"}],"wp:term":[{"taxonomy":"category","embeddable":true,"href":"https:\/\/www.fernandovicente.es\/en\/wp-json\/wp\/v2\/categories?post=12380"},{"taxonomy":"post_tag","embeddable":true,"href":"https:\/\/www.fernandovicente.es\/en\/wp-json\/wp\/v2\/tags?post=12380"}],"curies":[{"name":"wp","href":"https:\/\/api.w.org\/{rel}","templated":true}]}}