{"id":13097,"date":"2023-05-23T21:04:56","date_gmt":"2023-05-23T19:04:56","guid":{"rendered":"https:\/\/www.fernandovicente.es\/?p=13097"},"modified":"2023-05-23T21:21:06","modified_gmt":"2023-05-23T19:21:06","slug":"feria-del-libro-2023-norma-editorial","status":"publish","type":"post","link":"https:\/\/www.fernandovicente.es\/en\/feria-del-libro-en\/feria-del-libro-2023-norma-editorial\/","title":{"rendered":"Feria del Libro 2023 Norma Editorial"},"content":{"rendered":"<figure id=\"attachment_13095\" aria-describedby=\"caption-attachment-13095\" style=\"width: 2560px\" class=\"wp-caption alignnone\"><img loading=\"lazy\" decoding=\"async\" class=\"size-full wp-image-13095\" src=\"https:\/\/www.fernandovicente.es\/wp-content\/uploads\/2023\/05\/Feria-del-libro-2-Portada-del-Libro-El-arte-de-Fernando-Vicente-Norma-Editorial-Fernando-Vicente-1-scaled.jpg\" alt=\"Feria del libro 2023 Portada del Libro El arte de Fernando Vicente Norma Editorial Fernando Vicente\" width=\"2560\" height=\"2028\" srcset=\"https:\/\/www.fernandovicente.es\/wp-content\/uploads\/2023\/05\/Feria-del-libro-2-Portada-del-Libro-El-arte-de-Fernando-Vicente-Norma-Editorial-Fernando-Vicente-1-scaled.jpg 2560w, https:\/\/www.fernandovicente.es\/wp-content\/uploads\/2023\/05\/Feria-del-libro-2-Portada-del-Libro-El-arte-de-Fernando-Vicente-Norma-Editorial-Fernando-Vicente-1-300x238.jpg 300w, https:\/\/www.fernandovicente.es\/wp-content\/uploads\/2023\/05\/Feria-del-libro-2-Portada-del-Libro-El-arte-de-Fernando-Vicente-Norma-Editorial-Fernando-Vicente-1-1024x811.jpg 1024w, https:\/\/www.fernandovicente.es\/wp-content\/uploads\/2023\/05\/Feria-del-libro-2-Portada-del-Libro-El-arte-de-Fernando-Vicente-Norma-Editorial-Fernando-Vicente-1-768x608.jpg 768w, https:\/\/www.fernandovicente.es\/wp-content\/uploads\/2023\/05\/Feria-del-libro-2-Portada-del-Libro-El-arte-de-Fernando-Vicente-Norma-Editorial-Fernando-Vicente-1-1536x1217.jpg 1536w, https:\/\/www.fernandovicente.es\/wp-content\/uploads\/2023\/05\/Feria-del-libro-2-Portada-del-Libro-El-arte-de-Fernando-Vicente-Norma-Editorial-Fernando-Vicente-1-2048x1622.jpg 2048w, https:\/\/www.fernandovicente.es\/wp-content\/uploads\/2023\/05\/Feria-del-libro-2-Portada-del-Libro-El-arte-de-Fernando-Vicente-Norma-Editorial-Fernando-Vicente-1-430x341.jpg 430w, https:\/\/www.fernandovicente.es\/wp-content\/uploads\/2023\/05\/Feria-del-libro-2-Portada-del-Libro-El-arte-de-Fernando-Vicente-Norma-Editorial-Fernando-Vicente-1-860x681.jpg 860w, https:\/\/www.fernandovicente.es\/wp-content\/uploads\/2023\/05\/Feria-del-libro-2-Portada-del-Libro-El-arte-de-Fernando-Vicente-Norma-Editorial-Fernando-Vicente-1-600x475.jpg 600w\" sizes=\"auto, (max-width: 2560px) 100vw, 2560px\" \/><figcaption id=\"caption-attachment-13095\" class=\"wp-caption-text\">Feria del libro 2023 Portada del Libro El arte de Fernando Vicente Norma Editorial Fernando Vicente<\/figcaption><\/figure>\n<p>El Pr\u00f3ximo viernes 26 de Mayo se inaugura <a href=\"https:\/\/ferialibromadrid.com\/firmas-2023-26-mayo\/\">la Feria del libro de Madrid<\/a> del <a href=\"https:\/\/www.fernandovicente.es\/en\/illustration\/jardines-del-retiro\/\">Parque del Retiro<\/a> y all\u00ed estar\u00e9 firmando &#8221; El arte de Fernando Vicente&#8221; en la caseta de <a href=\"https:\/\/www.normaeditorial.com\/ficha\/libros-ilustrados\/el-arte-de-fernando-vicente\">Norma Editorial<\/a> n\u00ba293. De 18:00 a 20.00<\/p>\n<p>EL LIBRO DE ARTE DEFINITIVO DE UNA DE LAS MAYORES FIGURAS DE LA ILUSTRACI\u00d3N<\/p>\n<p>El arte de Fernando Vicente en la Feria del libro 2023 celebra su trayectoria con un extenso repaso a su obra que incluye ilustraciones, retratos, carteles, portadas y obra pict\u00f3rica. Una ventana abierta al universo visual de un artista irrepetible.<\/p>\n","protected":false},"excerpt":{"rendered":"<p>El Pr\u00f3ximo viernes 26 de Mayo se inaugura la Feria del libro de Madrid del Parque del Retiro y all\u00ed estar\u00e9 firmando &#8221; El arte&hellip;<\/p>\n","protected":false},"author":2,"featured_media":13105,"comment_status":"closed","ping_status":"closed","sticky":false,"template":"","format":"standard","meta":{"footnotes":""},"categories":[3579,1903,336,46],"tags":[1904,1905,339,340,556],"class_list":["post-13097","post","type-post","status-publish","format-standard","has-post-thumbnail","hentry","category-libro-de-arte-en","category-feria-del-libro-en","category-libro-ilustrado-en","category-sin-categoria-en","tag-feria-del-libro-en","tag-feria-del-libro-de-madrid-en","tag-fernando-vicente-en","tag-libro-ilustrado-en","tag-libros-ilustrados-en"],"yoast_head":"<!-- This site is optimized with the Yoast SEO plugin v26.9 - https:\/\/yoast.com\/product\/yoast-seo-wordpress\/ -->\n<title>Feria del Libro 2023 Norma Editorial - Fernando Vicente<\/title>\n<meta name=\"description\" content=\"Feria del Libro 2023 Norma Editorial Fernando Vicente firma ejemplares de su libro &quot;El arte de Fernando Vicente&quot; en el Parque del Retiro\" \/>\n<meta name=\"robots\" content=\"index, follow, max-snippet:-1, max-image-preview:large, max-video-preview:-1\" \/>\n<link rel=\"canonical\" href=\"https:\/\/www.fernandovicente.es\/en\/feria-del-libro-en\/feria-del-libro-2023-norma-editorial\/\" \/>\n<meta property=\"og:locale\" content=\"en_US\" \/>\n<meta property=\"og:type\" content=\"article\" \/>\n<meta property=\"og:title\" content=\"Feria del Libro 2023 Norma Editorial - Fernando Vicente\" \/>\n<meta property=\"og:description\" content=\"Feria del Libro 2023 Norma Editorial Fernando Vicente firma ejemplares de su libro &quot;El arte de Fernando Vicente&quot; en el Parque del Retiro\" \/>\n<meta property=\"og:url\" content=\"https:\/\/www.fernandovicente.es\/en\/feria-del-libro-en\/feria-del-libro-2023-norma-editorial\/\" \/>\n<meta property=\"og:site_name\" content=\"Fernando Vicente\" \/>\n<meta property=\"article:publisher\" content=\"https:\/\/www.facebook.com\/FernandoVicenteIllustrator\/\" \/>\n<meta property=\"article:author\" content=\"https:\/\/www.facebook.com\/FernandoVicenteIllustrator\/\" \/>\n<meta property=\"article:published_time\" content=\"2023-05-23T19:04:56+00:00\" \/>\n<meta property=\"article:modified_time\" content=\"2023-05-23T19:21:06+00:00\" \/>\n<meta property=\"og:image\" content=\"https:\/\/www.fernandovicente.es\/wp-content\/uploads\/2023\/05\/Feria-del-libro-cabecera-Portada-del-Libro-El-arte-de-Fernando-Vicente-Norma-Editorial-Fernando-Vicente.jpg\" \/>\n\t<meta property=\"og:image:width\" content=\"1200\" \/>\n\t<meta property=\"og:image:height\" content=\"683\" \/>\n\t<meta property=\"og:image:type\" content=\"image\/jpeg\" \/>\n<meta name=\"author\" content=\"Fernando Vicente\" \/>\n<meta name=\"twitter:card\" content=\"summary_large_image\" \/>\n<meta name=\"twitter:creator\" content=\"@https:\/\/twitter.com\/fvicente_illust\" \/>\n<meta name=\"twitter:site\" content=\"@fvicente_illust\" \/>\n<meta name=\"twitter:label1\" content=\"Written by\" \/>\n\t<meta name=\"twitter:data1\" content=\"Fernando Vicente\" \/>\n<script type=\"application\/ld+json\" class=\"yoast-schema-graph\">{\"@context\":\"https:\/\/schema.org\",\"@graph\":[{\"@type\":\"Article\",\"@id\":\"https:\/\/www.fernandovicente.es\/en\/feria-del-libro-en\/feria-del-libro-2023-norma-editorial\/#article\",\"isPartOf\":{\"@id\":\"https:\/\/www.fernandovicente.es\/en\/feria-del-libro-en\/feria-del-libro-2023-norma-editorial\/\"},\"author\":{\"name\":\"Fernando Vicente\",\"@id\":\"https:\/\/www.fernandovicente.es\/en\/#\/schema\/person\/d49677cb48f2ea656b28261dd8f75d7f\"},\"headline\":\"Feria del Libro 2023 Norma Editorial\",\"datePublished\":\"2023-05-23T19:04:56+00:00\",\"dateModified\":\"2023-05-23T19:21:06+00:00\",\"mainEntityOfPage\":{\"@id\":\"https:\/\/www.fernandovicente.es\/en\/feria-del-libro-en\/feria-del-libro-2023-norma-editorial\/\"},\"wordCount\":118,\"publisher\":{\"@id\":\"https:\/\/www.fernandovicente.es\/en\/#\/schema\/person\/d49677cb48f2ea656b28261dd8f75d7f\"},\"image\":{\"@id\":\"https:\/\/www.fernandovicente.es\/en\/feria-del-libro-en\/feria-del-libro-2023-norma-editorial\/#primaryimage\"},\"thumbnailUrl\":\"https:\/\/www.fernandovicente.es\/wp-content\/uploads\/2023\/05\/Feria-del-libro-cabecera-Portada-del-Libro-El-arte-de-Fernando-Vicente-Norma-Editorial-Fernando-Vicente.jpg\",\"keywords\":[\"Feria del LIbro\",\"Feria del Libro de Madrid\",\"Fernando Vicente\",\"libro ilustrado\",\"Libros Ilustrados\"],\"articleSection\":[\"Art Book\",\"Book Fair\",\"illustrated boook\",\"Sin categor\u00eda @en\"],\"inLanguage\":\"en-US\"},{\"@type\":\"WebPage\",\"@id\":\"https:\/\/www.fernandovicente.es\/en\/feria-del-libro-en\/feria-del-libro-2023-norma-editorial\/\",\"url\":\"https:\/\/www.fernandovicente.es\/en\/feria-del-libro-en\/feria-del-libro-2023-norma-editorial\/\",\"name\":\"Feria del Libro 2023 Norma Editorial - Fernando Vicente\",\"isPartOf\":{\"@id\":\"https:\/\/www.fernandovicente.es\/en\/#website\"},\"primaryImageOfPage\":{\"@id\":\"https:\/\/www.fernandovicente.es\/en\/feria-del-libro-en\/feria-del-libro-2023-norma-editorial\/#primaryimage\"},\"image\":{\"@id\":\"https:\/\/www.fernandovicente.es\/en\/feria-del-libro-en\/feria-del-libro-2023-norma-editorial\/#primaryimage\"},\"thumbnailUrl\":\"https:\/\/www.fernandovicente.es\/wp-content\/uploads\/2023\/05\/Feria-del-libro-cabecera-Portada-del-Libro-El-arte-de-Fernando-Vicente-Norma-Editorial-Fernando-Vicente.jpg\",\"datePublished\":\"2023-05-23T19:04:56+00:00\",\"dateModified\":\"2023-05-23T19:21:06+00:00\",\"description\":\"Feria del Libro 2023 Norma Editorial Fernando Vicente firma ejemplares de su libro \\\"El arte de Fernando Vicente\\\" en el Parque del Retiro\",\"breadcrumb\":{\"@id\":\"https:\/\/www.fernandovicente.es\/en\/feria-del-libro-en\/feria-del-libro-2023-norma-editorial\/#breadcrumb\"},\"inLanguage\":\"en-US\",\"potentialAction\":[{\"@type\":\"ReadAction\",\"target\":[\"https:\/\/www.fernandovicente.es\/en\/feria-del-libro-en\/feria-del-libro-2023-norma-editorial\/\"]}]},{\"@type\":\"ImageObject\",\"inLanguage\":\"en-US\",\"@id\":\"https:\/\/www.fernandovicente.es\/en\/feria-del-libro-en\/feria-del-libro-2023-norma-editorial\/#primaryimage\",\"url\":\"https:\/\/www.fernandovicente.es\/wp-content\/uploads\/2023\/05\/Feria-del-libro-cabecera-Portada-del-Libro-El-arte-de-Fernando-Vicente-Norma-Editorial-Fernando-Vicente.jpg\",\"contentUrl\":\"https:\/\/www.fernandovicente.es\/wp-content\/uploads\/2023\/05\/Feria-del-libro-cabecera-Portada-del-Libro-El-arte-de-Fernando-Vicente-Norma-Editorial-Fernando-Vicente.jpg\",\"width\":1200,\"height\":683,\"caption\":\"Feria del libro Portada del Libro El arte de Fernando Vicente Norma Editorial Fernando Vicente\"},{\"@type\":\"BreadcrumbList\",\"@id\":\"https:\/\/www.fernandovicente.es\/en\/feria-del-libro-en\/feria-del-libro-2023-norma-editorial\/#breadcrumb\",\"itemListElement\":[{\"@type\":\"ListItem\",\"position\":1,\"name\":\"Portada\",\"item\":\"https:\/\/www.fernandovicente.es\/en\/\"},{\"@type\":\"ListItem\",\"position\":2,\"name\":\"Feria del Libro 2023 Norma Editorial\"}]},{\"@type\":\"WebSite\",\"@id\":\"https:\/\/www.fernandovicente.es\/en\/#website\",\"url\":\"https:\/\/www.fernandovicente.es\/en\/\",\"name\":\"Fernando Vicente\",\"description\":\"Ilustraci\u00f3n\",\"publisher\":{\"@id\":\"https:\/\/www.fernandovicente.es\/en\/#\/schema\/person\/d49677cb48f2ea656b28261dd8f75d7f\"},\"potentialAction\":[{\"@type\":\"SearchAction\",\"target\":{\"@type\":\"EntryPoint\",\"urlTemplate\":\"https:\/\/www.fernandovicente.es\/en\/?s={search_term_string}\"},\"query-input\":{\"@type\":\"PropertyValueSpecification\",\"valueRequired\":true,\"valueName\":\"search_term_string\"}}],\"inLanguage\":\"en-US\"},{\"@type\":[\"Person\",\"Organization\"],\"@id\":\"https:\/\/www.fernandovicente.es\/en\/#\/schema\/person\/d49677cb48f2ea656b28261dd8f75d7f\",\"name\":\"Fernando Vicente\",\"image\":{\"@type\":\"ImageObject\",\"inLanguage\":\"en-US\",\"@id\":\"https:\/\/www.fernandovicente.es\/en\/#\/schema\/person\/image\/\",\"url\":\"https:\/\/www.fernandovicente.es\/wp-content\/uploads\/2014\/11\/fernando-vicente-Foto-e1419619123418.jpg\",\"contentUrl\":\"https:\/\/www.fernandovicente.es\/wp-content\/uploads\/2014\/11\/fernando-vicente-Foto-e1419619123418.jpg\",\"width\":300,\"height\":300,\"caption\":\"Fernando Vicente\"},\"logo\":{\"@id\":\"https:\/\/www.fernandovicente.es\/en\/#\/schema\/person\/image\/\"},\"description\":\"Fernando Vicente - Painter &amp; illustrator\",\"sameAs\":[\"http:\/\/www.fernandovicente.es\",\"https:\/\/www.facebook.com\/FernandoVicenteIllustrator\/\",\"https:\/\/www.instagram.com\/fvicente_illust\/\",\"https:\/\/www.linkedin.com\/in\/fernando-vicente-97595012\",\"https:\/\/www.pinterest.es\/FVicente_illust\/\",\"https:\/\/x.com\/https:\/\/twitter.com\/fvicente_illust\"]}]}<\/script>\n<!-- \/ Yoast SEO plugin. -->","yoast_head_json":{"title":"Feria del Libro 2023 Norma Editorial - Fernando Vicente","description":"Feria del Libro 2023 Norma Editorial Fernando Vicente firma ejemplares de su libro \"El arte de Fernando Vicente\" en el Parque del Retiro","robots":{"index":"index","follow":"follow","max-snippet":"max-snippet:-1","max-image-preview":"max-image-preview:large","max-video-preview":"max-video-preview:-1"},"canonical":"https:\/\/www.fernandovicente.es\/en\/feria-del-libro-en\/feria-del-libro-2023-norma-editorial\/","og_locale":"en_US","og_type":"article","og_title":"Feria del Libro 2023 Norma Editorial - Fernando Vicente","og_description":"Feria del Libro 2023 Norma Editorial Fernando Vicente firma ejemplares de su libro \"El arte de Fernando Vicente\" en el Parque del Retiro","og_url":"https:\/\/www.fernandovicente.es\/en\/feria-del-libro-en\/feria-del-libro-2023-norma-editorial\/","og_site_name":"Fernando Vicente","article_publisher":"https:\/\/www.facebook.com\/FernandoVicenteIllustrator\/","article_author":"https:\/\/www.facebook.com\/FernandoVicenteIllustrator\/","article_published_time":"2023-05-23T19:04:56+00:00","article_modified_time":"2023-05-23T19:21:06+00:00","og_image":[{"width":1200,"height":683,"url":"https:\/\/www.fernandovicente.es\/wp-content\/uploads\/2023\/05\/Feria-del-libro-cabecera-Portada-del-Libro-El-arte-de-Fernando-Vicente-Norma-Editorial-Fernando-Vicente.jpg","type":"image\/jpeg"}],"author":"Fernando Vicente","twitter_card":"summary_large_image","twitter_creator":"@https:\/\/twitter.com\/fvicente_illust","twitter_site":"@fvicente_illust","twitter_misc":{"Written by":"Fernando Vicente"},"schema":{"@context":"https:\/\/schema.org","@graph":[{"@type":"Article","@id":"https:\/\/www.fernandovicente.es\/en\/feria-del-libro-en\/feria-del-libro-2023-norma-editorial\/#article","isPartOf":{"@id":"https:\/\/www.fernandovicente.es\/en\/feria-del-libro-en\/feria-del-libro-2023-norma-editorial\/"},"author":{"name":"Fernando Vicente","@id":"https:\/\/www.fernandovicente.es\/en\/#\/schema\/person\/d49677cb48f2ea656b28261dd8f75d7f"},"headline":"Feria del Libro 2023 Norma Editorial","datePublished":"2023-05-23T19:04:56+00:00","dateModified":"2023-05-23T19:21:06+00:00","mainEntityOfPage":{"@id":"https:\/\/www.fernandovicente.es\/en\/feria-del-libro-en\/feria-del-libro-2023-norma-editorial\/"},"wordCount":118,"publisher":{"@id":"https:\/\/www.fernandovicente.es\/en\/#\/schema\/person\/d49677cb48f2ea656b28261dd8f75d7f"},"image":{"@id":"https:\/\/www.fernandovicente.es\/en\/feria-del-libro-en\/feria-del-libro-2023-norma-editorial\/#primaryimage"},"thumbnailUrl":"https:\/\/www.fernandovicente.es\/wp-content\/uploads\/2023\/05\/Feria-del-libro-cabecera-Portada-del-Libro-El-arte-de-Fernando-Vicente-Norma-Editorial-Fernando-Vicente.jpg","keywords":["Feria del LIbro","Feria del Libro de Madrid","Fernando Vicente","libro ilustrado","Libros Ilustrados"],"articleSection":["Art Book","Book Fair","illustrated boook","Sin categor\u00eda @en"],"inLanguage":"en-US"},{"@type":"WebPage","@id":"https:\/\/www.fernandovicente.es\/en\/feria-del-libro-en\/feria-del-libro-2023-norma-editorial\/","url":"https:\/\/www.fernandovicente.es\/en\/feria-del-libro-en\/feria-del-libro-2023-norma-editorial\/","name":"Feria del Libro 2023 Norma Editorial - Fernando Vicente","isPartOf":{"@id":"https:\/\/www.fernandovicente.es\/en\/#website"},"primaryImageOfPage":{"@id":"https:\/\/www.fernandovicente.es\/en\/feria-del-libro-en\/feria-del-libro-2023-norma-editorial\/#primaryimage"},"image":{"@id":"https:\/\/www.fernandovicente.es\/en\/feria-del-libro-en\/feria-del-libro-2023-norma-editorial\/#primaryimage"},"thumbnailUrl":"https:\/\/www.fernandovicente.es\/wp-content\/uploads\/2023\/05\/Feria-del-libro-cabecera-Portada-del-Libro-El-arte-de-Fernando-Vicente-Norma-Editorial-Fernando-Vicente.jpg","datePublished":"2023-05-23T19:04:56+00:00","dateModified":"2023-05-23T19:21:06+00:00","description":"Feria del Libro 2023 Norma Editorial Fernando Vicente firma ejemplares de su libro \"El arte de Fernando Vicente\" en el Parque del Retiro","breadcrumb":{"@id":"https:\/\/www.fernandovicente.es\/en\/feria-del-libro-en\/feria-del-libro-2023-norma-editorial\/#breadcrumb"},"inLanguage":"en-US","potentialAction":[{"@type":"ReadAction","target":["https:\/\/www.fernandovicente.es\/en\/feria-del-libro-en\/feria-del-libro-2023-norma-editorial\/"]}]},{"@type":"ImageObject","inLanguage":"en-US","@id":"https:\/\/www.fernandovicente.es\/en\/feria-del-libro-en\/feria-del-libro-2023-norma-editorial\/#primaryimage","url":"https:\/\/www.fernandovicente.es\/wp-content\/uploads\/2023\/05\/Feria-del-libro-cabecera-Portada-del-Libro-El-arte-de-Fernando-Vicente-Norma-Editorial-Fernando-Vicente.jpg","contentUrl":"https:\/\/www.fernandovicente.es\/wp-content\/uploads\/2023\/05\/Feria-del-libro-cabecera-Portada-del-Libro-El-arte-de-Fernando-Vicente-Norma-Editorial-Fernando-Vicente.jpg","width":1200,"height":683,"caption":"Feria del libro Portada del Libro El arte de Fernando Vicente Norma Editorial Fernando Vicente"},{"@type":"BreadcrumbList","@id":"https:\/\/www.fernandovicente.es\/en\/feria-del-libro-en\/feria-del-libro-2023-norma-editorial\/#breadcrumb","itemListElement":[{"@type":"ListItem","position":1,"name":"Portada","item":"https:\/\/www.fernandovicente.es\/en\/"},{"@type":"ListItem","position":2,"name":"Feria del Libro 2023 Norma Editorial"}]},{"@type":"WebSite","@id":"https:\/\/www.fernandovicente.es\/en\/#website","url":"https:\/\/www.fernandovicente.es\/en\/","name":"Fernando Vicente","description":"Ilustraci\u00f3n","publisher":{"@id":"https:\/\/www.fernandovicente.es\/en\/#\/schema\/person\/d49677cb48f2ea656b28261dd8f75d7f"},"potentialAction":[{"@type":"SearchAction","target":{"@type":"EntryPoint","urlTemplate":"https:\/\/www.fernandovicente.es\/en\/?s={search_term_string}"},"query-input":{"@type":"PropertyValueSpecification","valueRequired":true,"valueName":"search_term_string"}}],"inLanguage":"en-US"},{"@type":["Person","Organization"],"@id":"https:\/\/www.fernandovicente.es\/en\/#\/schema\/person\/d49677cb48f2ea656b28261dd8f75d7f","name":"Fernando Vicente","image":{"@type":"ImageObject","inLanguage":"en-US","@id":"https:\/\/www.fernandovicente.es\/en\/#\/schema\/person\/image\/","url":"https:\/\/www.fernandovicente.es\/wp-content\/uploads\/2014\/11\/fernando-vicente-Foto-e1419619123418.jpg","contentUrl":"https:\/\/www.fernandovicente.es\/wp-content\/uploads\/2014\/11\/fernando-vicente-Foto-e1419619123418.jpg","width":300,"height":300,"caption":"Fernando Vicente"},"logo":{"@id":"https:\/\/www.fernandovicente.es\/en\/#\/schema\/person\/image\/"},"description":"Fernando Vicente - Painter &amp; illustrator","sameAs":["http:\/\/www.fernandovicente.es","https:\/\/www.facebook.com\/FernandoVicenteIllustrator\/","https:\/\/www.instagram.com\/fvicente_illust\/","https:\/\/www.linkedin.com\/in\/fernando-vicente-97595012","https:\/\/www.pinterest.es\/FVicente_illust\/","https:\/\/x.com\/https:\/\/twitter.com\/fvicente_illust"]}]}},"_links":{"self":[{"href":"https:\/\/www.fernandovicente.es\/en\/wp-json\/wp\/v2\/posts\/13097","targetHints":{"allow":["GET"]}}],"collection":[{"href":"https:\/\/www.fernandovicente.es\/en\/wp-json\/wp\/v2\/posts"}],"about":[{"href":"https:\/\/www.fernandovicente.es\/en\/wp-json\/wp\/v2\/types\/post"}],"author":[{"embeddable":true,"href":"https:\/\/www.fernandovicente.es\/en\/wp-json\/wp\/v2\/users\/2"}],"replies":[{"embeddable":true,"href":"https:\/\/www.fernandovicente.es\/en\/wp-json\/wp\/v2\/comments?post=13097"}],"version-history":[{"count":2,"href":"https:\/\/www.fernandovicente.es\/en\/wp-json\/wp\/v2\/posts\/13097\/revisions"}],"predecessor-version":[{"id":13101,"href":"https:\/\/www.fernandovicente.es\/en\/wp-json\/wp\/v2\/posts\/13097\/revisions\/13101"}],"wp:featuredmedia":[{"embeddable":true,"href":"https:\/\/www.fernandovicente.es\/en\/wp-json\/wp\/v2\/media\/13105"}],"wp:attachment":[{"href":"https:\/\/www.fernandovicente.es\/en\/wp-json\/wp\/v2\/media?parent=13097"}],"wp:term":[{"taxonomy":"category","embeddable":true,"href":"https:\/\/www.fernandovicente.es\/en\/wp-json\/wp\/v2\/categories?post=13097"},{"taxonomy":"post_tag","embeddable":true,"href":"https:\/\/www.fernandovicente.es\/en\/wp-json\/wp\/v2\/tags?post=13097"}],"curies":[{"name":"wp","href":"https:\/\/api.w.org\/{rel}","templated":true}]}}