{"id":13334,"date":"2023-08-10T19:32:39","date_gmt":"2023-08-10T17:32:39","guid":{"rendered":"https:\/\/www.fernandovicente.es\/?p=13334"},"modified":"2025-08-09T11:10:35","modified_gmt":"2025-08-09T09:10:35","slug":"cartel-feria-de-otono-2023","status":"publish","type":"post","link":"https:\/\/www.fernandovicente.es\/en\/cartel-en\/cartel-feria-de-otono-2023\/","title":{"rendered":"2023 Autumn Fair Poster"},"content":{"rendered":"<p>2023 Autumn Fair Poster<\/p><div class=\"wp-block-image\"><figure class=\"aligncenter size-full\"><a href=\"https:\/\/www.fernandovicente.es\/wp-content\/uploads\/2023\/08\/Feria-de-otono-2023-Fernando-Vicente.jpg\"><img loading=\"lazy\" decoding=\"async\" width=\"636\" height=\"900\" src=\"https:\/\/www.fernandovicente.es\/wp-content\/uploads\/2023\/08\/Feria-de-otono-2023-Fernando-Vicente.jpg\" alt=\"Old and Antique Book Autumn Fair Poster\" class=\"wp-image-13330\" srcset=\"https:\/\/www.fernandovicente.es\/wp-content\/uploads\/2023\/08\/Feria-de-otono-2023-Fernando-Vicente.jpg 636w, https:\/\/www.fernandovicente.es\/wp-content\/uploads\/2023\/08\/Feria-de-otono-2023-Fernando-Vicente-212x300.jpg 212w, https:\/\/www.fernandovicente.es\/wp-content\/uploads\/2023\/08\/Feria-de-otono-2023-Fernando-Vicente-430x608.jpg 430w, https:\/\/www.fernandovicente.es\/wp-content\/uploads\/2023\/08\/Feria-de-otono-2023-Fernando-Vicente-600x849.jpg 600w\" sizes=\"auto, (max-width: 636px) 100vw, 636px\" \/><\/a><figcaption class=\"wp-element-caption\">2023 Autumn Fair Poster Fernando Vicente<\/figcaption><\/figure><\/div><p>Aqu\u00ed ten\u00e9is el Cartel Feria de Oto\u00f1o 2023 la 33\u00aa Feria de Oto\u00f1o del Libro Viejo y Antiguo de Madrid en el Paseo de Recoletos. Este a\u00f1o, los libreros abrir\u00e1n sus puertas del 28 de septiembre al 15 de octubre de 11 a 21h. de forma ininterrumpida por ello reservad las fechas en vuestras agendas.<br\/>Para m\u00e1s informaci\u00f3n acerca de la feria pod\u00e9is consultar su web: <a href=\"https:\/\/www.libris.es\/\" target=\"_blank\" rel=\"noreferrer noopener\">www.libris.es<\/a><br\/><\/p><p>Quiz\u00e1s quer\u00e1is ver otros carteles de ediciones anteriores, si es asi, aqui las encontrais. Carteles ediciones: 2022, 2019, <a href=\"https:\/\/www.fernandovicente.es\/en\/feria-del-libro-en\/cartel-feria-de-otono-del-libro-viejo-y-antiguo\/\">2018<\/a>, <a href=\"https:\/\/www.fernandovicente.es\/en\/sin-categoria-en\/29a-feria-del-libro-de-otono-viejo-y-antiguo\/\">2017,<\/a> <a href=\"https:\/\/www.fernandovicente.es\/en\/illustration\/feria-del-libro-viejo-y-antiguo-2016\/\">2016<\/a>, <a href=\"https:\/\/www.fernandovicente.es\/en\/photo\/old-book-fair\/\">2015<\/a><\/p><figure class=\"wp-block-gallery has-nested-images columns-default is-cropped wp-block-gallery-1 is-layout-flex wp-block-gallery-is-layout-flex\"><figure class=\"wp-block-image size-large\"><a href=\"https:\/\/www.fernandovicente.es\/wp-content\/uploads\/2014\/11\/CARTEL-2015-Fernando-Vicente.jpg\"><img decoding=\"async\" data-id=\"4287\" src=\"https:\/\/www.fernandovicente.es\/wp-content\/uploads\/2014\/11\/CARTEL-2015-Fernando-Vicente.jpg\" alt=\"Autumn Fair PosterFernando Vicente\" class=\"wp-image-4287\"\/><\/a><figcaption class=\"wp-element-caption\">Autumn Fair PosterFernando Vicente<\/figcaption><\/figure>\n\n<figure class=\"wp-block-image size-large\"><a href=\"https:\/\/www.fernandovicente.es\/wp-content\/uploads\/2016\/09\/Feria-libro-oton&#x303;o-Quijote-Fernando-Vicente-e1540664644684.jpg\"><img decoding=\"async\" data-id=\"5109\" src=\"https:\/\/www.fernandovicente.es\/wp-content\/uploads\/2016\/09\/Feria-libro-oton&#x303;o-Quijote-Fernando-Vicente-e1540664644684.jpg\" alt=\"Old and Antique Book Fair 2016\" class=\"wp-image-5109\"\/><\/a><figcaption class=\"wp-element-caption\">Old and Antique Book Fair 2016<\/figcaption><\/figure>\n\n<figure class=\"wp-block-image size-large\"><a href=\"https:\/\/www.fernandovicente.es\/wp-content\/uploads\/2017\/09\/Feria-oton&#x303;o-2017-Fernando-Vicente-Blog-e1540854187283.jpg\"><img decoding=\"async\" data-id=\"5915\" src=\"https:\/\/www.fernandovicente.es\/wp-content\/uploads\/2017\/09\/Feria-oton&#x303;o-2017-Fernando-Vicente-Blog-e1540854187283.jpg\" alt=\"Old and Antique Book Fair 2017\" class=\"wp-image-5915\"\/><\/a><figcaption class=\"wp-element-caption\">Old and Antique Book Fair 2017<\/figcaption><\/figure>\n\n<figure class=\"wp-block-image size-large\"><a href=\"https:\/\/www.fernandovicente.es\/wp-content\/uploads\/2018\/09\/Cartel-feria-de-Oton&#x303;o-Feria-de-libro-antiguo-Oton&#x303;o-2018-Fernando-Vicente-e1552472430574.jpg\"><img decoding=\"async\" data-id=\"7324\" src=\"https:\/\/www.fernandovicente.es\/wp-content\/uploads\/2018\/09\/Cartel-feria-de-Oton&#x303;o-Feria-de-libro-antiguo-Oton&#x303;o-2018-Fernando-Vicente-717x1024.jpg\" alt=\"30th Madrid Autumn Fair for Old and Antique Books on Paseo de Recoletos.\" class=\"wp-image-7324\"\/><\/a><figcaption class=\"wp-element-caption\">30th Madrid Autumn Fair for Old and Antique Books on Paseo de Recoletos.<\/figcaption><\/figure>\n\n<figure class=\"wp-block-image size-large\"><a href=\"https:\/\/www.fernandovicente.es\/wp-content\/uploads\/2019\/09\/Cartel-feria-de-Oton&#x303;o-Feria-de-libro-antiguo-Oton&#x303;o-2019-Fernando-Vicente.jpg\"><img decoding=\"async\" data-id=\"8398\" src=\"https:\/\/www.fernandovicente.es\/wp-content\/uploads\/2019\/09\/Cartel-feria-de-Oton&#x303;o-Feria-de-libro-antiguo-Oton&#x303;o-2019-Fernando-Vicente.jpg\" alt=\"Poster for the Autumn Fair for Old and Antique Books\" class=\"wp-image-8398\"\/><\/a><figcaption class=\"wp-element-caption\">Poster for the 2019 Autumn Fair for Old and Antique Books<\/figcaption><\/figure>\n\n<figure class=\"wp-block-image size-large\"><a href=\"https:\/\/www.fernandovicente.es\/wp-content\/uploads\/2022\/10\/Feria-oton&#x303;o-022-ok-web.jpg\"><img decoding=\"async\" data-id=\"12126\" src=\"https:\/\/www.fernandovicente.es\/wp-content\/uploads\/2022\/10\/Feria-oton&#x303;o-022-ok-web.jpg\" alt=\"Poster for the 2022 Autumn Fair for Old and Antique Books\" class=\"wp-image-12126\"\/><\/a><figcaption class=\"wp-element-caption\">Poster for the 2022 Autumn Fair for Old and Antique Books<\/figcaption><\/figure><\/figure><p><a href=\"https:\/\/www.fernandovicente.es\/en\/feria-del-libro-en\/cartel-feria-de-otono-del-libro-viejo-y-antiguo\/\">Cartel Feria de Oto\u00f1o del libro Viejo y antiguo<\/a><\/p>","protected":false},"excerpt":{"rendered":"<p>2023 Autumn Fair Poster Aqu\u00ed ten\u00e9is el Cartel Feria de Oto\u00f1o 2023 la 33\u00aa Feria de Oto\u00f1o del Libro Viejo y Antiguo de Madrid en&hellip;<\/p>\n","protected":false},"author":2,"featured_media":13333,"comment_status":"closed","ping_status":"closed","sticky":false,"template":"","format":"standard","meta":{"footnotes":""},"categories":[1903,166,2558,3682,1962],"tags":[2349,2356,1904,1905,339,1907],"class_list":["post-13334","post","type-post","status-publish","format-standard","has-post-thumbnail","hentry","category-feria-del-libro-en","category-illustration","category-madrid-en","category-otono-en","category-cartel-en","tag-cartel-en","tag-cartel-feria-de-otono-en","tag-feria-del-libro-en","tag-feria-del-libro-de-madrid-en","tag-fernando-vicente-en","tag-madrid-en"],"yoast_head":"<!-- This site is optimized with the Yoast SEO plugin v26.9 - https:\/\/yoast.com\/product\/yoast-seo-wordpress\/ -->\n<title>2023 Autumn Fair Poster - Fernando Vicente<\/title>\n<meta name=\"description\" content=\"2023 Autumn Fair Poster: the 33rd Madrid Autumn Fair of Old and Antique Books on Paseo de Recoletos\" \/>\n<meta name=\"robots\" content=\"index, follow, max-snippet:-1, max-image-preview:large, max-video-preview:-1\" \/>\n<link rel=\"canonical\" href=\"https:\/\/www.fernandovicente.es\/en\/cartel-en\/cartel-feria-de-otono-2023\/\" \/>\n<meta property=\"og:locale\" content=\"en_US\" \/>\n<meta property=\"og:type\" content=\"article\" \/>\n<meta property=\"og:title\" content=\"2023 Autumn Fair Poster - Fernando Vicente\" \/>\n<meta property=\"og:description\" content=\"2023 Autumn Fair Poster: the 33rd Madrid Autumn Fair of Old and Antique Books on Paseo de Recoletos\" \/>\n<meta property=\"og:url\" content=\"https:\/\/www.fernandovicente.es\/en\/cartel-en\/cartel-feria-de-otono-2023\/\" \/>\n<meta property=\"og:site_name\" content=\"Fernando Vicente\" \/>\n<meta property=\"article:publisher\" content=\"https:\/\/www.facebook.com\/FernandoVicenteIllustrator\/\" \/>\n<meta property=\"article:author\" content=\"https:\/\/www.facebook.com\/FernandoVicenteIllustrator\/\" \/>\n<meta property=\"article:published_time\" content=\"2023-08-10T17:32:39+00:00\" \/>\n<meta property=\"article:modified_time\" content=\"2025-08-09T09:10:35+00:00\" \/>\n<meta property=\"og:image\" content=\"https:\/\/www.fernandovicente.es\/wp-content\/uploads\/2023\/08\/Detalle-Feria-del-libro-de-Otono-2023-Fernando-Vicente.jpg\" \/>\n\t<meta property=\"og:image:width\" content=\"1200\" \/>\n\t<meta property=\"og:image:height\" content=\"802\" \/>\n\t<meta property=\"og:image:type\" content=\"image\/jpeg\" \/>\n<meta name=\"author\" content=\"Fernando Vicente\" \/>\n<meta name=\"twitter:card\" content=\"summary_large_image\" \/>\n<meta name=\"twitter:creator\" content=\"@https:\/\/twitter.com\/fvicente_illust\" \/>\n<meta name=\"twitter:site\" content=\"@fvicente_illust\" \/>\n<meta name=\"twitter:label1\" content=\"Written by\" \/>\n\t<meta name=\"twitter:data1\" content=\"Fernando Vicente\" \/>\n\t<meta name=\"twitter:label2\" content=\"Est. reading time\" \/>\n\t<meta name=\"twitter:data2\" content=\"1 minute\" \/>\n<script type=\"application\/ld+json\" class=\"yoast-schema-graph\">{\"@context\":\"https:\/\/schema.org\",\"@graph\":[{\"@type\":\"Article\",\"@id\":\"https:\/\/www.fernandovicente.es\/en\/cartel-en\/cartel-feria-de-otono-2023\/#article\",\"isPartOf\":{\"@id\":\"https:\/\/www.fernandovicente.es\/en\/cartel-en\/cartel-feria-de-otono-2023\/\"},\"author\":{\"name\":\"Fernando Vicente\",\"@id\":\"https:\/\/www.fernandovicente.es\/en\/#\/schema\/person\/d49677cb48f2ea656b28261dd8f75d7f\"},\"headline\":\"2023 Autumn Fair Poster\",\"datePublished\":\"2023-08-10T17:32:39+00:00\",\"dateModified\":\"2025-08-09T09:10:35+00:00\",\"mainEntityOfPage\":{\"@id\":\"https:\/\/www.fernandovicente.es\/en\/cartel-en\/cartel-feria-de-otono-2023\/\"},\"wordCount\":158,\"publisher\":{\"@id\":\"https:\/\/www.fernandovicente.es\/en\/#\/schema\/person\/d49677cb48f2ea656b28261dd8f75d7f\"},\"image\":{\"@id\":\"https:\/\/www.fernandovicente.es\/en\/cartel-en\/cartel-feria-de-otono-2023\/#primaryimage\"},\"thumbnailUrl\":\"https:\/\/www.fernandovicente.es\/wp-content\/uploads\/2023\/08\/Detalle-Feria-del-libro-de-Otono-2023-Fernando-Vicente.jpg\",\"keywords\":[\"cartel\",\"cartel feria de oto\u00f1o\",\"Feria del LIbro\",\"Feria del Libro de Madrid\",\"Fernando Vicente\",\"Madrid\"],\"articleSection\":[\"Book Fair\",\"Illustration\",\"Madrid\",\"Oto\u00f1o\",\"Poster\"],\"inLanguage\":\"en-US\"},{\"@type\":\"WebPage\",\"@id\":\"https:\/\/www.fernandovicente.es\/en\/cartel-en\/cartel-feria-de-otono-2023\/\",\"url\":\"https:\/\/www.fernandovicente.es\/en\/cartel-en\/cartel-feria-de-otono-2023\/\",\"name\":\"2023 Autumn Fair Poster - Fernando Vicente\",\"isPartOf\":{\"@id\":\"https:\/\/www.fernandovicente.es\/en\/#website\"},\"primaryImageOfPage\":{\"@id\":\"https:\/\/www.fernandovicente.es\/en\/cartel-en\/cartel-feria-de-otono-2023\/#primaryimage\"},\"image\":{\"@id\":\"https:\/\/www.fernandovicente.es\/en\/cartel-en\/cartel-feria-de-otono-2023\/#primaryimage\"},\"thumbnailUrl\":\"https:\/\/www.fernandovicente.es\/wp-content\/uploads\/2023\/08\/Detalle-Feria-del-libro-de-Otono-2023-Fernando-Vicente.jpg\",\"datePublished\":\"2023-08-10T17:32:39+00:00\",\"dateModified\":\"2025-08-09T09:10:35+00:00\",\"description\":\"2023 Autumn Fair Poster: the 33rd Madrid Autumn Fair of Old and Antique Books on Paseo de Recoletos\",\"breadcrumb\":{\"@id\":\"https:\/\/www.fernandovicente.es\/en\/cartel-en\/cartel-feria-de-otono-2023\/#breadcrumb\"},\"inLanguage\":\"en-US\",\"potentialAction\":[{\"@type\":\"ReadAction\",\"target\":[\"https:\/\/www.fernandovicente.es\/en\/cartel-en\/cartel-feria-de-otono-2023\/\"]}]},{\"@type\":\"ImageObject\",\"inLanguage\":\"en-US\",\"@id\":\"https:\/\/www.fernandovicente.es\/en\/cartel-en\/cartel-feria-de-otono-2023\/#primaryimage\",\"url\":\"https:\/\/www.fernandovicente.es\/wp-content\/uploads\/2023\/08\/Detalle-Feria-del-libro-de-Otono-2023-Fernando-Vicente.jpg\",\"contentUrl\":\"https:\/\/www.fernandovicente.es\/wp-content\/uploads\/2023\/08\/Detalle-Feria-del-libro-de-Otono-2023-Fernando-Vicente.jpg\",\"width\":1200,\"height\":802,\"caption\":\"Cartel Feria de Oto\u00f1o 2023 la 33\u00aa Feria de Oto\u00f1o del Libro Viejo y Antiguo de Madrid en el Paseo de Recoletos\"},{\"@type\":\"BreadcrumbList\",\"@id\":\"https:\/\/www.fernandovicente.es\/en\/cartel-en\/cartel-feria-de-otono-2023\/#breadcrumb\",\"itemListElement\":[{\"@type\":\"ListItem\",\"position\":1,\"name\":\"Portada\",\"item\":\"https:\/\/www.fernandovicente.es\/en\/\"},{\"@type\":\"ListItem\",\"position\":2,\"name\":\"2023 Autumn Fair Poster\"}]},{\"@type\":\"WebSite\",\"@id\":\"https:\/\/www.fernandovicente.es\/en\/#website\",\"url\":\"https:\/\/www.fernandovicente.es\/en\/\",\"name\":\"Fernando Vicente\",\"description\":\"Ilustraci\u00f3n\",\"publisher\":{\"@id\":\"https:\/\/www.fernandovicente.es\/en\/#\/schema\/person\/d49677cb48f2ea656b28261dd8f75d7f\"},\"potentialAction\":[{\"@type\":\"SearchAction\",\"target\":{\"@type\":\"EntryPoint\",\"urlTemplate\":\"https:\/\/www.fernandovicente.es\/en\/?s={search_term_string}\"},\"query-input\":{\"@type\":\"PropertyValueSpecification\",\"valueRequired\":true,\"valueName\":\"search_term_string\"}}],\"inLanguage\":\"en-US\"},{\"@type\":[\"Person\",\"Organization\"],\"@id\":\"https:\/\/www.fernandovicente.es\/en\/#\/schema\/person\/d49677cb48f2ea656b28261dd8f75d7f\",\"name\":\"Fernando Vicente\",\"image\":{\"@type\":\"ImageObject\",\"inLanguage\":\"en-US\",\"@id\":\"https:\/\/www.fernandovicente.es\/en\/#\/schema\/person\/image\/\",\"url\":\"https:\/\/www.fernandovicente.es\/wp-content\/uploads\/2014\/11\/fernando-vicente-Foto-e1419619123418.jpg\",\"contentUrl\":\"https:\/\/www.fernandovicente.es\/wp-content\/uploads\/2014\/11\/fernando-vicente-Foto-e1419619123418.jpg\",\"width\":300,\"height\":300,\"caption\":\"Fernando Vicente\"},\"logo\":{\"@id\":\"https:\/\/www.fernandovicente.es\/en\/#\/schema\/person\/image\/\"},\"description\":\"Fernando Vicente - Painter &amp; illustrator\",\"sameAs\":[\"http:\/\/www.fernandovicente.es\",\"https:\/\/www.facebook.com\/FernandoVicenteIllustrator\/\",\"https:\/\/www.instagram.com\/fvicente_illust\/\",\"https:\/\/www.linkedin.com\/in\/fernando-vicente-97595012\",\"https:\/\/www.pinterest.es\/FVicente_illust\/\",\"https:\/\/x.com\/https:\/\/twitter.com\/fvicente_illust\"]}]}<\/script>\n<!-- \/ Yoast SEO plugin. -->","yoast_head_json":{"title":"2023 Autumn Fair Poster - Fernando Vicente","description":"2023 Autumn Fair Poster: the 33rd Madrid Autumn Fair of Old and Antique Books on Paseo de Recoletos","robots":{"index":"index","follow":"follow","max-snippet":"max-snippet:-1","max-image-preview":"max-image-preview:large","max-video-preview":"max-video-preview:-1"},"canonical":"https:\/\/www.fernandovicente.es\/en\/cartel-en\/cartel-feria-de-otono-2023\/","og_locale":"en_US","og_type":"article","og_title":"2023 Autumn Fair Poster - Fernando Vicente","og_description":"2023 Autumn Fair Poster: the 33rd Madrid Autumn Fair of Old and Antique Books on Paseo de Recoletos","og_url":"https:\/\/www.fernandovicente.es\/en\/cartel-en\/cartel-feria-de-otono-2023\/","og_site_name":"Fernando Vicente","article_publisher":"https:\/\/www.facebook.com\/FernandoVicenteIllustrator\/","article_author":"https:\/\/www.facebook.com\/FernandoVicenteIllustrator\/","article_published_time":"2023-08-10T17:32:39+00:00","article_modified_time":"2025-08-09T09:10:35+00:00","og_image":[{"width":1200,"height":802,"url":"https:\/\/www.fernandovicente.es\/wp-content\/uploads\/2023\/08\/Detalle-Feria-del-libro-de-Otono-2023-Fernando-Vicente.jpg","type":"image\/jpeg"}],"author":"Fernando Vicente","twitter_card":"summary_large_image","twitter_creator":"@https:\/\/twitter.com\/fvicente_illust","twitter_site":"@fvicente_illust","twitter_misc":{"Written by":"Fernando Vicente","Est. reading time":"1 minute"},"schema":{"@context":"https:\/\/schema.org","@graph":[{"@type":"Article","@id":"https:\/\/www.fernandovicente.es\/en\/cartel-en\/cartel-feria-de-otono-2023\/#article","isPartOf":{"@id":"https:\/\/www.fernandovicente.es\/en\/cartel-en\/cartel-feria-de-otono-2023\/"},"author":{"name":"Fernando Vicente","@id":"https:\/\/www.fernandovicente.es\/en\/#\/schema\/person\/d49677cb48f2ea656b28261dd8f75d7f"},"headline":"2023 Autumn Fair Poster","datePublished":"2023-08-10T17:32:39+00:00","dateModified":"2025-08-09T09:10:35+00:00","mainEntityOfPage":{"@id":"https:\/\/www.fernandovicente.es\/en\/cartel-en\/cartel-feria-de-otono-2023\/"},"wordCount":158,"publisher":{"@id":"https:\/\/www.fernandovicente.es\/en\/#\/schema\/person\/d49677cb48f2ea656b28261dd8f75d7f"},"image":{"@id":"https:\/\/www.fernandovicente.es\/en\/cartel-en\/cartel-feria-de-otono-2023\/#primaryimage"},"thumbnailUrl":"https:\/\/www.fernandovicente.es\/wp-content\/uploads\/2023\/08\/Detalle-Feria-del-libro-de-Otono-2023-Fernando-Vicente.jpg","keywords":["cartel","cartel feria de oto\u00f1o","Feria del LIbro","Feria del Libro de Madrid","Fernando Vicente","Madrid"],"articleSection":["Book Fair","Illustration","Madrid","Oto\u00f1o","Poster"],"inLanguage":"en-US"},{"@type":"WebPage","@id":"https:\/\/www.fernandovicente.es\/en\/cartel-en\/cartel-feria-de-otono-2023\/","url":"https:\/\/www.fernandovicente.es\/en\/cartel-en\/cartel-feria-de-otono-2023\/","name":"2023 Autumn Fair Poster - Fernando Vicente","isPartOf":{"@id":"https:\/\/www.fernandovicente.es\/en\/#website"},"primaryImageOfPage":{"@id":"https:\/\/www.fernandovicente.es\/en\/cartel-en\/cartel-feria-de-otono-2023\/#primaryimage"},"image":{"@id":"https:\/\/www.fernandovicente.es\/en\/cartel-en\/cartel-feria-de-otono-2023\/#primaryimage"},"thumbnailUrl":"https:\/\/www.fernandovicente.es\/wp-content\/uploads\/2023\/08\/Detalle-Feria-del-libro-de-Otono-2023-Fernando-Vicente.jpg","datePublished":"2023-08-10T17:32:39+00:00","dateModified":"2025-08-09T09:10:35+00:00","description":"2023 Autumn Fair Poster: the 33rd Madrid Autumn Fair of Old and Antique Books on Paseo de Recoletos","breadcrumb":{"@id":"https:\/\/www.fernandovicente.es\/en\/cartel-en\/cartel-feria-de-otono-2023\/#breadcrumb"},"inLanguage":"en-US","potentialAction":[{"@type":"ReadAction","target":["https:\/\/www.fernandovicente.es\/en\/cartel-en\/cartel-feria-de-otono-2023\/"]}]},{"@type":"ImageObject","inLanguage":"en-US","@id":"https:\/\/www.fernandovicente.es\/en\/cartel-en\/cartel-feria-de-otono-2023\/#primaryimage","url":"https:\/\/www.fernandovicente.es\/wp-content\/uploads\/2023\/08\/Detalle-Feria-del-libro-de-Otono-2023-Fernando-Vicente.jpg","contentUrl":"https:\/\/www.fernandovicente.es\/wp-content\/uploads\/2023\/08\/Detalle-Feria-del-libro-de-Otono-2023-Fernando-Vicente.jpg","width":1200,"height":802,"caption":"Cartel Feria de Oto\u00f1o 2023 la 33\u00aa Feria de Oto\u00f1o del Libro Viejo y Antiguo de Madrid en el Paseo de Recoletos"},{"@type":"BreadcrumbList","@id":"https:\/\/www.fernandovicente.es\/en\/cartel-en\/cartel-feria-de-otono-2023\/#breadcrumb","itemListElement":[{"@type":"ListItem","position":1,"name":"Portada","item":"https:\/\/www.fernandovicente.es\/en\/"},{"@type":"ListItem","position":2,"name":"2023 Autumn Fair Poster"}]},{"@type":"WebSite","@id":"https:\/\/www.fernandovicente.es\/en\/#website","url":"https:\/\/www.fernandovicente.es\/en\/","name":"Fernando Vicente","description":"Ilustraci\u00f3n","publisher":{"@id":"https:\/\/www.fernandovicente.es\/en\/#\/schema\/person\/d49677cb48f2ea656b28261dd8f75d7f"},"potentialAction":[{"@type":"SearchAction","target":{"@type":"EntryPoint","urlTemplate":"https:\/\/www.fernandovicente.es\/en\/?s={search_term_string}"},"query-input":{"@type":"PropertyValueSpecification","valueRequired":true,"valueName":"search_term_string"}}],"inLanguage":"en-US"},{"@type":["Person","Organization"],"@id":"https:\/\/www.fernandovicente.es\/en\/#\/schema\/person\/d49677cb48f2ea656b28261dd8f75d7f","name":"Fernando Vicente","image":{"@type":"ImageObject","inLanguage":"en-US","@id":"https:\/\/www.fernandovicente.es\/en\/#\/schema\/person\/image\/","url":"https:\/\/www.fernandovicente.es\/wp-content\/uploads\/2014\/11\/fernando-vicente-Foto-e1419619123418.jpg","contentUrl":"https:\/\/www.fernandovicente.es\/wp-content\/uploads\/2014\/11\/fernando-vicente-Foto-e1419619123418.jpg","width":300,"height":300,"caption":"Fernando Vicente"},"logo":{"@id":"https:\/\/www.fernandovicente.es\/en\/#\/schema\/person\/image\/"},"description":"Fernando Vicente - Painter &amp; illustrator","sameAs":["http:\/\/www.fernandovicente.es","https:\/\/www.facebook.com\/FernandoVicenteIllustrator\/","https:\/\/www.instagram.com\/fvicente_illust\/","https:\/\/www.linkedin.com\/in\/fernando-vicente-97595012","https:\/\/www.pinterest.es\/FVicente_illust\/","https:\/\/x.com\/https:\/\/twitter.com\/fvicente_illust"]}]}},"_links":{"self":[{"href":"https:\/\/www.fernandovicente.es\/en\/wp-json\/wp\/v2\/posts\/13334","targetHints":{"allow":["GET"]}}],"collection":[{"href":"https:\/\/www.fernandovicente.es\/en\/wp-json\/wp\/v2\/posts"}],"about":[{"href":"https:\/\/www.fernandovicente.es\/en\/wp-json\/wp\/v2\/types\/post"}],"author":[{"embeddable":true,"href":"https:\/\/www.fernandovicente.es\/en\/wp-json\/wp\/v2\/users\/2"}],"replies":[{"embeddable":true,"href":"https:\/\/www.fernandovicente.es\/en\/wp-json\/wp\/v2\/comments?post=13334"}],"version-history":[{"count":3,"href":"https:\/\/www.fernandovicente.es\/en\/wp-json\/wp\/v2\/posts\/13334\/revisions"}],"predecessor-version":[{"id":16963,"href":"https:\/\/www.fernandovicente.es\/en\/wp-json\/wp\/v2\/posts\/13334\/revisions\/16963"}],"wp:featuredmedia":[{"embeddable":true,"href":"https:\/\/www.fernandovicente.es\/en\/wp-json\/wp\/v2\/media\/13333"}],"wp:attachment":[{"href":"https:\/\/www.fernandovicente.es\/en\/wp-json\/wp\/v2\/media?parent=13334"}],"wp:term":[{"taxonomy":"category","embeddable":true,"href":"https:\/\/www.fernandovicente.es\/en\/wp-json\/wp\/v2\/categories?post=13334"},{"taxonomy":"post_tag","embeddable":true,"href":"https:\/\/www.fernandovicente.es\/en\/wp-json\/wp\/v2\/tags?post=13334"}],"curies":[{"name":"wp","href":"https:\/\/api.w.org\/{rel}","templated":true}]}}