{"id":15261,"date":"2024-10-16T20:57:32","date_gmt":"2024-10-16T18:57:32","guid":{"rendered":"https:\/\/www.fernandovicente.es\/?p=15261"},"modified":"2024-10-16T21:08:57","modified_gmt":"2024-10-16T19:08:57","slug":"exposicion-en-barcelona-fernando-vicente","status":"publish","type":"post","link":"https:\/\/www.fernandovicente.es\/en\/barcelona-en\/exposicion-en-barcelona-fernando-vicente\/","title":{"rendered":"Exposici\u00f3n en Barcelona"},"content":{"rendered":"<p>Pr\u00f3xima exposici\u00f3n en Barcelona Inauguraci\u00f3n 17 de octubre de 2024 <a href=\"https:\/\/jorgealcolea.com\/fernando-vicente\/\">en la Galeria Jorge Alcolea Sala Nonell  <\/a><a href=\"https:\/\/x.com\/hashtag\/fernandovicente?src=hashtag_click\">#fernandovicente<\/a> \u00a1Os esperamos! Te lo vas a perder? Primera exposici\u00f3n en Barcelona El pintor e ilustrador <a href=\"https:\/\/www.fernandovicente.es\/\">Fernando Vicente <\/a>se presenta por fin en Barcelona con su obra nueva!!Ven a conocerlo y a descubrir en exclusiva su obra <\/p><div class=\"wp-block-image\"><figure class=\"aligncenter size-large\"><a href=\"https:\/\/www.fernandovicente.es\/wp-content\/uploads\/2024\/10\/Invitacion-Fernando-Vicente-copia-576x1024.jpeg\"><img loading=\"lazy\" decoding=\"async\" width=\"576\" height=\"1024\" src=\"https:\/\/www.fernandovicente.es\/wp-content\/uploads\/2024\/10\/Invitacion-Fernando-Vicente-copia-576x1024.jpeg\" alt=\"Exposici\u00f3n en Barcelona Invitaci\u00f3n Fernando Vicente\" class=\"wp-image-15249\" srcset=\"https:\/\/www.fernandovicente.es\/wp-content\/uploads\/2024\/10\/Invitacion-Fernando-Vicente-copia-576x1024.jpeg 576w, https:\/\/www.fernandovicente.es\/wp-content\/uploads\/2024\/10\/Invitacion-Fernando-Vicente-copia-169x300.jpeg 169w, https:\/\/www.fernandovicente.es\/wp-content\/uploads\/2024\/10\/Invitacion-Fernando-Vicente-copia-430x764.jpeg 430w\" sizes=\"auto, (max-width: 576px) 100vw, 576px\" \/><\/a><figcaption class=\"wp-element-caption\">Exposici\u00f3n en Barcelona Invitaci\u00f3n Fernando Vicente<\/figcaption><\/figure><\/div><figure class=\"wp-block-image size-large\"><a href=\"https:\/\/www.fernandovicente.es\/wp-content\/uploads\/2024\/10\/Invitacion-Fernando-Vicente-copia-1-1024x1024.jpeg\"><img loading=\"lazy\" decoding=\"async\" width=\"1024\" height=\"1024\" src=\"https:\/\/www.fernandovicente.es\/wp-content\/uploads\/2024\/10\/Invitacion-Fernando-Vicente-copia-1-1024x1024.jpeg\" alt=\"Exposici\u00f3n en Barcelona Fernando Vicente\" class=\"wp-image-15253\" srcset=\"https:\/\/www.fernandovicente.es\/wp-content\/uploads\/2024\/10\/Invitacion-Fernando-Vicente-copia-1-1024x1024.jpeg 1024w, https:\/\/www.fernandovicente.es\/wp-content\/uploads\/2024\/10\/Invitacion-Fernando-Vicente-copia-1-300x300.jpeg 300w, https:\/\/www.fernandovicente.es\/wp-content\/uploads\/2024\/10\/Invitacion-Fernando-Vicente-copia-1-150x150.jpeg 150w, https:\/\/www.fernandovicente.es\/wp-content\/uploads\/2024\/10\/Invitacion-Fernando-Vicente-copia-1-768x768.jpeg 768w, https:\/\/www.fernandovicente.es\/wp-content\/uploads\/2024\/10\/Invitacion-Fernando-Vicente-copia-1-430x430.jpeg 430w, https:\/\/www.fernandovicente.es\/wp-content\/uploads\/2024\/10\/Invitacion-Fernando-Vicente-copia-1-860x860.jpeg 860w, https:\/\/www.fernandovicente.es\/wp-content\/uploads\/2024\/10\/Invitacion-Fernando-Vicente-copia-1-600x600.jpeg 600w, https:\/\/www.fernandovicente.es\/wp-content\/uploads\/2024\/10\/Invitacion-Fernando-Vicente-copia-1-100x100.jpeg 100w, https:\/\/www.fernandovicente.es\/wp-content\/uploads\/2024\/10\/Invitacion-Fernando-Vicente-copia-1-50x50.jpeg 50w\" sizes=\"auto, (max-width: 1024px) 100vw, 1024px\" \/><\/a><figcaption class=\"wp-element-caption\">Invitaci\u00f3n Inauguraci\u00f3n y Vermu Fernando Vicente<\/figcaption><\/figure>","protected":false},"excerpt":{"rendered":"<p>Pr\u00f3xima exposici\u00f3n en Barcelona Inauguraci\u00f3n 17 de octubre de 2024 en la Galeria Jorge Alcolea Sala Nonell #fernandovicente \u00a1Os esperamos! Te lo vas a perder?&hellip;<\/p>\n","protected":false},"author":2,"featured_media":15266,"comment_status":"closed","ping_status":"closed","sticky":false,"template":"","format":"standard","meta":{"footnotes":""},"categories":[3878,3052,3879],"tags":[3498,3608,3880,555,339,3881,3882,3883,3727,3040,3884],"class_list":["post-15261","post","type-post","status-publish","format-standard","has-post-thumbnail","hentry","category-barcelona-en","category-exposicion-2-en","category-pintura-al-oleo-en","tag-alicia-en","tag-barcelona-en","tag-cinderella-en","tag-exposicion-en","tag-fernando-vicente-en","tag-ge-en","tag-georgina-en","tag-jorge-alcolea-en","tag-oleo-2-en","tag-pintura-en","tag-sala-nonell-en"],"yoast_head":"<!-- This site is optimized with the Yoast SEO plugin v26.9 - https:\/\/yoast.com\/product\/yoast-seo-wordpress\/ -->\n<title>Exposici\u00f3n en Barcelona - Fernando Vicente<\/title>\n<meta name=\"description\" content=\"Pr\u00f3xima exposici\u00f3n en Barcelona Inauguraci\u00f3n 17 de octubre de 2024 en la Galeria Jorge Alcolea Sala Nonell #fernandovicente \u00a1Os esperamos!\" \/>\n<meta name=\"robots\" content=\"index, follow, max-snippet:-1, max-image-preview:large, max-video-preview:-1\" \/>\n<link rel=\"canonical\" href=\"https:\/\/www.fernandovicente.es\/en\/barcelona-en\/exposicion-en-barcelona-fernando-vicente\/\" \/>\n<meta property=\"og:locale\" content=\"en_US\" \/>\n<meta property=\"og:type\" content=\"article\" \/>\n<meta property=\"og:title\" content=\"Exposici\u00f3n en Barcelona - Fernando Vicente\" \/>\n<meta property=\"og:description\" content=\"Pr\u00f3xima exposici\u00f3n en Barcelona Inauguraci\u00f3n 17 de octubre de 2024 en la Galeria Jorge Alcolea Sala Nonell #fernandovicente \u00a1Os esperamos!\" \/>\n<meta property=\"og:url\" content=\"https:\/\/www.fernandovicente.es\/en\/barcelona-en\/exposicion-en-barcelona-fernando-vicente\/\" \/>\n<meta property=\"og:site_name\" content=\"Fernando Vicente\" \/>\n<meta property=\"article:publisher\" content=\"https:\/\/www.facebook.com\/FernandoVicenteIllustrator\/\" \/>\n<meta property=\"article:author\" content=\"https:\/\/www.facebook.com\/FernandoVicenteIllustrator\/\" \/>\n<meta property=\"article:published_time\" content=\"2024-10-16T18:57:32+00:00\" \/>\n<meta property=\"article:modified_time\" content=\"2024-10-16T19:08:57+00:00\" \/>\n<meta property=\"og:image\" content=\"https:\/\/www.fernandovicente.es\/wp-content\/uploads\/2024\/10\/Invitacion-Fernando-Vicente-ok.jpg\" \/>\n\t<meta property=\"og:image:width\" content=\"2560\" \/>\n\t<meta property=\"og:image:height\" content=\"1617\" \/>\n\t<meta property=\"og:image:type\" content=\"image\/jpeg\" \/>\n<meta name=\"author\" content=\"Fernando Vicente\" \/>\n<meta name=\"twitter:card\" content=\"summary_large_image\" \/>\n<meta name=\"twitter:creator\" content=\"@https:\/\/twitter.com\/fvicente_illust\" \/>\n<meta name=\"twitter:site\" content=\"@fvicente_illust\" \/>\n<meta name=\"twitter:label1\" content=\"Written by\" \/>\n\t<meta name=\"twitter:data1\" content=\"Fernando Vicente\" \/>\n\t<meta name=\"twitter:label2\" content=\"Est. reading time\" \/>\n\t<meta name=\"twitter:data2\" content=\"1 minute\" \/>\n<script type=\"application\/ld+json\" class=\"yoast-schema-graph\">{\"@context\":\"https:\/\/schema.org\",\"@graph\":[{\"@type\":\"Article\",\"@id\":\"https:\/\/www.fernandovicente.es\/en\/barcelona-en\/exposicion-en-barcelona-fernando-vicente\/#article\",\"isPartOf\":{\"@id\":\"https:\/\/www.fernandovicente.es\/en\/barcelona-en\/exposicion-en-barcelona-fernando-vicente\/\"},\"author\":{\"name\":\"Fernando Vicente\",\"@id\":\"https:\/\/www.fernandovicente.es\/en\/#\/schema\/person\/d49677cb48f2ea656b28261dd8f75d7f\"},\"headline\":\"Exposici\u00f3n en Barcelona\",\"datePublished\":\"2024-10-16T18:57:32+00:00\",\"dateModified\":\"2024-10-16T19:08:57+00:00\",\"mainEntityOfPage\":{\"@id\":\"https:\/\/www.fernandovicente.es\/en\/barcelona-en\/exposicion-en-barcelona-fernando-vicente\/\"},\"wordCount\":77,\"publisher\":{\"@id\":\"https:\/\/www.fernandovicente.es\/en\/#\/schema\/person\/d49677cb48f2ea656b28261dd8f75d7f\"},\"image\":{\"@id\":\"https:\/\/www.fernandovicente.es\/en\/barcelona-en\/exposicion-en-barcelona-fernando-vicente\/#primaryimage\"},\"thumbnailUrl\":\"https:\/\/www.fernandovicente.es\/wp-content\/uploads\/2024\/10\/Invitacion-Fernando-Vicente-ok.jpg\",\"keywords\":[\"Alicia\",\"Barcelona\",\"Cinderella\",\"Exposici\u00f3n\",\"Fernando Vicente\",\"Ge\",\"Georgina\",\"Jorge Alcolea\",\"\u00f3leo\",\"Pintura\",\"Sala Nonell\"],\"articleSection\":[\"Barcelona\",\"Exposici\u00f3n\",\"Pintura al \u00f3leo\"],\"inLanguage\":\"en-US\"},{\"@type\":\"WebPage\",\"@id\":\"https:\/\/www.fernandovicente.es\/en\/barcelona-en\/exposicion-en-barcelona-fernando-vicente\/\",\"url\":\"https:\/\/www.fernandovicente.es\/en\/barcelona-en\/exposicion-en-barcelona-fernando-vicente\/\",\"name\":\"Exposici\u00f3n en Barcelona - Fernando Vicente\",\"isPartOf\":{\"@id\":\"https:\/\/www.fernandovicente.es\/en\/#website\"},\"primaryImageOfPage\":{\"@id\":\"https:\/\/www.fernandovicente.es\/en\/barcelona-en\/exposicion-en-barcelona-fernando-vicente\/#primaryimage\"},\"image\":{\"@id\":\"https:\/\/www.fernandovicente.es\/en\/barcelona-en\/exposicion-en-barcelona-fernando-vicente\/#primaryimage\"},\"thumbnailUrl\":\"https:\/\/www.fernandovicente.es\/wp-content\/uploads\/2024\/10\/Invitacion-Fernando-Vicente-ok.jpg\",\"datePublished\":\"2024-10-16T18:57:32+00:00\",\"dateModified\":\"2024-10-16T19:08:57+00:00\",\"description\":\"Pr\u00f3xima exposici\u00f3n en Barcelona Inauguraci\u00f3n 17 de octubre de 2024 en la Galeria Jorge Alcolea Sala Nonell #fernandovicente \u00a1Os esperamos!\",\"breadcrumb\":{\"@id\":\"https:\/\/www.fernandovicente.es\/en\/barcelona-en\/exposicion-en-barcelona-fernando-vicente\/#breadcrumb\"},\"inLanguage\":\"en-US\",\"potentialAction\":[{\"@type\":\"ReadAction\",\"target\":[\"https:\/\/www.fernandovicente.es\/en\/barcelona-en\/exposicion-en-barcelona-fernando-vicente\/\"]}]},{\"@type\":\"ImageObject\",\"inLanguage\":\"en-US\",\"@id\":\"https:\/\/www.fernandovicente.es\/en\/barcelona-en\/exposicion-en-barcelona-fernando-vicente\/#primaryimage\",\"url\":\"https:\/\/www.fernandovicente.es\/wp-content\/uploads\/2024\/10\/Invitacion-Fernando-Vicente-ok.jpg\",\"contentUrl\":\"https:\/\/www.fernandovicente.es\/wp-content\/uploads\/2024\/10\/Invitacion-Fernando-Vicente-ok.jpg\",\"width\":2560,\"height\":1617},{\"@type\":\"BreadcrumbList\",\"@id\":\"https:\/\/www.fernandovicente.es\/en\/barcelona-en\/exposicion-en-barcelona-fernando-vicente\/#breadcrumb\",\"itemListElement\":[{\"@type\":\"ListItem\",\"position\":1,\"name\":\"Portada\",\"item\":\"https:\/\/www.fernandovicente.es\/en\/\"},{\"@type\":\"ListItem\",\"position\":2,\"name\":\"Exposici\u00f3n en Barcelona\"}]},{\"@type\":\"WebSite\",\"@id\":\"https:\/\/www.fernandovicente.es\/en\/#website\",\"url\":\"https:\/\/www.fernandovicente.es\/en\/\",\"name\":\"Fernando Vicente\",\"description\":\"Ilustraci\u00f3n\",\"publisher\":{\"@id\":\"https:\/\/www.fernandovicente.es\/en\/#\/schema\/person\/d49677cb48f2ea656b28261dd8f75d7f\"},\"potentialAction\":[{\"@type\":\"SearchAction\",\"target\":{\"@type\":\"EntryPoint\",\"urlTemplate\":\"https:\/\/www.fernandovicente.es\/en\/?s={search_term_string}\"},\"query-input\":{\"@type\":\"PropertyValueSpecification\",\"valueRequired\":true,\"valueName\":\"search_term_string\"}}],\"inLanguage\":\"en-US\"},{\"@type\":[\"Person\",\"Organization\"],\"@id\":\"https:\/\/www.fernandovicente.es\/en\/#\/schema\/person\/d49677cb48f2ea656b28261dd8f75d7f\",\"name\":\"Fernando Vicente\",\"image\":{\"@type\":\"ImageObject\",\"inLanguage\":\"en-US\",\"@id\":\"https:\/\/www.fernandovicente.es\/en\/#\/schema\/person\/image\/\",\"url\":\"https:\/\/www.fernandovicente.es\/wp-content\/uploads\/2014\/11\/fernando-vicente-Foto-e1419619123418.jpg\",\"contentUrl\":\"https:\/\/www.fernandovicente.es\/wp-content\/uploads\/2014\/11\/fernando-vicente-Foto-e1419619123418.jpg\",\"width\":300,\"height\":300,\"caption\":\"Fernando Vicente\"},\"logo\":{\"@id\":\"https:\/\/www.fernandovicente.es\/en\/#\/schema\/person\/image\/\"},\"description\":\"Fernando Vicente - Painter &amp; illustrator\",\"sameAs\":[\"http:\/\/www.fernandovicente.es\",\"https:\/\/www.facebook.com\/FernandoVicenteIllustrator\/\",\"https:\/\/www.instagram.com\/fvicente_illust\/\",\"https:\/\/www.linkedin.com\/in\/fernando-vicente-97595012\",\"https:\/\/www.pinterest.es\/FVicente_illust\/\",\"https:\/\/x.com\/https:\/\/twitter.com\/fvicente_illust\"]}]}<\/script>\n<!-- \/ Yoast SEO plugin. -->","yoast_head_json":{"title":"Exposici\u00f3n en Barcelona - Fernando Vicente","description":"Pr\u00f3xima exposici\u00f3n en Barcelona Inauguraci\u00f3n 17 de octubre de 2024 en la Galeria Jorge Alcolea Sala Nonell #fernandovicente \u00a1Os esperamos!","robots":{"index":"index","follow":"follow","max-snippet":"max-snippet:-1","max-image-preview":"max-image-preview:large","max-video-preview":"max-video-preview:-1"},"canonical":"https:\/\/www.fernandovicente.es\/en\/barcelona-en\/exposicion-en-barcelona-fernando-vicente\/","og_locale":"en_US","og_type":"article","og_title":"Exposici\u00f3n en Barcelona - Fernando Vicente","og_description":"Pr\u00f3xima exposici\u00f3n en Barcelona Inauguraci\u00f3n 17 de octubre de 2024 en la Galeria Jorge Alcolea Sala Nonell #fernandovicente \u00a1Os esperamos!","og_url":"https:\/\/www.fernandovicente.es\/en\/barcelona-en\/exposicion-en-barcelona-fernando-vicente\/","og_site_name":"Fernando Vicente","article_publisher":"https:\/\/www.facebook.com\/FernandoVicenteIllustrator\/","article_author":"https:\/\/www.facebook.com\/FernandoVicenteIllustrator\/","article_published_time":"2024-10-16T18:57:32+00:00","article_modified_time":"2024-10-16T19:08:57+00:00","og_image":[{"width":2560,"height":1617,"url":"https:\/\/www.fernandovicente.es\/wp-content\/uploads\/2024\/10\/Invitacion-Fernando-Vicente-ok.jpg","type":"image\/jpeg"}],"author":"Fernando Vicente","twitter_card":"summary_large_image","twitter_creator":"@https:\/\/twitter.com\/fvicente_illust","twitter_site":"@fvicente_illust","twitter_misc":{"Written by":"Fernando Vicente","Est. reading time":"1 minute"},"schema":{"@context":"https:\/\/schema.org","@graph":[{"@type":"Article","@id":"https:\/\/www.fernandovicente.es\/en\/barcelona-en\/exposicion-en-barcelona-fernando-vicente\/#article","isPartOf":{"@id":"https:\/\/www.fernandovicente.es\/en\/barcelona-en\/exposicion-en-barcelona-fernando-vicente\/"},"author":{"name":"Fernando Vicente","@id":"https:\/\/www.fernandovicente.es\/en\/#\/schema\/person\/d49677cb48f2ea656b28261dd8f75d7f"},"headline":"Exposici\u00f3n en Barcelona","datePublished":"2024-10-16T18:57:32+00:00","dateModified":"2024-10-16T19:08:57+00:00","mainEntityOfPage":{"@id":"https:\/\/www.fernandovicente.es\/en\/barcelona-en\/exposicion-en-barcelona-fernando-vicente\/"},"wordCount":77,"publisher":{"@id":"https:\/\/www.fernandovicente.es\/en\/#\/schema\/person\/d49677cb48f2ea656b28261dd8f75d7f"},"image":{"@id":"https:\/\/www.fernandovicente.es\/en\/barcelona-en\/exposicion-en-barcelona-fernando-vicente\/#primaryimage"},"thumbnailUrl":"https:\/\/www.fernandovicente.es\/wp-content\/uploads\/2024\/10\/Invitacion-Fernando-Vicente-ok.jpg","keywords":["Alicia","Barcelona","Cinderella","Exposici\u00f3n","Fernando Vicente","Ge","Georgina","Jorge Alcolea","\u00f3leo","Pintura","Sala Nonell"],"articleSection":["Barcelona","Exposici\u00f3n","Pintura al \u00f3leo"],"inLanguage":"en-US"},{"@type":"WebPage","@id":"https:\/\/www.fernandovicente.es\/en\/barcelona-en\/exposicion-en-barcelona-fernando-vicente\/","url":"https:\/\/www.fernandovicente.es\/en\/barcelona-en\/exposicion-en-barcelona-fernando-vicente\/","name":"Exposici\u00f3n en Barcelona - Fernando Vicente","isPartOf":{"@id":"https:\/\/www.fernandovicente.es\/en\/#website"},"primaryImageOfPage":{"@id":"https:\/\/www.fernandovicente.es\/en\/barcelona-en\/exposicion-en-barcelona-fernando-vicente\/#primaryimage"},"image":{"@id":"https:\/\/www.fernandovicente.es\/en\/barcelona-en\/exposicion-en-barcelona-fernando-vicente\/#primaryimage"},"thumbnailUrl":"https:\/\/www.fernandovicente.es\/wp-content\/uploads\/2024\/10\/Invitacion-Fernando-Vicente-ok.jpg","datePublished":"2024-10-16T18:57:32+00:00","dateModified":"2024-10-16T19:08:57+00:00","description":"Pr\u00f3xima exposici\u00f3n en Barcelona Inauguraci\u00f3n 17 de octubre de 2024 en la Galeria Jorge Alcolea Sala Nonell #fernandovicente \u00a1Os esperamos!","breadcrumb":{"@id":"https:\/\/www.fernandovicente.es\/en\/barcelona-en\/exposicion-en-barcelona-fernando-vicente\/#breadcrumb"},"inLanguage":"en-US","potentialAction":[{"@type":"ReadAction","target":["https:\/\/www.fernandovicente.es\/en\/barcelona-en\/exposicion-en-barcelona-fernando-vicente\/"]}]},{"@type":"ImageObject","inLanguage":"en-US","@id":"https:\/\/www.fernandovicente.es\/en\/barcelona-en\/exposicion-en-barcelona-fernando-vicente\/#primaryimage","url":"https:\/\/www.fernandovicente.es\/wp-content\/uploads\/2024\/10\/Invitacion-Fernando-Vicente-ok.jpg","contentUrl":"https:\/\/www.fernandovicente.es\/wp-content\/uploads\/2024\/10\/Invitacion-Fernando-Vicente-ok.jpg","width":2560,"height":1617},{"@type":"BreadcrumbList","@id":"https:\/\/www.fernandovicente.es\/en\/barcelona-en\/exposicion-en-barcelona-fernando-vicente\/#breadcrumb","itemListElement":[{"@type":"ListItem","position":1,"name":"Portada","item":"https:\/\/www.fernandovicente.es\/en\/"},{"@type":"ListItem","position":2,"name":"Exposici\u00f3n en Barcelona"}]},{"@type":"WebSite","@id":"https:\/\/www.fernandovicente.es\/en\/#website","url":"https:\/\/www.fernandovicente.es\/en\/","name":"Fernando Vicente","description":"Ilustraci\u00f3n","publisher":{"@id":"https:\/\/www.fernandovicente.es\/en\/#\/schema\/person\/d49677cb48f2ea656b28261dd8f75d7f"},"potentialAction":[{"@type":"SearchAction","target":{"@type":"EntryPoint","urlTemplate":"https:\/\/www.fernandovicente.es\/en\/?s={search_term_string}"},"query-input":{"@type":"PropertyValueSpecification","valueRequired":true,"valueName":"search_term_string"}}],"inLanguage":"en-US"},{"@type":["Person","Organization"],"@id":"https:\/\/www.fernandovicente.es\/en\/#\/schema\/person\/d49677cb48f2ea656b28261dd8f75d7f","name":"Fernando Vicente","image":{"@type":"ImageObject","inLanguage":"en-US","@id":"https:\/\/www.fernandovicente.es\/en\/#\/schema\/person\/image\/","url":"https:\/\/www.fernandovicente.es\/wp-content\/uploads\/2014\/11\/fernando-vicente-Foto-e1419619123418.jpg","contentUrl":"https:\/\/www.fernandovicente.es\/wp-content\/uploads\/2014\/11\/fernando-vicente-Foto-e1419619123418.jpg","width":300,"height":300,"caption":"Fernando Vicente"},"logo":{"@id":"https:\/\/www.fernandovicente.es\/en\/#\/schema\/person\/image\/"},"description":"Fernando Vicente - Painter &amp; illustrator","sameAs":["http:\/\/www.fernandovicente.es","https:\/\/www.facebook.com\/FernandoVicenteIllustrator\/","https:\/\/www.instagram.com\/fvicente_illust\/","https:\/\/www.linkedin.com\/in\/fernando-vicente-97595012","https:\/\/www.pinterest.es\/FVicente_illust\/","https:\/\/x.com\/https:\/\/twitter.com\/fvicente_illust"]}]}},"_links":{"self":[{"href":"https:\/\/www.fernandovicente.es\/en\/wp-json\/wp\/v2\/posts\/15261","targetHints":{"allow":["GET"]}}],"collection":[{"href":"https:\/\/www.fernandovicente.es\/en\/wp-json\/wp\/v2\/posts"}],"about":[{"href":"https:\/\/www.fernandovicente.es\/en\/wp-json\/wp\/v2\/types\/post"}],"author":[{"embeddable":true,"href":"https:\/\/www.fernandovicente.es\/en\/wp-json\/wp\/v2\/users\/2"}],"replies":[{"embeddable":true,"href":"https:\/\/www.fernandovicente.es\/en\/wp-json\/wp\/v2\/comments?post=15261"}],"version-history":[{"count":1,"href":"https:\/\/www.fernandovicente.es\/en\/wp-json\/wp\/v2\/posts\/15261\/revisions"}],"predecessor-version":[{"id":15262,"href":"https:\/\/www.fernandovicente.es\/en\/wp-json\/wp\/v2\/posts\/15261\/revisions\/15262"}],"wp:featuredmedia":[{"embeddable":true,"href":"https:\/\/www.fernandovicente.es\/en\/wp-json\/wp\/v2\/media\/15266"}],"wp:attachment":[{"href":"https:\/\/www.fernandovicente.es\/en\/wp-json\/wp\/v2\/media?parent=15261"}],"wp:term":[{"taxonomy":"category","embeddable":true,"href":"https:\/\/www.fernandovicente.es\/en\/wp-json\/wp\/v2\/categories?post=15261"},{"taxonomy":"post_tag","embeddable":true,"href":"https:\/\/www.fernandovicente.es\/en\/wp-json\/wp\/v2\/tags?post=15261"}],"curies":[{"name":"wp","href":"https:\/\/api.w.org\/{rel}","templated":true}]}}