{"id":16725,"date":"2025-04-01T18:19:46","date_gmt":"2025-04-01T16:19:46","guid":{"rendered":"https:\/\/www.fernandovicente.es\/sin-categoria-en\/new-edition-of-alice-in-wonderland\/"},"modified":"2025-08-01T19:28:13","modified_gmt":"2025-08-01T17:28:13","slug":"new-edition-of-alice-in-wonderland","status":"publish","type":"post","link":"https:\/\/www.fernandovicente.es\/en\/libro-ilustrado-en\/new-edition-of-alice-in-wonderland\/","title":{"rendered":"New edition of Alice in Wonderland"},"content":{"rendered":"<figure class=\"wp-block-gallery has-nested-images columns-default is-cropped wp-block-gallery-1 is-layout-flex wp-block-gallery-is-layout-flex\"><figure class=\"wp-block-image size-large\"><a href=\"https:\/\/www.fernandovicente.es\/wp-content\/uploads\/2025\/04\/Alicia-en-el-pais-de-las-maravillas.NE2025-Cubierta-664x1024.jpg\"><img loading=\"lazy\" decoding=\"async\" width=\"664\" height=\"1024\" data-id=\"16210\" src=\"https:\/\/www.fernandovicente.es\/wp-content\/uploads\/2025\/04\/Alicia-en-el-pais-de-las-maravillas.NE2025-Cubierta-664x1024.jpg\" alt=\"New edition of Lewis Carroll's Alice in Wonderland, now published by N&#xF3;rdica Libros 2025 edition\" class=\"wp-image-16210\" srcset=\"https:\/\/www.fernandovicente.es\/wp-content\/uploads\/2025\/04\/Alicia-en-el-pais-de-las-maravillas.NE2025-Cubierta-664x1024.jpg 664w, https:\/\/www.fernandovicente.es\/wp-content\/uploads\/2025\/04\/Alicia-en-el-pais-de-las-maravillas.NE2025-Cubierta-195x300.jpg 195w, https:\/\/www.fernandovicente.es\/wp-content\/uploads\/2025\/04\/Alicia-en-el-pais-de-las-maravillas.NE2025-Cubierta-430x663.jpg 430w, https:\/\/www.fernandovicente.es\/wp-content\/uploads\/2025\/04\/Alicia-en-el-pais-de-las-maravillas.NE2025-Cubierta-600x925.jpg 600w\" sizes=\"auto, (max-width: 664px) 100vw, 664px\" \/><\/a><\/figure>\n\n<figure class=\"wp-block-image size-large\"><a href=\"https:\/\/www.fernandovicente.es\/wp-content\/uploads\/2025\/04\/Reina-de-corazones.-Alicia-en-el-Pais-de-las-Maravillas-Lewis-Carroll-Nordica-Libros-Fernando-Vicente-web.jpg\"><img loading=\"lazy\" decoding=\"async\" width=\"634\" height=\"900\" data-id=\"16194\" src=\"https:\/\/www.fernandovicente.es\/wp-content\/uploads\/2025\/04\/Reina-de-corazones.-Alicia-en-el-Pais-de-las-Maravillas-Lewis-Carroll-Nordica-Libros-Fernando-Vicente-web.jpg\" alt=\"\" class=\"wp-image-16194\" srcset=\"https:\/\/www.fernandovicente.es\/wp-content\/uploads\/2025\/04\/Reina-de-corazones.-Alicia-en-el-Pais-de-las-Maravillas-Lewis-Carroll-Nordica-Libros-Fernando-Vicente-web.jpg 634w, https:\/\/www.fernandovicente.es\/wp-content\/uploads\/2025\/04\/Reina-de-corazones.-Alicia-en-el-Pais-de-las-Maravillas-Lewis-Carroll-Nordica-Libros-Fernando-Vicente-web-211x300.jpg 211w, https:\/\/www.fernandovicente.es\/wp-content\/uploads\/2025\/04\/Reina-de-corazones.-Alicia-en-el-Pais-de-las-Maravillas-Lewis-Carroll-Nordica-Libros-Fernando-Vicente-web-430x610.jpg 430w, https:\/\/www.fernandovicente.es\/wp-content\/uploads\/2025\/04\/Reina-de-corazones.-Alicia-en-el-Pais-de-las-Maravillas-Lewis-Carroll-Nordica-Libros-Fernando-Vicente-web-600x852.jpg 600w\" sizes=\"auto, (max-width: 634px) 100vw, 634px\" \/><\/a><\/figure>\n\n<figure class=\"wp-block-image size-large\"><a href=\"https:\/\/www.fernandovicente.es\/wp-content\/uploads\/2025\/04\/01-3-Alicia-en-el-Pais-de-las-Maravillas-Lewis-Carroll-Nordica-Libros-Fernando-Vicente-web.jpg\"><img loading=\"lazy\" decoding=\"async\" width=\"634\" height=\"900\" data-id=\"16154\" src=\"https:\/\/www.fernandovicente.es\/wp-content\/uploads\/2025\/04\/01-3-Alicia-en-el-Pais-de-las-Maravillas-Lewis-Carroll-Nordica-Libros-Fernando-Vicente-web.jpg\" alt=\"\" class=\"wp-image-16154\" srcset=\"https:\/\/www.fernandovicente.es\/wp-content\/uploads\/2025\/04\/01-3-Alicia-en-el-Pais-de-las-Maravillas-Lewis-Carroll-Nordica-Libros-Fernando-Vicente-web.jpg 634w, https:\/\/www.fernandovicente.es\/wp-content\/uploads\/2025\/04\/01-3-Alicia-en-el-Pais-de-las-Maravillas-Lewis-Carroll-Nordica-Libros-Fernando-Vicente-web-211x300.jpg 211w, https:\/\/www.fernandovicente.es\/wp-content\/uploads\/2025\/04\/01-3-Alicia-en-el-Pais-de-las-Maravillas-Lewis-Carroll-Nordica-Libros-Fernando-Vicente-web-430x610.jpg 430w, https:\/\/www.fernandovicente.es\/wp-content\/uploads\/2025\/04\/01-3-Alicia-en-el-Pais-de-las-Maravillas-Lewis-Carroll-Nordica-Libros-Fernando-Vicente-web-600x852.jpg 600w\" sizes=\"auto, (max-width: 634px) 100vw, 634px\" \/><\/a><\/figure>\n\n<figure class=\"wp-block-image size-large\"><a href=\"https:\/\/www.fernandovicente.es\/wp-content\/uploads\/2025\/04\/01-4-Alicia-en-el-Pais-de-las-Maravillas-Lewis-Carroll-Nordica-Libros-Fernando-Vicente-web.jpg\"><img loading=\"lazy\" decoding=\"async\" width=\"634\" height=\"900\" data-id=\"16156\" src=\"https:\/\/www.fernandovicente.es\/wp-content\/uploads\/2025\/04\/01-4-Alicia-en-el-Pais-de-las-Maravillas-Lewis-Carroll-Nordica-Libros-Fernando-Vicente-web.jpg\" alt=\"\" class=\"wp-image-16156\" srcset=\"https:\/\/www.fernandovicente.es\/wp-content\/uploads\/2025\/04\/01-4-Alicia-en-el-Pais-de-las-Maravillas-Lewis-Carroll-Nordica-Libros-Fernando-Vicente-web.jpg 634w, https:\/\/www.fernandovicente.es\/wp-content\/uploads\/2025\/04\/01-4-Alicia-en-el-Pais-de-las-Maravillas-Lewis-Carroll-Nordica-Libros-Fernando-Vicente-web-211x300.jpg 211w, https:\/\/www.fernandovicente.es\/wp-content\/uploads\/2025\/04\/01-4-Alicia-en-el-Pais-de-las-Maravillas-Lewis-Carroll-Nordica-Libros-Fernando-Vicente-web-430x610.jpg 430w, https:\/\/www.fernandovicente.es\/wp-content\/uploads\/2025\/04\/01-4-Alicia-en-el-Pais-de-las-Maravillas-Lewis-Carroll-Nordica-Libros-Fernando-Vicente-web-600x852.jpg 600w\" sizes=\"auto, (max-width: 634px) 100vw, 634px\" \/><\/a><\/figure>\n\n<figure class=\"wp-block-image size-large\"><a href=\"https:\/\/www.fernandovicente.es\/wp-content\/uploads\/2025\/04\/01-Alicia-en-el-Pais-de-las-Maravillas-Lewis-Carroll-Nordica-Libros-Fernando-Vicente-web.jpg\"><img loading=\"lazy\" decoding=\"async\" width=\"634\" height=\"900\" data-id=\"16150\" src=\"https:\/\/www.fernandovicente.es\/wp-content\/uploads\/2025\/04\/01-Alicia-en-el-Pais-de-las-Maravillas-Lewis-Carroll-Nordica-Libros-Fernando-Vicente-web.jpg\" alt=\"\" class=\"wp-image-16150\" srcset=\"https:\/\/www.fernandovicente.es\/wp-content\/uploads\/2025\/04\/01-Alicia-en-el-Pais-de-las-Maravillas-Lewis-Carroll-Nordica-Libros-Fernando-Vicente-web.jpg 634w, https:\/\/www.fernandovicente.es\/wp-content\/uploads\/2025\/04\/01-Alicia-en-el-Pais-de-las-Maravillas-Lewis-Carroll-Nordica-Libros-Fernando-Vicente-web-211x300.jpg 211w, https:\/\/www.fernandovicente.es\/wp-content\/uploads\/2025\/04\/01-Alicia-en-el-Pais-de-las-Maravillas-Lewis-Carroll-Nordica-Libros-Fernando-Vicente-web-430x610.jpg 430w, https:\/\/www.fernandovicente.es\/wp-content\/uploads\/2025\/04\/01-Alicia-en-el-Pais-de-las-Maravillas-Lewis-Carroll-Nordica-Libros-Fernando-Vicente-web-600x852.jpg 600w\" sizes=\"auto, (max-width: 634px) 100vw, 634px\" \/><\/a><\/figure>\n\n<figure class=\"wp-block-image size-large\"><a href=\"https:\/\/www.fernandovicente.es\/wp-content\/uploads\/2025\/04\/01-2-Alicia-en-el-Pais-de-las-Maravillas-Lewis-Carroll-Nordica-Libros-Fernando-Vicente-web.jpg\"><img loading=\"lazy\" decoding=\"async\" width=\"634\" height=\"900\" data-id=\"16152\" src=\"https:\/\/www.fernandovicente.es\/wp-content\/uploads\/2025\/04\/01-2-Alicia-en-el-Pais-de-las-Maravillas-Lewis-Carroll-Nordica-Libros-Fernando-Vicente-web.jpg\" alt=\"\" class=\"wp-image-16152\" srcset=\"https:\/\/www.fernandovicente.es\/wp-content\/uploads\/2025\/04\/01-2-Alicia-en-el-Pais-de-las-Maravillas-Lewis-Carroll-Nordica-Libros-Fernando-Vicente-web.jpg 634w, https:\/\/www.fernandovicente.es\/wp-content\/uploads\/2025\/04\/01-2-Alicia-en-el-Pais-de-las-Maravillas-Lewis-Carroll-Nordica-Libros-Fernando-Vicente-web-211x300.jpg 211w, https:\/\/www.fernandovicente.es\/wp-content\/uploads\/2025\/04\/01-2-Alicia-en-el-Pais-de-las-Maravillas-Lewis-Carroll-Nordica-Libros-Fernando-Vicente-web-430x610.jpg 430w, https:\/\/www.fernandovicente.es\/wp-content\/uploads\/2025\/04\/01-2-Alicia-en-el-Pais-de-las-Maravillas-Lewis-Carroll-Nordica-Libros-Fernando-Vicente-web-600x852.jpg 600w\" sizes=\"auto, (max-width: 634px) 100vw, 634px\" \/><\/a><\/figure>\n\n<figure class=\"wp-block-image size-large\"><a href=\"https:\/\/www.fernandovicente.es\/wp-content\/uploads\/2025\/04\/02-Alicia-en-el-Pais-de-las-Maravillas-Lewis-Carroll-Nordica-Libros-Fernando-Vicente-web-1024x746.jpg\"><img loading=\"lazy\" decoding=\"async\" width=\"1024\" height=\"746\" data-id=\"16158\" src=\"https:\/\/www.fernandovicente.es\/wp-content\/uploads\/2025\/04\/02-Alicia-en-el-Pais-de-las-Maravillas-Lewis-Carroll-Nordica-Libros-Fernando-Vicente-web-1024x746.jpg\" alt=\"\" class=\"wp-image-16158\" srcset=\"https:\/\/www.fernandovicente.es\/wp-content\/uploads\/2025\/04\/02-Alicia-en-el-Pais-de-las-Maravillas-Lewis-Carroll-Nordica-Libros-Fernando-Vicente-web-1024x746.jpg 1024w, https:\/\/www.fernandovicente.es\/wp-content\/uploads\/2025\/04\/02-Alicia-en-el-Pais-de-las-Maravillas-Lewis-Carroll-Nordica-Libros-Fernando-Vicente-web-300x219.jpg 300w, https:\/\/www.fernandovicente.es\/wp-content\/uploads\/2025\/04\/02-Alicia-en-el-Pais-de-las-Maravillas-Lewis-Carroll-Nordica-Libros-Fernando-Vicente-web-768x560.jpg 768w, https:\/\/www.fernandovicente.es\/wp-content\/uploads\/2025\/04\/02-Alicia-en-el-Pais-de-las-Maravillas-Lewis-Carroll-Nordica-Libros-Fernando-Vicente-web-430x313.jpg 430w, https:\/\/www.fernandovicente.es\/wp-content\/uploads\/2025\/04\/02-Alicia-en-el-Pais-de-las-Maravillas-Lewis-Carroll-Nordica-Libros-Fernando-Vicente-web-860x627.jpg 860w, https:\/\/www.fernandovicente.es\/wp-content\/uploads\/2025\/04\/02-Alicia-en-el-Pais-de-las-Maravillas-Lewis-Carroll-Nordica-Libros-Fernando-Vicente-web-600x437.jpg 600w\" sizes=\"auto, (max-width: 1024px) 100vw, 1024px\" \/><\/a><\/figure>\n\n<figure class=\"wp-block-image size-large\"><a href=\"https:\/\/www.fernandovicente.es\/wp-content\/uploads\/2025\/04\/02-2-Alicia-en-el-Pais-de-las-Maravillas-Lewis-Carroll-Nordica-Libros-Fernando-Vicente-web.jpg\"><img loading=\"lazy\" decoding=\"async\" width=\"634\" height=\"900\" data-id=\"16160\" src=\"https:\/\/www.fernandovicente.es\/wp-content\/uploads\/2025\/04\/02-2-Alicia-en-el-Pais-de-las-Maravillas-Lewis-Carroll-Nordica-Libros-Fernando-Vicente-web.jpg\" alt=\"\" class=\"wp-image-16160\" srcset=\"https:\/\/www.fernandovicente.es\/wp-content\/uploads\/2025\/04\/02-2-Alicia-en-el-Pais-de-las-Maravillas-Lewis-Carroll-Nordica-Libros-Fernando-Vicente-web.jpg 634w, https:\/\/www.fernandovicente.es\/wp-content\/uploads\/2025\/04\/02-2-Alicia-en-el-Pais-de-las-Maravillas-Lewis-Carroll-Nordica-Libros-Fernando-Vicente-web-211x300.jpg 211w, https:\/\/www.fernandovicente.es\/wp-content\/uploads\/2025\/04\/02-2-Alicia-en-el-Pais-de-las-Maravillas-Lewis-Carroll-Nordica-Libros-Fernando-Vicente-web-430x610.jpg 430w, https:\/\/www.fernandovicente.es\/wp-content\/uploads\/2025\/04\/02-2-Alicia-en-el-Pais-de-las-Maravillas-Lewis-Carroll-Nordica-Libros-Fernando-Vicente-web-600x852.jpg 600w\" sizes=\"auto, (max-width: 634px) 100vw, 634px\" \/><\/a><\/figure>\n\n<figure class=\"wp-block-image size-large\"><a href=\"https:\/\/www.fernandovicente.es\/wp-content\/uploads\/2025\/04\/04-Alicia-en-el-Pais-de-las-Maravillas-Lewis-Carroll-Nordica-Libros-Fernando-Vicente-web-1024x746.jpg\"><img loading=\"lazy\" decoding=\"async\" width=\"1024\" height=\"746\" data-id=\"16162\" src=\"https:\/\/www.fernandovicente.es\/wp-content\/uploads\/2025\/04\/04-Alicia-en-el-Pais-de-las-Maravillas-Lewis-Carroll-Nordica-Libros-Fernando-Vicente-web-1024x746.jpg\" alt=\"New edition of Lewis Carroll's Alice in Wonderland, now published by N&#xF3;rdica Libros 2025 edition\" class=\"wp-image-16162\" srcset=\"https:\/\/www.fernandovicente.es\/wp-content\/uploads\/2025\/04\/04-Alicia-en-el-Pais-de-las-Maravillas-Lewis-Carroll-Nordica-Libros-Fernando-Vicente-web-1024x746.jpg 1024w, https:\/\/www.fernandovicente.es\/wp-content\/uploads\/2025\/04\/04-Alicia-en-el-Pais-de-las-Maravillas-Lewis-Carroll-Nordica-Libros-Fernando-Vicente-web-300x219.jpg 300w, https:\/\/www.fernandovicente.es\/wp-content\/uploads\/2025\/04\/04-Alicia-en-el-Pais-de-las-Maravillas-Lewis-Carroll-Nordica-Libros-Fernando-Vicente-web-768x560.jpg 768w, https:\/\/www.fernandovicente.es\/wp-content\/uploads\/2025\/04\/04-Alicia-en-el-Pais-de-las-Maravillas-Lewis-Carroll-Nordica-Libros-Fernando-Vicente-web-430x313.jpg 430w, https:\/\/www.fernandovicente.es\/wp-content\/uploads\/2025\/04\/04-Alicia-en-el-Pais-de-las-Maravillas-Lewis-Carroll-Nordica-Libros-Fernando-Vicente-web-860x627.jpg 860w, https:\/\/www.fernandovicente.es\/wp-content\/uploads\/2025\/04\/04-Alicia-en-el-Pais-de-las-Maravillas-Lewis-Carroll-Nordica-Libros-Fernando-Vicente-web-600x437.jpg 600w\" sizes=\"auto, (max-width: 1024px) 100vw, 1024px\" \/><\/a><\/figure>\n\n<figure class=\"wp-block-image size-large\"><a href=\"https:\/\/www.fernandovicente.es\/wp-content\/uploads\/2025\/04\/05-Alicia-en-el-Pais-de-las-Maravillas-Lewis-Carroll-Nordica-Libros-Fernando-Vicente-web-1024x746.jpg\"><img loading=\"lazy\" decoding=\"async\" width=\"1024\" height=\"746\" data-id=\"16164\" src=\"https:\/\/www.fernandovicente.es\/wp-content\/uploads\/2025\/04\/05-Alicia-en-el-Pais-de-las-Maravillas-Lewis-Carroll-Nordica-Libros-Fernando-Vicente-web-1024x746.jpg\" alt=\"\" class=\"wp-image-16164\" srcset=\"https:\/\/www.fernandovicente.es\/wp-content\/uploads\/2025\/04\/05-Alicia-en-el-Pais-de-las-Maravillas-Lewis-Carroll-Nordica-Libros-Fernando-Vicente-web-1024x746.jpg 1024w, https:\/\/www.fernandovicente.es\/wp-content\/uploads\/2025\/04\/05-Alicia-en-el-Pais-de-las-Maravillas-Lewis-Carroll-Nordica-Libros-Fernando-Vicente-web-300x219.jpg 300w, https:\/\/www.fernandovicente.es\/wp-content\/uploads\/2025\/04\/05-Alicia-en-el-Pais-de-las-Maravillas-Lewis-Carroll-Nordica-Libros-Fernando-Vicente-web-768x560.jpg 768w, https:\/\/www.fernandovicente.es\/wp-content\/uploads\/2025\/04\/05-Alicia-en-el-Pais-de-las-Maravillas-Lewis-Carroll-Nordica-Libros-Fernando-Vicente-web-430x313.jpg 430w, https:\/\/www.fernandovicente.es\/wp-content\/uploads\/2025\/04\/05-Alicia-en-el-Pais-de-las-Maravillas-Lewis-Carroll-Nordica-Libros-Fernando-Vicente-web-860x627.jpg 860w, https:\/\/www.fernandovicente.es\/wp-content\/uploads\/2025\/04\/05-Alicia-en-el-Pais-de-las-Maravillas-Lewis-Carroll-Nordica-Libros-Fernando-Vicente-web-600x437.jpg 600w\" sizes=\"auto, (max-width: 1024px) 100vw, 1024px\" \/><\/a><\/figure>\n\n<figure class=\"wp-block-image size-large\"><a href=\"https:\/\/www.fernandovicente.es\/wp-content\/uploads\/2025\/04\/06-Alicia-en-el-Pais-de-las-Maravillas-Lewis-Carroll-Nordica-Libros-Fernando-Vicente-web.jpg\"><img loading=\"lazy\" decoding=\"async\" width=\"634\" height=\"900\" data-id=\"16166\" src=\"https:\/\/www.fernandovicente.es\/wp-content\/uploads\/2025\/04\/06-Alicia-en-el-Pais-de-las-Maravillas-Lewis-Carroll-Nordica-Libros-Fernando-Vicente-web.jpg\" alt=\"\" class=\"wp-image-16166\" srcset=\"https:\/\/www.fernandovicente.es\/wp-content\/uploads\/2025\/04\/06-Alicia-en-el-Pais-de-las-Maravillas-Lewis-Carroll-Nordica-Libros-Fernando-Vicente-web.jpg 634w, https:\/\/www.fernandovicente.es\/wp-content\/uploads\/2025\/04\/06-Alicia-en-el-Pais-de-las-Maravillas-Lewis-Carroll-Nordica-Libros-Fernando-Vicente-web-211x300.jpg 211w, https:\/\/www.fernandovicente.es\/wp-content\/uploads\/2025\/04\/06-Alicia-en-el-Pais-de-las-Maravillas-Lewis-Carroll-Nordica-Libros-Fernando-Vicente-web-430x610.jpg 430w, https:\/\/www.fernandovicente.es\/wp-content\/uploads\/2025\/04\/06-Alicia-en-el-Pais-de-las-Maravillas-Lewis-Carroll-Nordica-Libros-Fernando-Vicente-web-600x852.jpg 600w\" sizes=\"auto, (max-width: 634px) 100vw, 634px\" \/><\/a><\/figure>\n\n<figure class=\"wp-block-image size-large\"><a href=\"https:\/\/www.fernandovicente.es\/wp-content\/uploads\/2025\/04\/06-2-Alicia-en-el-Pais-de-las-Maravillas-Lewis-Carroll-Nordica-Libros-Fernando-Vicente-web-1024x746.jpg\"><img loading=\"lazy\" decoding=\"async\" width=\"1024\" height=\"746\" data-id=\"16168\" src=\"https:\/\/www.fernandovicente.es\/wp-content\/uploads\/2025\/04\/06-2-Alicia-en-el-Pais-de-las-Maravillas-Lewis-Carroll-Nordica-Libros-Fernando-Vicente-web-1024x746.jpg\" alt=\"\" class=\"wp-image-16168\" srcset=\"https:\/\/www.fernandovicente.es\/wp-content\/uploads\/2025\/04\/06-2-Alicia-en-el-Pais-de-las-Maravillas-Lewis-Carroll-Nordica-Libros-Fernando-Vicente-web-1024x746.jpg 1024w, https:\/\/www.fernandovicente.es\/wp-content\/uploads\/2025\/04\/06-2-Alicia-en-el-Pais-de-las-Maravillas-Lewis-Carroll-Nordica-Libros-Fernando-Vicente-web-300x219.jpg 300w, https:\/\/www.fernandovicente.es\/wp-content\/uploads\/2025\/04\/06-2-Alicia-en-el-Pais-de-las-Maravillas-Lewis-Carroll-Nordica-Libros-Fernando-Vicente-web-768x560.jpg 768w, https:\/\/www.fernandovicente.es\/wp-content\/uploads\/2025\/04\/06-2-Alicia-en-el-Pais-de-las-Maravillas-Lewis-Carroll-Nordica-Libros-Fernando-Vicente-web-430x313.jpg 430w, https:\/\/www.fernandovicente.es\/wp-content\/uploads\/2025\/04\/06-2-Alicia-en-el-Pais-de-las-Maravillas-Lewis-Carroll-Nordica-Libros-Fernando-Vicente-web-860x627.jpg 860w, https:\/\/www.fernandovicente.es\/wp-content\/uploads\/2025\/04\/06-2-Alicia-en-el-Pais-de-las-Maravillas-Lewis-Carroll-Nordica-Libros-Fernando-Vicente-web-600x437.jpg 600w\" sizes=\"auto, (max-width: 1024px) 100vw, 1024px\" \/><\/a><\/figure>\n\n<figure class=\"wp-block-image size-large\"><a href=\"https:\/\/www.fernandovicente.es\/wp-content\/uploads\/2025\/04\/08-Alicia-en-el-Pais-de-las-Maravillas-Lewis-Carroll-Nordica-Libros-Fernando-Vicente-web.jpg\"><img loading=\"lazy\" decoding=\"async\" width=\"634\" height=\"900\" data-id=\"16174\" src=\"https:\/\/www.fernandovicente.es\/wp-content\/uploads\/2025\/04\/08-Alicia-en-el-Pais-de-las-Maravillas-Lewis-Carroll-Nordica-Libros-Fernando-Vicente-web.jpg\" alt=\"New edition of Lewis Carroll's Alice in Wonderland, now published by N&#xF3;rdica Libros 2025 edition&#10;\" class=\"wp-image-16174\" srcset=\"https:\/\/www.fernandovicente.es\/wp-content\/uploads\/2025\/04\/08-Alicia-en-el-Pais-de-las-Maravillas-Lewis-Carroll-Nordica-Libros-Fernando-Vicente-web.jpg 634w, https:\/\/www.fernandovicente.es\/wp-content\/uploads\/2025\/04\/08-Alicia-en-el-Pais-de-las-Maravillas-Lewis-Carroll-Nordica-Libros-Fernando-Vicente-web-211x300.jpg 211w, https:\/\/www.fernandovicente.es\/wp-content\/uploads\/2025\/04\/08-Alicia-en-el-Pais-de-las-Maravillas-Lewis-Carroll-Nordica-Libros-Fernando-Vicente-web-430x610.jpg 430w, https:\/\/www.fernandovicente.es\/wp-content\/uploads\/2025\/04\/08-Alicia-en-el-Pais-de-las-Maravillas-Lewis-Carroll-Nordica-Libros-Fernando-Vicente-web-600x852.jpg 600w\" sizes=\"auto, (max-width: 634px) 100vw, 634px\" \/><\/a><\/figure>\n\n<figure class=\"wp-block-image size-large\"><a href=\"https:\/\/www.fernandovicente.es\/wp-content\/uploads\/2025\/04\/07-Alicia-en-el-Pais-de-las-Maravillas-Lewis-Carroll-Nordica-Libros-Fernando-Vicente-web-1024x746.jpg\"><img loading=\"lazy\" decoding=\"async\" width=\"1024\" height=\"746\" data-id=\"16172\" src=\"https:\/\/www.fernandovicente.es\/wp-content\/uploads\/2025\/04\/07-Alicia-en-el-Pais-de-las-Maravillas-Lewis-Carroll-Nordica-Libros-Fernando-Vicente-web-1024x746.jpg\" alt=\"Alice in Wonderland Gicl&#xE9;e\" class=\"wp-image-16172\" srcset=\"https:\/\/www.fernandovicente.es\/wp-content\/uploads\/2025\/04\/07-Alicia-en-el-Pais-de-las-Maravillas-Lewis-Carroll-Nordica-Libros-Fernando-Vicente-web-1024x746.jpg 1024w, https:\/\/www.fernandovicente.es\/wp-content\/uploads\/2025\/04\/07-Alicia-en-el-Pais-de-las-Maravillas-Lewis-Carroll-Nordica-Libros-Fernando-Vicente-web-300x219.jpg 300w, https:\/\/www.fernandovicente.es\/wp-content\/uploads\/2025\/04\/07-Alicia-en-el-Pais-de-las-Maravillas-Lewis-Carroll-Nordica-Libros-Fernando-Vicente-web-768x560.jpg 768w, https:\/\/www.fernandovicente.es\/wp-content\/uploads\/2025\/04\/07-Alicia-en-el-Pais-de-las-Maravillas-Lewis-Carroll-Nordica-Libros-Fernando-Vicente-web-430x313.jpg 430w, https:\/\/www.fernandovicente.es\/wp-content\/uploads\/2025\/04\/07-Alicia-en-el-Pais-de-las-Maravillas-Lewis-Carroll-Nordica-Libros-Fernando-Vicente-web-860x627.jpg 860w, https:\/\/www.fernandovicente.es\/wp-content\/uploads\/2025\/04\/07-Alicia-en-el-Pais-de-las-Maravillas-Lewis-Carroll-Nordica-Libros-Fernando-Vicente-web-600x437.jpg 600w\" sizes=\"auto, (max-width: 1024px) 100vw, 1024px\" \/><\/a><figcaption class=\"wp-element-caption\">Alice in Wonderland<\/figcaption><\/figure>\n\n<figure class=\"wp-block-image size-large\"><a href=\"https:\/\/www.fernandovicente.es\/wp-content\/uploads\/2025\/04\/06-3-Alicia-en-el-Pais-de-las-Maravillas-Lewis-Carroll-Nordica-Libros-Fernando-Vicente-web.jpg\"><img loading=\"lazy\" decoding=\"async\" width=\"634\" height=\"900\" data-id=\"16170\" src=\"https:\/\/www.fernandovicente.es\/wp-content\/uploads\/2025\/04\/06-3-Alicia-en-el-Pais-de-las-Maravillas-Lewis-Carroll-Nordica-Libros-Fernando-Vicente-web.jpg\" alt=\"\" class=\"wp-image-16170\" srcset=\"https:\/\/www.fernandovicente.es\/wp-content\/uploads\/2025\/04\/06-3-Alicia-en-el-Pais-de-las-Maravillas-Lewis-Carroll-Nordica-Libros-Fernando-Vicente-web.jpg 634w, https:\/\/www.fernandovicente.es\/wp-content\/uploads\/2025\/04\/06-3-Alicia-en-el-Pais-de-las-Maravillas-Lewis-Carroll-Nordica-Libros-Fernando-Vicente-web-211x300.jpg 211w, https:\/\/www.fernandovicente.es\/wp-content\/uploads\/2025\/04\/06-3-Alicia-en-el-Pais-de-las-Maravillas-Lewis-Carroll-Nordica-Libros-Fernando-Vicente-web-430x610.jpg 430w, https:\/\/www.fernandovicente.es\/wp-content\/uploads\/2025\/04\/06-3-Alicia-en-el-Pais-de-las-Maravillas-Lewis-Carroll-Nordica-Libros-Fernando-Vicente-web-600x852.jpg 600w\" sizes=\"auto, (max-width: 634px) 100vw, 634px\" \/><\/a><\/figure>\n\n<figure class=\"wp-block-image size-large\"><a href=\"https:\/\/www.fernandovicente.es\/wp-content\/uploads\/2025\/04\/08-2-Alicia-en-el-Pais-de-las-Maravillas-Lewis-Carroll-Nordica-Libros-Fernando-Vicente-web-1024x746.jpg\"><img loading=\"lazy\" decoding=\"async\" width=\"1024\" height=\"746\" data-id=\"16176\" src=\"https:\/\/www.fernandovicente.es\/wp-content\/uploads\/2025\/04\/08-2-Alicia-en-el-Pais-de-las-Maravillas-Lewis-Carroll-Nordica-Libros-Fernando-Vicente-web-1024x746.jpg\" alt=\"New edition of Lewis Carroll's Alice in Wonderland, now published by N&#xF3;rdica Libros 2025 edition\" class=\"wp-image-16176\" srcset=\"https:\/\/www.fernandovicente.es\/wp-content\/uploads\/2025\/04\/08-2-Alicia-en-el-Pais-de-las-Maravillas-Lewis-Carroll-Nordica-Libros-Fernando-Vicente-web-1024x746.jpg 1024w, https:\/\/www.fernandovicente.es\/wp-content\/uploads\/2025\/04\/08-2-Alicia-en-el-Pais-de-las-Maravillas-Lewis-Carroll-Nordica-Libros-Fernando-Vicente-web-300x219.jpg 300w, https:\/\/www.fernandovicente.es\/wp-content\/uploads\/2025\/04\/08-2-Alicia-en-el-Pais-de-las-Maravillas-Lewis-Carroll-Nordica-Libros-Fernando-Vicente-web-768x560.jpg 768w, https:\/\/www.fernandovicente.es\/wp-content\/uploads\/2025\/04\/08-2-Alicia-en-el-Pais-de-las-Maravillas-Lewis-Carroll-Nordica-Libros-Fernando-Vicente-web-430x313.jpg 430w, https:\/\/www.fernandovicente.es\/wp-content\/uploads\/2025\/04\/08-2-Alicia-en-el-Pais-de-las-Maravillas-Lewis-Carroll-Nordica-Libros-Fernando-Vicente-web-860x627.jpg 860w, https:\/\/www.fernandovicente.es\/wp-content\/uploads\/2025\/04\/08-2-Alicia-en-el-Pais-de-las-Maravillas-Lewis-Carroll-Nordica-Libros-Fernando-Vicente-web-600x437.jpg 600w\" sizes=\"auto, (max-width: 1024px) 100vw, 1024px\" \/><\/a><\/figure>\n\n<figure class=\"wp-block-image size-large\"><a href=\"https:\/\/www.fernandovicente.es\/wp-content\/uploads\/2025\/04\/08-3-Alicia-en-el-Pais-de-las-Maravillas-Lewis-Carroll-Nordica-Libros-Fernando-Vicente-web.jpg\"><img loading=\"lazy\" decoding=\"async\" width=\"634\" height=\"900\" data-id=\"16178\" src=\"https:\/\/www.fernandovicente.es\/wp-content\/uploads\/2025\/04\/08-3-Alicia-en-el-Pais-de-las-Maravillas-Lewis-Carroll-Nordica-Libros-Fernando-Vicente-web.jpg\" alt=\"\" class=\"wp-image-16178\" srcset=\"https:\/\/www.fernandovicente.es\/wp-content\/uploads\/2025\/04\/08-3-Alicia-en-el-Pais-de-las-Maravillas-Lewis-Carroll-Nordica-Libros-Fernando-Vicente-web.jpg 634w, https:\/\/www.fernandovicente.es\/wp-content\/uploads\/2025\/04\/08-3-Alicia-en-el-Pais-de-las-Maravillas-Lewis-Carroll-Nordica-Libros-Fernando-Vicente-web-211x300.jpg 211w, https:\/\/www.fernandovicente.es\/wp-content\/uploads\/2025\/04\/08-3-Alicia-en-el-Pais-de-las-Maravillas-Lewis-Carroll-Nordica-Libros-Fernando-Vicente-web-430x610.jpg 430w, https:\/\/www.fernandovicente.es\/wp-content\/uploads\/2025\/04\/08-3-Alicia-en-el-Pais-de-las-Maravillas-Lewis-Carroll-Nordica-Libros-Fernando-Vicente-web-600x852.jpg 600w\" sizes=\"auto, (max-width: 634px) 100vw, 634px\" \/><\/a><\/figure>\n\n<figure class=\"wp-block-image size-large\"><a href=\"https:\/\/www.fernandovicente.es\/wp-content\/uploads\/2025\/04\/08-4-Alicia-en-el-Pais-de-las-Maravillas-Lewis-Carroll-Nordica-Libros-Fernando-Vicente-web.jpg\"><img loading=\"lazy\" decoding=\"async\" width=\"634\" height=\"900\" data-id=\"16180\" src=\"https:\/\/www.fernandovicente.es\/wp-content\/uploads\/2025\/04\/08-4-Alicia-en-el-Pais-de-las-Maravillas-Lewis-Carroll-Nordica-Libros-Fernando-Vicente-web.jpg\" alt=\"\" class=\"wp-image-16180\" srcset=\"https:\/\/www.fernandovicente.es\/wp-content\/uploads\/2025\/04\/08-4-Alicia-en-el-Pais-de-las-Maravillas-Lewis-Carroll-Nordica-Libros-Fernando-Vicente-web.jpg 634w, https:\/\/www.fernandovicente.es\/wp-content\/uploads\/2025\/04\/08-4-Alicia-en-el-Pais-de-las-Maravillas-Lewis-Carroll-Nordica-Libros-Fernando-Vicente-web-211x300.jpg 211w, https:\/\/www.fernandovicente.es\/wp-content\/uploads\/2025\/04\/08-4-Alicia-en-el-Pais-de-las-Maravillas-Lewis-Carroll-Nordica-Libros-Fernando-Vicente-web-430x610.jpg 430w, https:\/\/www.fernandovicente.es\/wp-content\/uploads\/2025\/04\/08-4-Alicia-en-el-Pais-de-las-Maravillas-Lewis-Carroll-Nordica-Libros-Fernando-Vicente-web-600x852.jpg 600w\" sizes=\"auto, (max-width: 634px) 100vw, 634px\" \/><\/a><\/figure>\n\n<figure class=\"wp-block-image size-large\"><a href=\"https:\/\/www.fernandovicente.es\/wp-content\/uploads\/2025\/04\/09-Alicia-en-el-Pais-de-las-Maravillas-Lewis-Carroll-Nordica-Libros-Fernando-Vicente-web-1024x746.jpg\"><img loading=\"lazy\" decoding=\"async\" width=\"1024\" height=\"746\" data-id=\"16182\" src=\"https:\/\/www.fernandovicente.es\/wp-content\/uploads\/2025\/04\/09-Alicia-en-el-Pais-de-las-Maravillas-Lewis-Carroll-Nordica-Libros-Fernando-Vicente-web-1024x746.jpg\" alt=\"\" class=\"wp-image-16182\" srcset=\"https:\/\/www.fernandovicente.es\/wp-content\/uploads\/2025\/04\/09-Alicia-en-el-Pais-de-las-Maravillas-Lewis-Carroll-Nordica-Libros-Fernando-Vicente-web-1024x746.jpg 1024w, https:\/\/www.fernandovicente.es\/wp-content\/uploads\/2025\/04\/09-Alicia-en-el-Pais-de-las-Maravillas-Lewis-Carroll-Nordica-Libros-Fernando-Vicente-web-300x219.jpg 300w, https:\/\/www.fernandovicente.es\/wp-content\/uploads\/2025\/04\/09-Alicia-en-el-Pais-de-las-Maravillas-Lewis-Carroll-Nordica-Libros-Fernando-Vicente-web-768x560.jpg 768w, https:\/\/www.fernandovicente.es\/wp-content\/uploads\/2025\/04\/09-Alicia-en-el-Pais-de-las-Maravillas-Lewis-Carroll-Nordica-Libros-Fernando-Vicente-web-430x313.jpg 430w, https:\/\/www.fernandovicente.es\/wp-content\/uploads\/2025\/04\/09-Alicia-en-el-Pais-de-las-Maravillas-Lewis-Carroll-Nordica-Libros-Fernando-Vicente-web-860x627.jpg 860w, https:\/\/www.fernandovicente.es\/wp-content\/uploads\/2025\/04\/09-Alicia-en-el-Pais-de-las-Maravillas-Lewis-Carroll-Nordica-Libros-Fernando-Vicente-web-600x437.jpg 600w\" sizes=\"auto, (max-width: 1024px) 100vw, 1024px\" \/><\/a><\/figure>\n\n<figure class=\"wp-block-image size-large\"><a href=\"https:\/\/www.fernandovicente.es\/wp-content\/uploads\/2025\/04\/011-Alicia-en-el-Pais-de-las-Maravillas-Lewis-Carroll-Nordica-Libros-Fernando-Vicente-web.jpg\"><img loading=\"lazy\" decoding=\"async\" width=\"634\" height=\"900\" data-id=\"16184\" src=\"https:\/\/www.fernandovicente.es\/wp-content\/uploads\/2025\/04\/011-Alicia-en-el-Pais-de-las-Maravillas-Lewis-Carroll-Nordica-Libros-Fernando-Vicente-web.jpg\" alt=\"New edition of Lewis Carroll's Alice in Wonderland, now published by N&#xF3;rdica Libros 2025 edition\" class=\"wp-image-16184\" srcset=\"https:\/\/www.fernandovicente.es\/wp-content\/uploads\/2025\/04\/011-Alicia-en-el-Pais-de-las-Maravillas-Lewis-Carroll-Nordica-Libros-Fernando-Vicente-web.jpg 634w, https:\/\/www.fernandovicente.es\/wp-content\/uploads\/2025\/04\/011-Alicia-en-el-Pais-de-las-Maravillas-Lewis-Carroll-Nordica-Libros-Fernando-Vicente-web-211x300.jpg 211w, https:\/\/www.fernandovicente.es\/wp-content\/uploads\/2025\/04\/011-Alicia-en-el-Pais-de-las-Maravillas-Lewis-Carroll-Nordica-Libros-Fernando-Vicente-web-430x610.jpg 430w, https:\/\/www.fernandovicente.es\/wp-content\/uploads\/2025\/04\/011-Alicia-en-el-Pais-de-las-Maravillas-Lewis-Carroll-Nordica-Libros-Fernando-Vicente-web-600x852.jpg 600w\" sizes=\"auto, (max-width: 634px) 100vw, 634px\" \/><\/a><\/figure>\n\n<figure class=\"wp-block-image size-large\"><a href=\"https:\/\/www.fernandovicente.es\/wp-content\/uploads\/2025\/04\/011-2-Alicia-en-el-Pais-de-las-Maravillas-Lewis-Carroll-Nordica-Libros-Fernando-Vicente-web.jpg\"><img loading=\"lazy\" decoding=\"async\" width=\"634\" height=\"900\" data-id=\"16186\" src=\"https:\/\/www.fernandovicente.es\/wp-content\/uploads\/2025\/04\/011-2-Alicia-en-el-Pais-de-las-Maravillas-Lewis-Carroll-Nordica-Libros-Fernando-Vicente-web.jpg\" alt=\"\" class=\"wp-image-16186\" srcset=\"https:\/\/www.fernandovicente.es\/wp-content\/uploads\/2025\/04\/011-2-Alicia-en-el-Pais-de-las-Maravillas-Lewis-Carroll-Nordica-Libros-Fernando-Vicente-web.jpg 634w, https:\/\/www.fernandovicente.es\/wp-content\/uploads\/2025\/04\/011-2-Alicia-en-el-Pais-de-las-Maravillas-Lewis-Carroll-Nordica-Libros-Fernando-Vicente-web-211x300.jpg 211w, https:\/\/www.fernandovicente.es\/wp-content\/uploads\/2025\/04\/011-2-Alicia-en-el-Pais-de-las-Maravillas-Lewis-Carroll-Nordica-Libros-Fernando-Vicente-web-430x610.jpg 430w, https:\/\/www.fernandovicente.es\/wp-content\/uploads\/2025\/04\/011-2-Alicia-en-el-Pais-de-las-Maravillas-Lewis-Carroll-Nordica-Libros-Fernando-Vicente-web-600x852.jpg 600w\" sizes=\"auto, (max-width: 634px) 100vw, 634px\" \/><\/a><\/figure>\n\n<figure class=\"wp-block-image size-large\"><a href=\"https:\/\/www.fernandovicente.es\/wp-content\/uploads\/2025\/04\/011-3-Alicia-en-el-Pais-de-las-Maravillas-Lewis-Carroll-Nordica-Libros-Fernando-Vicente-web-1024x746.jpg\"><img loading=\"lazy\" decoding=\"async\" width=\"1024\" height=\"746\" data-id=\"16188\" src=\"https:\/\/www.fernandovicente.es\/wp-content\/uploads\/2025\/04\/011-3-Alicia-en-el-Pais-de-las-Maravillas-Lewis-Carroll-Nordica-Libros-Fernando-Vicente-web-1024x746.jpg\" alt=\"\" class=\"wp-image-16188\" srcset=\"https:\/\/www.fernandovicente.es\/wp-content\/uploads\/2025\/04\/011-3-Alicia-en-el-Pais-de-las-Maravillas-Lewis-Carroll-Nordica-Libros-Fernando-Vicente-web-1024x746.jpg 1024w, https:\/\/www.fernandovicente.es\/wp-content\/uploads\/2025\/04\/011-3-Alicia-en-el-Pais-de-las-Maravillas-Lewis-Carroll-Nordica-Libros-Fernando-Vicente-web-300x219.jpg 300w, https:\/\/www.fernandovicente.es\/wp-content\/uploads\/2025\/04\/011-3-Alicia-en-el-Pais-de-las-Maravillas-Lewis-Carroll-Nordica-Libros-Fernando-Vicente-web-768x560.jpg 768w, https:\/\/www.fernandovicente.es\/wp-content\/uploads\/2025\/04\/011-3-Alicia-en-el-Pais-de-las-Maravillas-Lewis-Carroll-Nordica-Libros-Fernando-Vicente-web-430x313.jpg 430w, https:\/\/www.fernandovicente.es\/wp-content\/uploads\/2025\/04\/011-3-Alicia-en-el-Pais-de-las-Maravillas-Lewis-Carroll-Nordica-Libros-Fernando-Vicente-web-860x627.jpg 860w, https:\/\/www.fernandovicente.es\/wp-content\/uploads\/2025\/04\/011-3-Alicia-en-el-Pais-de-las-Maravillas-Lewis-Carroll-Nordica-Libros-Fernando-Vicente-web-600x437.jpg 600w\" sizes=\"auto, (max-width: 1024px) 100vw, 1024px\" \/><\/a><\/figure>\n\n<figure class=\"wp-block-image size-large\"><a href=\"https:\/\/www.fernandovicente.es\/wp-content\/uploads\/2025\/04\/Guardas-Alicia-en-el-Pais-de-las-Maravillas-Lewis-Carroll-Nordica-Libros-Fernando-Vicente-web-1024x746.jpg\"><img loading=\"lazy\" decoding=\"async\" width=\"1024\" height=\"746\" data-id=\"16190\" src=\"https:\/\/www.fernandovicente.es\/wp-content\/uploads\/2025\/04\/Guardas-Alicia-en-el-Pais-de-las-Maravillas-Lewis-Carroll-Nordica-Libros-Fernando-Vicente-web-1024x746.jpg\" alt=\"\" class=\"wp-image-16190\" srcset=\"https:\/\/www.fernandovicente.es\/wp-content\/uploads\/2025\/04\/Guardas-Alicia-en-el-Pais-de-las-Maravillas-Lewis-Carroll-Nordica-Libros-Fernando-Vicente-web-1024x746.jpg 1024w, https:\/\/www.fernandovicente.es\/wp-content\/uploads\/2025\/04\/Guardas-Alicia-en-el-Pais-de-las-Maravillas-Lewis-Carroll-Nordica-Libros-Fernando-Vicente-web-300x219.jpg 300w, https:\/\/www.fernandovicente.es\/wp-content\/uploads\/2025\/04\/Guardas-Alicia-en-el-Pais-de-las-Maravillas-Lewis-Carroll-Nordica-Libros-Fernando-Vicente-web-768x560.jpg 768w, https:\/\/www.fernandovicente.es\/wp-content\/uploads\/2025\/04\/Guardas-Alicia-en-el-Pais-de-las-Maravillas-Lewis-Carroll-Nordica-Libros-Fernando-Vicente-web-430x313.jpg 430w, https:\/\/www.fernandovicente.es\/wp-content\/uploads\/2025\/04\/Guardas-Alicia-en-el-Pais-de-las-Maravillas-Lewis-Carroll-Nordica-Libros-Fernando-Vicente-web-860x627.jpg 860w, https:\/\/www.fernandovicente.es\/wp-content\/uploads\/2025\/04\/Guardas-Alicia-en-el-Pais-de-las-Maravillas-Lewis-Carroll-Nordica-Libros-Fernando-Vicente-web-600x437.jpg 600w\" sizes=\"auto, (max-width: 1024px) 100vw, 1024px\" \/><\/a><\/figure>\n\n<figure class=\"wp-block-image size-large\"><a href=\"https:\/\/www.fernandovicente.es\/wp-content\/uploads\/2025\/04\/Portada-Alicia-en-el-Pais-de-las-Maravillas-Lewis-Carroll-Nordica-Libros-Fernando-Vicente-web.jpg\"><img loading=\"lazy\" decoding=\"async\" width=\"665\" height=\"900\" data-id=\"16192\" src=\"https:\/\/www.fernandovicente.es\/wp-content\/uploads\/2025\/04\/Portada-Alicia-en-el-Pais-de-las-Maravillas-Lewis-Carroll-Nordica-Libros-Fernando-Vicente-web.jpg\" alt=\"New edition of Lewis Carroll's Alice in Wonderland, now published by N&#xF3;rdica Libros 2025 edition\" class=\"wp-image-16192\" srcset=\"https:\/\/www.fernandovicente.es\/wp-content\/uploads\/2025\/04\/Portada-Alicia-en-el-Pais-de-las-Maravillas-Lewis-Carroll-Nordica-Libros-Fernando-Vicente-web.jpg 665w, https:\/\/www.fernandovicente.es\/wp-content\/uploads\/2025\/04\/Portada-Alicia-en-el-Pais-de-las-Maravillas-Lewis-Carroll-Nordica-Libros-Fernando-Vicente-web-222x300.jpg 222w, https:\/\/www.fernandovicente.es\/wp-content\/uploads\/2025\/04\/Portada-Alicia-en-el-Pais-de-las-Maravillas-Lewis-Carroll-Nordica-Libros-Fernando-Vicente-web-430x582.jpg 430w, https:\/\/www.fernandovicente.es\/wp-content\/uploads\/2025\/04\/Portada-Alicia-en-el-Pais-de-las-Maravillas-Lewis-Carroll-Nordica-Libros-Fernando-Vicente-web-600x812.jpg 600w\" sizes=\"auto, (max-width: 665px) 100vw, 665px\" \/><\/a><figcaption class=\"wp-element-caption\">New edition of Lewis Carroll&#8217;s Alice in Wonderland, now published by N\u00f3rdica Libros 2025 edition<\/figcaption><\/figure><\/figure><figure class=\"wp-block-image size-large\"><a href=\"https:\/\/www.fernandovicente.es\/wp-content\/uploads\/2025\/04\/2025-Alicia-en-el-Pais-de-las-Maravillas-Lewis-Carroll-Nordica-Libros-Resumen-scaled.jpg\"><img loading=\"lazy\" decoding=\"async\" width=\"1024\" height=\"405\" src=\"https:\/\/www.fernandovicente.es\/wp-content\/uploads\/2025\/04\/2025-Alicia-en-el-Pais-de-las-Maravillas-Lewis-Carroll-Nordica-Libros-Resumen-1024x405.jpg\" alt=\"New edition of Lewis Carroll's Alice in Wonderland, now published by N&#xF3;rdica Libros 2025 edition\" class=\"wp-image-16226\" srcset=\"https:\/\/www.fernandovicente.es\/wp-content\/uploads\/2025\/04\/2025-Alicia-en-el-Pais-de-las-Maravillas-Lewis-Carroll-Nordica-Libros-Resumen-1024x405.jpg 1024w, https:\/\/www.fernandovicente.es\/wp-content\/uploads\/2025\/04\/2025-Alicia-en-el-Pais-de-las-Maravillas-Lewis-Carroll-Nordica-Libros-Resumen-300x119.jpg 300w, https:\/\/www.fernandovicente.es\/wp-content\/uploads\/2025\/04\/2025-Alicia-en-el-Pais-de-las-Maravillas-Lewis-Carroll-Nordica-Libros-Resumen-768x304.jpg 768w, https:\/\/www.fernandovicente.es\/wp-content\/uploads\/2025\/04\/2025-Alicia-en-el-Pais-de-las-Maravillas-Lewis-Carroll-Nordica-Libros-Resumen-430x170.jpg 430w, https:\/\/www.fernandovicente.es\/wp-content\/uploads\/2025\/04\/2025-Alicia-en-el-Pais-de-las-Maravillas-Lewis-Carroll-Nordica-Libros-Resumen-860x340.jpg 860w, https:\/\/www.fernandovicente.es\/wp-content\/uploads\/2025\/04\/2025-Alicia-en-el-Pais-de-las-Maravillas-Lewis-Carroll-Nordica-Libros-Resumen-600x238.jpg 600w\" sizes=\"auto, (max-width: 1024px) 100vw, 1024px\" \/><\/a><figcaption class=\"wp-element-caption\">New edition of Lewis Carroll&#8217;s Alice in Wonderland, now published by N\u00f3rdica Libros 2025 edition<\/figcaption><\/figure><p>Alicia en el Pa\u00eds de las Maravillas este cl\u00e1sico de Lewis Carroll editado ahora por <a href=\"https:\/\/nordicalibros.com\/product\/alicia-en-el-pais-de-las-maravillas-2025\/\">N\u00f3rdica Libros Edici\u00f3n de 2025<\/a> <\/p><p>In this classic essential for both children and adults, Lewis Carroll introduces us to an underground, anarchic, and wonderful world. It abounds with unusual characters, logic games, double meanings in the words used, and absurd situations.<\/p><p>Fernando Vicente&#8217;s magnificent artwork for this edition makes Alice one of his most unforgettable characters, taking us on an incredible journey to the other side of the mirror, where all you have to do is say the magic words: \u201cImagine we are.\u201d<\/p><p>\u201cHer works are not children&#8217;s books: they are the only ones that turn us into children.\u201d Virginia Woolf<\/p>","protected":false},"excerpt":{"rendered":"<p>Alicia en el Pa\u00eds de las Maravillas este cl\u00e1sico de Lewis Carroll editado ahora por N\u00f3rdica Libros Edici\u00f3n de 2025 In this classic essential for&hellip;<\/p>\n","protected":false},"author":2,"featured_media":16231,"comment_status":"closed","ping_status":"closed","sticky":false,"template":"","format":"standard","meta":{"footnotes":""},"categories":[4226,336],"tags":[4229,264,3498,339,556,4227],"class_list":["post-16725","post","type-post","status-publish","format-standard","has-post-thumbnail","hentry","category-alice-in-wonderland-en","category-libro-ilustrado-en","tag-alice-in-wonderland","tag-alice-through-the-looking-glass","tag-alicia-en","tag-fernando-vicente-en","tag-libros-ilustrados-en","tag-nordica-libros-en"],"yoast_head":"<!-- This site is optimized with the Yoast SEO plugin v26.9 - https:\/\/yoast.com\/product\/yoast-seo-wordpress\/ -->\n<title>New edition of Alice in Wonderland - Fernando Vicente<\/title>\n<meta name=\"description\" content=\"New edition of Lewis Carroll&#039;s Alice in Wonderland, now published by N\u00f3rdica Libros 2025 edition\" \/>\n<meta name=\"robots\" content=\"index, follow, max-snippet:-1, max-image-preview:large, max-video-preview:-1\" \/>\n<link rel=\"canonical\" href=\"https:\/\/www.fernandovicente.es\/en\/libro-ilustrado-en\/new-edition-of-alice-in-wonderland\/\" \/>\n<meta property=\"og:locale\" content=\"en_US\" \/>\n<meta property=\"og:type\" content=\"article\" \/>\n<meta property=\"og:title\" content=\"New edition of Alice in Wonderland - Fernando Vicente\" \/>\n<meta property=\"og:description\" content=\"New edition of Lewis Carroll&#039;s Alice in Wonderland, now published by N\u00f3rdica Libros 2025 edition\" \/>\n<meta property=\"og:url\" content=\"https:\/\/www.fernandovicente.es\/en\/libro-ilustrado-en\/new-edition-of-alice-in-wonderland\/\" \/>\n<meta property=\"og:site_name\" content=\"Fernando Vicente\" \/>\n<meta property=\"article:publisher\" content=\"https:\/\/www.facebook.com\/FernandoVicenteIllustrator\/\" \/>\n<meta property=\"article:author\" content=\"https:\/\/www.facebook.com\/FernandoVicenteIllustrator\/\" \/>\n<meta property=\"article:published_time\" content=\"2025-04-01T16:19:46+00:00\" \/>\n<meta property=\"article:modified_time\" content=\"2025-08-01T17:28:13+00:00\" \/>\n<meta property=\"og:image\" content=\"https:\/\/www.fernandovicente.es\/wp-content\/uploads\/2025\/04\/Alicia-en-el-pais-de-las-maravillas-blog-Fernando-Vicente.jpg\" \/>\n\t<meta property=\"og:image:width\" content=\"1202\" \/>\n\t<meta property=\"og:image:height\" content=\"720\" \/>\n\t<meta property=\"og:image:type\" content=\"image\/jpeg\" \/>\n<meta name=\"author\" content=\"Fernando Vicente\" \/>\n<meta name=\"twitter:card\" content=\"summary_large_image\" \/>\n<meta name=\"twitter:creator\" content=\"@https:\/\/twitter.com\/fvicente_illust\" \/>\n<meta name=\"twitter:site\" content=\"@fvicente_illust\" \/>\n<meta name=\"twitter:label1\" content=\"Written by\" \/>\n\t<meta name=\"twitter:data1\" content=\"Fernando Vicente\" \/>\n\t<meta name=\"twitter:label2\" content=\"Est. reading time\" \/>\n\t<meta name=\"twitter:data2\" content=\"1 minute\" \/>\n<script type=\"application\/ld+json\" class=\"yoast-schema-graph\">{\"@context\":\"https:\/\/schema.org\",\"@graph\":[{\"@type\":\"Article\",\"@id\":\"https:\/\/www.fernandovicente.es\/en\/libro-ilustrado-en\/new-edition-of-alice-in-wonderland\/#article\",\"isPartOf\":{\"@id\":\"https:\/\/www.fernandovicente.es\/en\/libro-ilustrado-en\/new-edition-of-alice-in-wonderland\/\"},\"author\":{\"name\":\"Fernando Vicente\",\"@id\":\"https:\/\/www.fernandovicente.es\/en\/#\/schema\/person\/d49677cb48f2ea656b28261dd8f75d7f\"},\"headline\":\"New edition of Alice in Wonderland\",\"datePublished\":\"2025-04-01T16:19:46+00:00\",\"dateModified\":\"2025-08-01T17:28:13+00:00\",\"mainEntityOfPage\":{\"@id\":\"https:\/\/www.fernandovicente.es\/en\/libro-ilustrado-en\/new-edition-of-alice-in-wonderland\/\"},\"wordCount\":162,\"publisher\":{\"@id\":\"https:\/\/www.fernandovicente.es\/en\/#\/schema\/person\/d49677cb48f2ea656b28261dd8f75d7f\"},\"image\":{\"@id\":\"https:\/\/www.fernandovicente.es\/en\/libro-ilustrado-en\/new-edition-of-alice-in-wonderland\/#primaryimage\"},\"thumbnailUrl\":\"https:\/\/www.fernandovicente.es\/wp-content\/uploads\/2025\/04\/Alicia-en-el-pais-de-las-maravillas-blog-Fernando-Vicente.jpg\",\"keywords\":[\"Alice in Wonderland\",\"Alice Through the Looking Glass\",\"Alicia\",\"Fernando Vicente\",\"Libros Ilustrados\",\"Nordica Libros\"],\"articleSection\":[\"Alice in Wonderland\",\"illustrated boook\"],\"inLanguage\":\"en-US\"},{\"@type\":\"WebPage\",\"@id\":\"https:\/\/www.fernandovicente.es\/en\/libro-ilustrado-en\/new-edition-of-alice-in-wonderland\/\",\"url\":\"https:\/\/www.fernandovicente.es\/en\/libro-ilustrado-en\/new-edition-of-alice-in-wonderland\/\",\"name\":\"New edition of Alice in Wonderland - Fernando Vicente\",\"isPartOf\":{\"@id\":\"https:\/\/www.fernandovicente.es\/en\/#website\"},\"primaryImageOfPage\":{\"@id\":\"https:\/\/www.fernandovicente.es\/en\/libro-ilustrado-en\/new-edition-of-alice-in-wonderland\/#primaryimage\"},\"image\":{\"@id\":\"https:\/\/www.fernandovicente.es\/en\/libro-ilustrado-en\/new-edition-of-alice-in-wonderland\/#primaryimage\"},\"thumbnailUrl\":\"https:\/\/www.fernandovicente.es\/wp-content\/uploads\/2025\/04\/Alicia-en-el-pais-de-las-maravillas-blog-Fernando-Vicente.jpg\",\"datePublished\":\"2025-04-01T16:19:46+00:00\",\"dateModified\":\"2025-08-01T17:28:13+00:00\",\"description\":\"New edition of Lewis Carroll's Alice in Wonderland, now published by N\u00f3rdica Libros 2025 edition\",\"breadcrumb\":{\"@id\":\"https:\/\/www.fernandovicente.es\/en\/libro-ilustrado-en\/new-edition-of-alice-in-wonderland\/#breadcrumb\"},\"inLanguage\":\"en-US\",\"potentialAction\":[{\"@type\":\"ReadAction\",\"target\":[\"https:\/\/www.fernandovicente.es\/en\/libro-ilustrado-en\/new-edition-of-alice-in-wonderland\/\"]}]},{\"@type\":\"ImageObject\",\"inLanguage\":\"en-US\",\"@id\":\"https:\/\/www.fernandovicente.es\/en\/libro-ilustrado-en\/new-edition-of-alice-in-wonderland\/#primaryimage\",\"url\":\"https:\/\/www.fernandovicente.es\/wp-content\/uploads\/2025\/04\/Alicia-en-el-pais-de-las-maravillas-blog-Fernando-Vicente.jpg\",\"contentUrl\":\"https:\/\/www.fernandovicente.es\/wp-content\/uploads\/2025\/04\/Alicia-en-el-pais-de-las-maravillas-blog-Fernando-Vicente.jpg\",\"width\":1202,\"height\":720},{\"@type\":\"BreadcrumbList\",\"@id\":\"https:\/\/www.fernandovicente.es\/en\/libro-ilustrado-en\/new-edition-of-alice-in-wonderland\/#breadcrumb\",\"itemListElement\":[{\"@type\":\"ListItem\",\"position\":1,\"name\":\"Portada\",\"item\":\"https:\/\/www.fernandovicente.es\/en\/\"},{\"@type\":\"ListItem\",\"position\":2,\"name\":\"New edition of Alice in Wonderland\"}]},{\"@type\":\"WebSite\",\"@id\":\"https:\/\/www.fernandovicente.es\/en\/#website\",\"url\":\"https:\/\/www.fernandovicente.es\/en\/\",\"name\":\"Fernando Vicente\",\"description\":\"Ilustraci\u00f3n\",\"publisher\":{\"@id\":\"https:\/\/www.fernandovicente.es\/en\/#\/schema\/person\/d49677cb48f2ea656b28261dd8f75d7f\"},\"potentialAction\":[{\"@type\":\"SearchAction\",\"target\":{\"@type\":\"EntryPoint\",\"urlTemplate\":\"https:\/\/www.fernandovicente.es\/en\/?s={search_term_string}\"},\"query-input\":{\"@type\":\"PropertyValueSpecification\",\"valueRequired\":true,\"valueName\":\"search_term_string\"}}],\"inLanguage\":\"en-US\"},{\"@type\":[\"Person\",\"Organization\"],\"@id\":\"https:\/\/www.fernandovicente.es\/en\/#\/schema\/person\/d49677cb48f2ea656b28261dd8f75d7f\",\"name\":\"Fernando Vicente\",\"image\":{\"@type\":\"ImageObject\",\"inLanguage\":\"en-US\",\"@id\":\"https:\/\/www.fernandovicente.es\/en\/#\/schema\/person\/image\/\",\"url\":\"https:\/\/www.fernandovicente.es\/wp-content\/uploads\/2014\/11\/fernando-vicente-Foto-e1419619123418.jpg\",\"contentUrl\":\"https:\/\/www.fernandovicente.es\/wp-content\/uploads\/2014\/11\/fernando-vicente-Foto-e1419619123418.jpg\",\"width\":300,\"height\":300,\"caption\":\"Fernando Vicente\"},\"logo\":{\"@id\":\"https:\/\/www.fernandovicente.es\/en\/#\/schema\/person\/image\/\"},\"description\":\"Fernando Vicente - Painter &amp; illustrator\",\"sameAs\":[\"http:\/\/www.fernandovicente.es\",\"https:\/\/www.facebook.com\/FernandoVicenteIllustrator\/\",\"https:\/\/www.instagram.com\/fvicente_illust\/\",\"https:\/\/www.linkedin.com\/in\/fernando-vicente-97595012\",\"https:\/\/www.pinterest.es\/FVicente_illust\/\",\"https:\/\/x.com\/https:\/\/twitter.com\/fvicente_illust\"]}]}<\/script>\n<!-- \/ Yoast SEO plugin. -->","yoast_head_json":{"title":"New edition of Alice in Wonderland - Fernando Vicente","description":"New edition of Lewis Carroll's Alice in Wonderland, now published by N\u00f3rdica Libros 2025 edition","robots":{"index":"index","follow":"follow","max-snippet":"max-snippet:-1","max-image-preview":"max-image-preview:large","max-video-preview":"max-video-preview:-1"},"canonical":"https:\/\/www.fernandovicente.es\/en\/libro-ilustrado-en\/new-edition-of-alice-in-wonderland\/","og_locale":"en_US","og_type":"article","og_title":"New edition of Alice in Wonderland - Fernando Vicente","og_description":"New edition of Lewis Carroll's Alice in Wonderland, now published by N\u00f3rdica Libros 2025 edition","og_url":"https:\/\/www.fernandovicente.es\/en\/libro-ilustrado-en\/new-edition-of-alice-in-wonderland\/","og_site_name":"Fernando Vicente","article_publisher":"https:\/\/www.facebook.com\/FernandoVicenteIllustrator\/","article_author":"https:\/\/www.facebook.com\/FernandoVicenteIllustrator\/","article_published_time":"2025-04-01T16:19:46+00:00","article_modified_time":"2025-08-01T17:28:13+00:00","og_image":[{"width":1202,"height":720,"url":"https:\/\/www.fernandovicente.es\/wp-content\/uploads\/2025\/04\/Alicia-en-el-pais-de-las-maravillas-blog-Fernando-Vicente.jpg","type":"image\/jpeg"}],"author":"Fernando Vicente","twitter_card":"summary_large_image","twitter_creator":"@https:\/\/twitter.com\/fvicente_illust","twitter_site":"@fvicente_illust","twitter_misc":{"Written by":"Fernando Vicente","Est. reading time":"1 minute"},"schema":{"@context":"https:\/\/schema.org","@graph":[{"@type":"Article","@id":"https:\/\/www.fernandovicente.es\/en\/libro-ilustrado-en\/new-edition-of-alice-in-wonderland\/#article","isPartOf":{"@id":"https:\/\/www.fernandovicente.es\/en\/libro-ilustrado-en\/new-edition-of-alice-in-wonderland\/"},"author":{"name":"Fernando Vicente","@id":"https:\/\/www.fernandovicente.es\/en\/#\/schema\/person\/d49677cb48f2ea656b28261dd8f75d7f"},"headline":"New edition of Alice in Wonderland","datePublished":"2025-04-01T16:19:46+00:00","dateModified":"2025-08-01T17:28:13+00:00","mainEntityOfPage":{"@id":"https:\/\/www.fernandovicente.es\/en\/libro-ilustrado-en\/new-edition-of-alice-in-wonderland\/"},"wordCount":162,"publisher":{"@id":"https:\/\/www.fernandovicente.es\/en\/#\/schema\/person\/d49677cb48f2ea656b28261dd8f75d7f"},"image":{"@id":"https:\/\/www.fernandovicente.es\/en\/libro-ilustrado-en\/new-edition-of-alice-in-wonderland\/#primaryimage"},"thumbnailUrl":"https:\/\/www.fernandovicente.es\/wp-content\/uploads\/2025\/04\/Alicia-en-el-pais-de-las-maravillas-blog-Fernando-Vicente.jpg","keywords":["Alice in Wonderland","Alice Through the Looking Glass","Alicia","Fernando Vicente","Libros Ilustrados","Nordica Libros"],"articleSection":["Alice in Wonderland","illustrated boook"],"inLanguage":"en-US"},{"@type":"WebPage","@id":"https:\/\/www.fernandovicente.es\/en\/libro-ilustrado-en\/new-edition-of-alice-in-wonderland\/","url":"https:\/\/www.fernandovicente.es\/en\/libro-ilustrado-en\/new-edition-of-alice-in-wonderland\/","name":"New edition of Alice in Wonderland - Fernando Vicente","isPartOf":{"@id":"https:\/\/www.fernandovicente.es\/en\/#website"},"primaryImageOfPage":{"@id":"https:\/\/www.fernandovicente.es\/en\/libro-ilustrado-en\/new-edition-of-alice-in-wonderland\/#primaryimage"},"image":{"@id":"https:\/\/www.fernandovicente.es\/en\/libro-ilustrado-en\/new-edition-of-alice-in-wonderland\/#primaryimage"},"thumbnailUrl":"https:\/\/www.fernandovicente.es\/wp-content\/uploads\/2025\/04\/Alicia-en-el-pais-de-las-maravillas-blog-Fernando-Vicente.jpg","datePublished":"2025-04-01T16:19:46+00:00","dateModified":"2025-08-01T17:28:13+00:00","description":"New edition of Lewis Carroll's Alice in Wonderland, now published by N\u00f3rdica Libros 2025 edition","breadcrumb":{"@id":"https:\/\/www.fernandovicente.es\/en\/libro-ilustrado-en\/new-edition-of-alice-in-wonderland\/#breadcrumb"},"inLanguage":"en-US","potentialAction":[{"@type":"ReadAction","target":["https:\/\/www.fernandovicente.es\/en\/libro-ilustrado-en\/new-edition-of-alice-in-wonderland\/"]}]},{"@type":"ImageObject","inLanguage":"en-US","@id":"https:\/\/www.fernandovicente.es\/en\/libro-ilustrado-en\/new-edition-of-alice-in-wonderland\/#primaryimage","url":"https:\/\/www.fernandovicente.es\/wp-content\/uploads\/2025\/04\/Alicia-en-el-pais-de-las-maravillas-blog-Fernando-Vicente.jpg","contentUrl":"https:\/\/www.fernandovicente.es\/wp-content\/uploads\/2025\/04\/Alicia-en-el-pais-de-las-maravillas-blog-Fernando-Vicente.jpg","width":1202,"height":720},{"@type":"BreadcrumbList","@id":"https:\/\/www.fernandovicente.es\/en\/libro-ilustrado-en\/new-edition-of-alice-in-wonderland\/#breadcrumb","itemListElement":[{"@type":"ListItem","position":1,"name":"Portada","item":"https:\/\/www.fernandovicente.es\/en\/"},{"@type":"ListItem","position":2,"name":"New edition of Alice in Wonderland"}]},{"@type":"WebSite","@id":"https:\/\/www.fernandovicente.es\/en\/#website","url":"https:\/\/www.fernandovicente.es\/en\/","name":"Fernando Vicente","description":"Ilustraci\u00f3n","publisher":{"@id":"https:\/\/www.fernandovicente.es\/en\/#\/schema\/person\/d49677cb48f2ea656b28261dd8f75d7f"},"potentialAction":[{"@type":"SearchAction","target":{"@type":"EntryPoint","urlTemplate":"https:\/\/www.fernandovicente.es\/en\/?s={search_term_string}"},"query-input":{"@type":"PropertyValueSpecification","valueRequired":true,"valueName":"search_term_string"}}],"inLanguage":"en-US"},{"@type":["Person","Organization"],"@id":"https:\/\/www.fernandovicente.es\/en\/#\/schema\/person\/d49677cb48f2ea656b28261dd8f75d7f","name":"Fernando Vicente","image":{"@type":"ImageObject","inLanguage":"en-US","@id":"https:\/\/www.fernandovicente.es\/en\/#\/schema\/person\/image\/","url":"https:\/\/www.fernandovicente.es\/wp-content\/uploads\/2014\/11\/fernando-vicente-Foto-e1419619123418.jpg","contentUrl":"https:\/\/www.fernandovicente.es\/wp-content\/uploads\/2014\/11\/fernando-vicente-Foto-e1419619123418.jpg","width":300,"height":300,"caption":"Fernando Vicente"},"logo":{"@id":"https:\/\/www.fernandovicente.es\/en\/#\/schema\/person\/image\/"},"description":"Fernando Vicente - Painter &amp; illustrator","sameAs":["http:\/\/www.fernandovicente.es","https:\/\/www.facebook.com\/FernandoVicenteIllustrator\/","https:\/\/www.instagram.com\/fvicente_illust\/","https:\/\/www.linkedin.com\/in\/fernando-vicente-97595012","https:\/\/www.pinterest.es\/FVicente_illust\/","https:\/\/x.com\/https:\/\/twitter.com\/fvicente_illust"]}]}},"_links":{"self":[{"href":"https:\/\/www.fernandovicente.es\/en\/wp-json\/wp\/v2\/posts\/16725","targetHints":{"allow":["GET"]}}],"collection":[{"href":"https:\/\/www.fernandovicente.es\/en\/wp-json\/wp\/v2\/posts"}],"about":[{"href":"https:\/\/www.fernandovicente.es\/en\/wp-json\/wp\/v2\/types\/post"}],"author":[{"embeddable":true,"href":"https:\/\/www.fernandovicente.es\/en\/wp-json\/wp\/v2\/users\/2"}],"replies":[{"embeddable":true,"href":"https:\/\/www.fernandovicente.es\/en\/wp-json\/wp\/v2\/comments?post=16725"}],"version-history":[{"count":2,"href":"https:\/\/www.fernandovicente.es\/en\/wp-json\/wp\/v2\/posts\/16725\/revisions"}],"predecessor-version":[{"id":16733,"href":"https:\/\/www.fernandovicente.es\/en\/wp-json\/wp\/v2\/posts\/16725\/revisions\/16733"}],"wp:featuredmedia":[{"embeddable":true,"href":"https:\/\/www.fernandovicente.es\/en\/wp-json\/wp\/v2\/media\/16231"}],"wp:attachment":[{"href":"https:\/\/www.fernandovicente.es\/en\/wp-json\/wp\/v2\/media?parent=16725"}],"wp:term":[{"taxonomy":"category","embeddable":true,"href":"https:\/\/www.fernandovicente.es\/en\/wp-json\/wp\/v2\/categories?post=16725"},{"taxonomy":"post_tag","embeddable":true,"href":"https:\/\/www.fernandovicente.es\/en\/wp-json\/wp\/v2\/tags?post=16725"}],"curies":[{"name":"wp","href":"https:\/\/api.w.org\/{rel}","templated":true}]}}