{"id":16998,"date":"2022-09-17T19:17:59","date_gmt":"2022-09-17T17:17:59","guid":{"rendered":"https:\/\/www.fernandovicente.es\/sin-categoria-en\/poster-for-the-2022-autumn-fair-for-old-and-antique-books\/"},"modified":"2025-08-17T19:22:56","modified_gmt":"2025-08-17T17:22:56","slug":"poster-for-the-2022-autumn-fair-for-old-and-antique-books","status":"publish","type":"post","link":"https:\/\/www.fernandovicente.es\/en\/cartel-en\/poster-for-the-2022-autumn-fair-for-old-and-antique-books\/","title":{"rendered":"Poster for the 2022 Autumn Fair for Old and Antique Books"},"content":{"rendered":"<p>Poster for the 2022 Autumn Fair for Old and Antique Books<\/p><div class=\"wp-block-image\"><figure class=\"aligncenter size-large\"><a href=\"https:\/\/www.fernandovicente.es\/wp-content\/uploads\/2022\/10\/Feria-oton&#x303;o-022-ok-web.jpg\"><img decoding=\"async\" src=\"https:\/\/www.fernandovicente.es\/wp-content\/uploads\/2022\/10\/Feria-oton&#x303;o-022-ok-web.jpg\" alt=\"\" class=\"wp-image-12126\"\/><\/a><\/figure><\/div><p>Aqui teneis el Cartel Feria de Oto\u00f1o 2022. Este jueves, por fin, comienza la 32\u00aa Feria de Oto\u00f1o del Libro Viejo y Antiguo de Madrid en el Paseo de Recoletos. Este a\u00f1o, los libreros abrir\u00e1n sus puertas del 29 de septiembre al 16 de octubre de 11 a 21h. de forma ininterrumpa por ello reservad las fechas en vuestras agendas.<br\/>Para m\u00e1s informaci\u00f3n acerca de la feria podeis consultar su web: <a href=\"https:\/\/www.libris.es\/\" target=\"_blank\" rel=\"noreferrer noopener\">www.libris.es<\/a><br\/><\/p><p>Quiz\u00e1s querais ver otros carteles de ediciones anteriores, si es asi, aqui las encontrais. Carteles ediciones: 2019, <a href=\"https:\/\/www.fernandovicente.es\/en\/feria-del-libro-en\/cartel-feria-de-otono-del-libro-viejo-y-antiguo\/\">2018<\/a>, <a href=\"https:\/\/www.fernandovicente.es\/en\/sin-categoria-en\/29a-feria-del-libro-de-otono-viejo-y-antiguo\/\">2017,<\/a> <a href=\"https:\/\/www.fernandovicente.es\/en\/illustration\/feria-del-libro-viejo-y-antiguo-2016\/\">2016<\/a>, <a href=\"https:\/\/www.fernandovicente.es\/en\/photo\/old-book-fair\/\">2015<\/a><\/p><figure class=\"wp-block-gallery columns-3 is-cropped wp-block-gallery-1 is-layout-flex wp-block-gallery-is-layout-flex\"><ul class=\"blocks-gallery-grid\"><li class=\"blocks-gallery-item\"><figure><a href=\"https:\/\/www.fernandovicente.es\/wp-content\/uploads\/2014\/11\/CARTEL-2015-Fernando-Vicente.jpg\"><img decoding=\"async\" src=\"https:\/\/www.fernandovicente.es\/wp-content\/uploads\/2014\/11\/CARTEL-2015-Fernando-Vicente.jpg\" alt=\"Cartel Feria oton&#x303;o 2015 detalle Fernando Vicente\" data-id=\"4287\" data-full-url=\"https:\/\/www.fernandovicente.es\/wp-content\/uploads\/2014\/11\/CARTEL-2015-Fernando-Vicente.jpg\" data-link=\"https:\/\/www.fernandovicente.es\/novedades-de-fernando-vicente\/attachment\/cartel-2015-fernando-vicente\/\" class=\"wp-image-4287\"\/><\/a><figcaption class=\"blocks-gallery-item__caption\">Autumn Fair Poster Fernando Vicente<\/figcaption><\/figure><\/li><li class=\"blocks-gallery-item\"><figure><a href=\"https:\/\/www.fernandovicente.es\/wp-content\/uploads\/2016\/09\/Feria-libro-oton&#x303;o-Quijote-Fernando-Vicente-e1540664644684.jpg\"><img decoding=\"async\" src=\"https:\/\/www.fernandovicente.es\/wp-content\/uploads\/2016\/09\/Feria-libro-oton&#x303;o-Quijote-Fernando-Vicente-e1540664644684.jpg\" alt=\"Feria del libro Viejo y antiguo 2016\" data-id=\"5109\" data-full-url=\"https:\/\/www.fernandovicente.es\/wp-content\/uploads\/2016\/09\/Feria-libro-oton&#x303;o-Quijote-Fernando-Vicente-e1540664644684.jpg\" data-link=\"https:\/\/www.fernandovicente.es\/ilustracion\/feria-del-libro-viejo-y-antiguo-2016\/attachment\/feria-libro-oton%cc%83o-quijote-fernando-vicente\/\" class=\"wp-image-5109\"\/><\/a><figcaption class=\"blocks-gallery-item__caption\">Old and Antique Book Fair 2016<\/figcaption><\/figure><\/li><li class=\"blocks-gallery-item\"><figure><a href=\"https:\/\/www.fernandovicente.es\/wp-content\/uploads\/2017\/09\/Feria-oton&#x303;o-2017-Fernando-Vicente-Blog-e1540854187283.jpg\"><img decoding=\"async\" src=\"https:\/\/www.fernandovicente.es\/wp-content\/uploads\/2017\/09\/Feria-oton&#x303;o-2017-Fernando-Vicente-Blog-e1540854187283.jpg\" alt=\"Feria del Libro de Oto&#xF1;o Viejo y Antiguo 2017\" data-id=\"5915\" data-full-url=\"https:\/\/www.fernandovicente.es\/wp-content\/uploads\/2017\/09\/Feria-oton&#x303;o-2017-Fernando-Vicente-Blog-e1540854187283.jpg\" data-link=\"https:\/\/www.fernandovicente.es\/cartel\/feria-del-libro-de-otono-viejo-y-antiguo-2017\/attachment\/feria-oton%cc%83o-2017-fernando-vicente-blog\/\" class=\"wp-image-5915\"\/><\/a><figcaption class=\"blocks-gallery-item__caption\">Old and Antique Book Fair 2017<\/figcaption><\/figure><\/li><li class=\"blocks-gallery-item\"><figure><a href=\"https:\/\/www.fernandovicente.es\/wp-content\/uploads\/2018\/09\/Cartel-feria-de-Oton&#x303;o-Feria-de-libro-antiguo-Oton&#x303;o-2018-Fernando-Vicente-e1552472430574.jpg\"><img decoding=\"async\" src=\"https:\/\/www.fernandovicente.es\/wp-content\/uploads\/2018\/09\/Cartel-feria-de-Oton&#x303;o-Feria-de-libro-antiguo-Oton&#x303;o-2018-Fernando-Vicente-717x1024.jpg\" alt=\"Cartel feria de Oton&#x303;o\" data-id=\"7324\" data-full-url=\"https:\/\/www.fernandovicente.es\/wp-content\/uploads\/2018\/09\/Cartel-feria-de-Oton&#x303;o-Feria-de-libro-antiguo-Oton&#x303;o-2018-Fernando-Vicente-e1552472430574.jpg\" data-link=\"https:\/\/www.fernandovicente.es\/cartel\/cartel-feria-de-otono-del-libro-viejo-y-antiguo\/attachment\/cartel-feria-de-oton%cc%83o-feria-de-libro-antiguo-oton%cc%83o-2018-fernando-vicente\/\" class=\"wp-image-7324\"\/><\/a><figcaption class=\"blocks-gallery-item__caption\">30th Madrid Autumn Fair for Old and Antique Books on Paseo de Recoletos.<\/figcaption><\/figure><\/li><li class=\"blocks-gallery-item\"><figure><a href=\"https:\/\/www.fernandovicente.es\/wp-content\/uploads\/2019\/09\/Cartel-feria-de-Oton&#x303;o-Feria-de-libro-antiguo-Oton&#x303;o-2019-Fernando-Vicente.jpg\"><img decoding=\"async\" src=\"https:\/\/www.fernandovicente.es\/wp-content\/uploads\/2019\/09\/Cartel-feria-de-Oton&#x303;o-Feria-de-libro-antiguo-Oton&#x303;o-2019-Fernando-Vicente.jpg\" alt=\"Cartel Feria de Oto&#xF1;o del libro Viejo y Antiguo\" data-id=\"8398\" data-full-url=\"https:\/\/www.fernandovicente.es\/wp-content\/uploads\/2019\/09\/Cartel-feria-de-Oton&#x303;o-Feria-de-libro-antiguo-Oton&#x303;o-2019-Fernando-Vicente.jpg\" data-link=\"https:\/\/www.fernandovicente.es\/cartel\/cartel-feria-de-otono-del-libro-viejo-y-antiguo-2019\/attachment\/cartel-feria-de-oton%cc%83o-feria-de-libro-antiguo-oton%cc%83o-2019-fernando-vicente\/\" class=\"wp-image-8398\"\/><\/a><figcaption class=\"blocks-gallery-item__caption\">Poster for the 2019 Autumn Fair for Old and Antique Books<\/figcaption><\/figure><\/li><\/ul><\/figure><p><a href=\"https:\/\/www.fernandovicente.es\/en\/feria-del-libro-en\/cartel-feria-de-otono-del-libro-viejo-y-antiguo\/\">Cartel Feria de Oto\u00f1o del libro Viejo y antiguo<\/a><\/p>","protected":false},"excerpt":{"rendered":"<p>Poster for the 2022 Autumn Fair for Old and Antique Books Aqui teneis el Cartel Feria de Oto\u00f1o 2022. Este jueves, por fin, comienza la&hellip;<\/p>\n","protected":false},"author":2,"featured_media":12133,"comment_status":"closed","ping_status":"closed","sticky":false,"template":"","format":"standard","meta":{"footnotes":""},"categories":[552,1903,166,1962],"tags":[2349,2356,555,1904,1905,339],"class_list":["post-16998","post","type-post","status-publish","format-standard","has-post-thumbnail","hentry","category-exposicion-en","category-feria-del-libro-en","category-illustration","category-cartel-en","tag-cartel-en","tag-cartel-feria-de-otono-en","tag-exposicion-en","tag-feria-del-libro-en","tag-feria-del-libro-de-madrid-en","tag-fernando-vicente-en"],"yoast_head":"<!-- This site is optimized with the Yoast SEO plugin v26.9 - https:\/\/yoast.com\/product\/yoast-seo-wordpress\/ -->\n<title>Poster for the 2022 Autumn Fair for Old and Antique Books del libro antiguo y ocasi\u00f3n - Fernando Vicente<\/title>\n<meta name=\"description\" content=\"2022 Autumn Fair Poster The 32nd Madrid Autumn Fair of Old and Antique Books begins on Paseo de Recoletos and Exhibition\" \/>\n<meta name=\"robots\" content=\"index, follow, max-snippet:-1, max-image-preview:large, max-video-preview:-1\" \/>\n<link rel=\"canonical\" href=\"https:\/\/www.fernandovicente.es\/en\/cartel-en\/poster-for-the-2022-autumn-fair-for-old-and-antique-books\/\" \/>\n<meta property=\"og:locale\" content=\"en_US\" \/>\n<meta property=\"og:type\" content=\"article\" \/>\n<meta property=\"og:title\" content=\"Poster for the 2022 Autumn Fair for Old and Antique Books del libro antiguo y ocasi\u00f3n - Fernando Vicente\" \/>\n<meta property=\"og:description\" content=\"2022 Autumn Fair Poster The 32nd Madrid Autumn Fair of Old and Antique Books begins on Paseo de Recoletos and Exhibition\" \/>\n<meta property=\"og:url\" content=\"https:\/\/www.fernandovicente.es\/en\/cartel-en\/poster-for-the-2022-autumn-fair-for-old-and-antique-books\/\" \/>\n<meta property=\"og:site_name\" content=\"Fernando Vicente\" \/>\n<meta property=\"article:publisher\" content=\"https:\/\/www.facebook.com\/FernandoVicenteIllustrator\/\" \/>\n<meta property=\"article:author\" content=\"https:\/\/www.facebook.com\/FernandoVicenteIllustrator\/\" \/>\n<meta property=\"article:published_time\" content=\"2022-09-17T17:17:59+00:00\" \/>\n<meta property=\"article:modified_time\" content=\"2025-08-17T17:22:56+00:00\" \/>\n<meta property=\"og:image\" content=\"https:\/\/www.fernandovicente.es\/wp-content\/uploads\/2022\/10\/Feria-oton\u0303o-022-ok-web-det.jpg\" \/>\n\t<meta property=\"og:image:width\" content=\"1182\" \/>\n\t<meta property=\"og:image:height\" content=\"643\" \/>\n\t<meta property=\"og:image:type\" content=\"image\/jpeg\" \/>\n<meta name=\"author\" content=\"Fernando Vicente\" \/>\n<meta name=\"twitter:card\" content=\"summary_large_image\" \/>\n<meta name=\"twitter:creator\" content=\"@https:\/\/twitter.com\/fvicente_illust\" \/>\n<meta name=\"twitter:site\" content=\"@fvicente_illust\" \/>\n<meta name=\"twitter:label1\" content=\"Written by\" \/>\n\t<meta name=\"twitter:data1\" content=\"Fernando Vicente\" \/>\n\t<meta name=\"twitter:label2\" content=\"Est. reading time\" \/>\n\t<meta name=\"twitter:data2\" content=\"1 minute\" \/>\n<script type=\"application\/ld+json\" class=\"yoast-schema-graph\">{\"@context\":\"https:\/\/schema.org\",\"@graph\":[{\"@type\":\"Article\",\"@id\":\"https:\/\/www.fernandovicente.es\/en\/cartel-en\/poster-for-the-2022-autumn-fair-for-old-and-antique-books\/#article\",\"isPartOf\":{\"@id\":\"https:\/\/www.fernandovicente.es\/en\/cartel-en\/poster-for-the-2022-autumn-fair-for-old-and-antique-books\/\"},\"author\":{\"name\":\"Fernando Vicente\",\"@id\":\"https:\/\/www.fernandovicente.es\/en\/#\/schema\/person\/d49677cb48f2ea656b28261dd8f75d7f\"},\"headline\":\"Poster for the 2022 Autumn Fair for Old and Antique Books\",\"datePublished\":\"2022-09-17T17:17:59+00:00\",\"dateModified\":\"2025-08-17T17:22:56+00:00\",\"mainEntityOfPage\":{\"@id\":\"https:\/\/www.fernandovicente.es\/en\/cartel-en\/poster-for-the-2022-autumn-fair-for-old-and-antique-books\/\"},\"wordCount\":160,\"publisher\":{\"@id\":\"https:\/\/www.fernandovicente.es\/en\/#\/schema\/person\/d49677cb48f2ea656b28261dd8f75d7f\"},\"image\":{\"@id\":\"https:\/\/www.fernandovicente.es\/en\/cartel-en\/poster-for-the-2022-autumn-fair-for-old-and-antique-books\/#primaryimage\"},\"thumbnailUrl\":\"https:\/\/www.fernandovicente.es\/wp-content\/uploads\/2022\/10\/Feria-oton\u0303o-022-ok-web-det.jpg\",\"keywords\":[\"cartel\",\"cartel feria de oto\u00f1o\",\"Exposici\u00f3n\",\"Feria del LIbro\",\"Feria del Libro de Madrid\",\"Fernando Vicente\"],\"articleSection\":[\"Art exhibitions\",\"Book Fair\",\"Illustration\",\"Poster\"],\"inLanguage\":\"en-US\"},{\"@type\":\"WebPage\",\"@id\":\"https:\/\/www.fernandovicente.es\/en\/cartel-en\/poster-for-the-2022-autumn-fair-for-old-and-antique-books\/\",\"url\":\"https:\/\/www.fernandovicente.es\/en\/cartel-en\/poster-for-the-2022-autumn-fair-for-old-and-antique-books\/\",\"name\":\"Poster for the 2022 Autumn Fair for Old and Antique Books del libro antiguo y ocasi\u00f3n - Fernando Vicente\",\"isPartOf\":{\"@id\":\"https:\/\/www.fernandovicente.es\/en\/#website\"},\"primaryImageOfPage\":{\"@id\":\"https:\/\/www.fernandovicente.es\/en\/cartel-en\/poster-for-the-2022-autumn-fair-for-old-and-antique-books\/#primaryimage\"},\"image\":{\"@id\":\"https:\/\/www.fernandovicente.es\/en\/cartel-en\/poster-for-the-2022-autumn-fair-for-old-and-antique-books\/#primaryimage\"},\"thumbnailUrl\":\"https:\/\/www.fernandovicente.es\/wp-content\/uploads\/2022\/10\/Feria-oton\u0303o-022-ok-web-det.jpg\",\"datePublished\":\"2022-09-17T17:17:59+00:00\",\"dateModified\":\"2025-08-17T17:22:56+00:00\",\"description\":\"2022 Autumn Fair Poster The 32nd Madrid Autumn Fair of Old and Antique Books begins on Paseo de Recoletos and Exhibition\",\"breadcrumb\":{\"@id\":\"https:\/\/www.fernandovicente.es\/en\/cartel-en\/poster-for-the-2022-autumn-fair-for-old-and-antique-books\/#breadcrumb\"},\"inLanguage\":\"en-US\",\"potentialAction\":[{\"@type\":\"ReadAction\",\"target\":[\"https:\/\/www.fernandovicente.es\/en\/cartel-en\/poster-for-the-2022-autumn-fair-for-old-and-antique-books\/\"]}]},{\"@type\":\"ImageObject\",\"inLanguage\":\"en-US\",\"@id\":\"https:\/\/www.fernandovicente.es\/en\/cartel-en\/poster-for-the-2022-autumn-fair-for-old-and-antique-books\/#primaryimage\",\"url\":\"https:\/\/www.fernandovicente.es\/wp-content\/uploads\/2022\/10\/Feria-oton\u0303o-022-ok-web-det.jpg\",\"contentUrl\":\"https:\/\/www.fernandovicente.es\/wp-content\/uploads\/2022\/10\/Feria-oton\u0303o-022-ok-web-det.jpg\",\"width\":1182,\"height\":643,\"caption\":\"Cartel Feria de Oto\u00f1o 2022\"},{\"@type\":\"BreadcrumbList\",\"@id\":\"https:\/\/www.fernandovicente.es\/en\/cartel-en\/poster-for-the-2022-autumn-fair-for-old-and-antique-books\/#breadcrumb\",\"itemListElement\":[{\"@type\":\"ListItem\",\"position\":1,\"name\":\"Portada\",\"item\":\"https:\/\/www.fernandovicente.es\/en\/\"},{\"@type\":\"ListItem\",\"position\":2,\"name\":\"Poster for the 2022 Autumn Fair for Old and Antique Books\"}]},{\"@type\":\"WebSite\",\"@id\":\"https:\/\/www.fernandovicente.es\/en\/#website\",\"url\":\"https:\/\/www.fernandovicente.es\/en\/\",\"name\":\"Fernando Vicente\",\"description\":\"Ilustraci\u00f3n\",\"publisher\":{\"@id\":\"https:\/\/www.fernandovicente.es\/en\/#\/schema\/person\/d49677cb48f2ea656b28261dd8f75d7f\"},\"potentialAction\":[{\"@type\":\"SearchAction\",\"target\":{\"@type\":\"EntryPoint\",\"urlTemplate\":\"https:\/\/www.fernandovicente.es\/en\/?s={search_term_string}\"},\"query-input\":{\"@type\":\"PropertyValueSpecification\",\"valueRequired\":true,\"valueName\":\"search_term_string\"}}],\"inLanguage\":\"en-US\"},{\"@type\":[\"Person\",\"Organization\"],\"@id\":\"https:\/\/www.fernandovicente.es\/en\/#\/schema\/person\/d49677cb48f2ea656b28261dd8f75d7f\",\"name\":\"Fernando Vicente\",\"image\":{\"@type\":\"ImageObject\",\"inLanguage\":\"en-US\",\"@id\":\"https:\/\/www.fernandovicente.es\/en\/#\/schema\/person\/image\/\",\"url\":\"https:\/\/www.fernandovicente.es\/wp-content\/uploads\/2014\/11\/fernando-vicente-Foto-e1419619123418.jpg\",\"contentUrl\":\"https:\/\/www.fernandovicente.es\/wp-content\/uploads\/2014\/11\/fernando-vicente-Foto-e1419619123418.jpg\",\"width\":300,\"height\":300,\"caption\":\"Fernando Vicente\"},\"logo\":{\"@id\":\"https:\/\/www.fernandovicente.es\/en\/#\/schema\/person\/image\/\"},\"description\":\"Fernando Vicente - Painter &amp; illustrator\",\"sameAs\":[\"http:\/\/www.fernandovicente.es\",\"https:\/\/www.facebook.com\/FernandoVicenteIllustrator\/\",\"https:\/\/www.instagram.com\/fvicente_illust\/\",\"https:\/\/www.linkedin.com\/in\/fernando-vicente-97595012\",\"https:\/\/www.pinterest.es\/FVicente_illust\/\",\"https:\/\/x.com\/https:\/\/twitter.com\/fvicente_illust\"]}]}<\/script>\n<!-- \/ Yoast SEO plugin. -->","yoast_head_json":{"title":"Poster for the 2022 Autumn Fair for Old and Antique Books del libro antiguo y ocasi\u00f3n - Fernando Vicente","description":"2022 Autumn Fair Poster The 32nd Madrid Autumn Fair of Old and Antique Books begins on Paseo de Recoletos and Exhibition","robots":{"index":"index","follow":"follow","max-snippet":"max-snippet:-1","max-image-preview":"max-image-preview:large","max-video-preview":"max-video-preview:-1"},"canonical":"https:\/\/www.fernandovicente.es\/en\/cartel-en\/poster-for-the-2022-autumn-fair-for-old-and-antique-books\/","og_locale":"en_US","og_type":"article","og_title":"Poster for the 2022 Autumn Fair for Old and Antique Books del libro antiguo y ocasi\u00f3n - Fernando Vicente","og_description":"2022 Autumn Fair Poster The 32nd Madrid Autumn Fair of Old and Antique Books begins on Paseo de Recoletos and Exhibition","og_url":"https:\/\/www.fernandovicente.es\/en\/cartel-en\/poster-for-the-2022-autumn-fair-for-old-and-antique-books\/","og_site_name":"Fernando Vicente","article_publisher":"https:\/\/www.facebook.com\/FernandoVicenteIllustrator\/","article_author":"https:\/\/www.facebook.com\/FernandoVicenteIllustrator\/","article_published_time":"2022-09-17T17:17:59+00:00","article_modified_time":"2025-08-17T17:22:56+00:00","og_image":[{"width":1182,"height":643,"url":"https:\/\/www.fernandovicente.es\/wp-content\/uploads\/2022\/10\/Feria-oton\u0303o-022-ok-web-det.jpg","type":"image\/jpeg"}],"author":"Fernando Vicente","twitter_card":"summary_large_image","twitter_creator":"@https:\/\/twitter.com\/fvicente_illust","twitter_site":"@fvicente_illust","twitter_misc":{"Written by":"Fernando Vicente","Est. reading time":"1 minute"},"schema":{"@context":"https:\/\/schema.org","@graph":[{"@type":"Article","@id":"https:\/\/www.fernandovicente.es\/en\/cartel-en\/poster-for-the-2022-autumn-fair-for-old-and-antique-books\/#article","isPartOf":{"@id":"https:\/\/www.fernandovicente.es\/en\/cartel-en\/poster-for-the-2022-autumn-fair-for-old-and-antique-books\/"},"author":{"name":"Fernando Vicente","@id":"https:\/\/www.fernandovicente.es\/en\/#\/schema\/person\/d49677cb48f2ea656b28261dd8f75d7f"},"headline":"Poster for the 2022 Autumn Fair for Old and Antique Books","datePublished":"2022-09-17T17:17:59+00:00","dateModified":"2025-08-17T17:22:56+00:00","mainEntityOfPage":{"@id":"https:\/\/www.fernandovicente.es\/en\/cartel-en\/poster-for-the-2022-autumn-fair-for-old-and-antique-books\/"},"wordCount":160,"publisher":{"@id":"https:\/\/www.fernandovicente.es\/en\/#\/schema\/person\/d49677cb48f2ea656b28261dd8f75d7f"},"image":{"@id":"https:\/\/www.fernandovicente.es\/en\/cartel-en\/poster-for-the-2022-autumn-fair-for-old-and-antique-books\/#primaryimage"},"thumbnailUrl":"https:\/\/www.fernandovicente.es\/wp-content\/uploads\/2022\/10\/Feria-oton\u0303o-022-ok-web-det.jpg","keywords":["cartel","cartel feria de oto\u00f1o","Exposici\u00f3n","Feria del LIbro","Feria del Libro de Madrid","Fernando Vicente"],"articleSection":["Art exhibitions","Book Fair","Illustration","Poster"],"inLanguage":"en-US"},{"@type":"WebPage","@id":"https:\/\/www.fernandovicente.es\/en\/cartel-en\/poster-for-the-2022-autumn-fair-for-old-and-antique-books\/","url":"https:\/\/www.fernandovicente.es\/en\/cartel-en\/poster-for-the-2022-autumn-fair-for-old-and-antique-books\/","name":"Poster for the 2022 Autumn Fair for Old and Antique Books del libro antiguo y ocasi\u00f3n - Fernando Vicente","isPartOf":{"@id":"https:\/\/www.fernandovicente.es\/en\/#website"},"primaryImageOfPage":{"@id":"https:\/\/www.fernandovicente.es\/en\/cartel-en\/poster-for-the-2022-autumn-fair-for-old-and-antique-books\/#primaryimage"},"image":{"@id":"https:\/\/www.fernandovicente.es\/en\/cartel-en\/poster-for-the-2022-autumn-fair-for-old-and-antique-books\/#primaryimage"},"thumbnailUrl":"https:\/\/www.fernandovicente.es\/wp-content\/uploads\/2022\/10\/Feria-oton\u0303o-022-ok-web-det.jpg","datePublished":"2022-09-17T17:17:59+00:00","dateModified":"2025-08-17T17:22:56+00:00","description":"2022 Autumn Fair Poster The 32nd Madrid Autumn Fair of Old and Antique Books begins on Paseo de Recoletos and Exhibition","breadcrumb":{"@id":"https:\/\/www.fernandovicente.es\/en\/cartel-en\/poster-for-the-2022-autumn-fair-for-old-and-antique-books\/#breadcrumb"},"inLanguage":"en-US","potentialAction":[{"@type":"ReadAction","target":["https:\/\/www.fernandovicente.es\/en\/cartel-en\/poster-for-the-2022-autumn-fair-for-old-and-antique-books\/"]}]},{"@type":"ImageObject","inLanguage":"en-US","@id":"https:\/\/www.fernandovicente.es\/en\/cartel-en\/poster-for-the-2022-autumn-fair-for-old-and-antique-books\/#primaryimage","url":"https:\/\/www.fernandovicente.es\/wp-content\/uploads\/2022\/10\/Feria-oton\u0303o-022-ok-web-det.jpg","contentUrl":"https:\/\/www.fernandovicente.es\/wp-content\/uploads\/2022\/10\/Feria-oton\u0303o-022-ok-web-det.jpg","width":1182,"height":643,"caption":"Cartel Feria de Oto\u00f1o 2022"},{"@type":"BreadcrumbList","@id":"https:\/\/www.fernandovicente.es\/en\/cartel-en\/poster-for-the-2022-autumn-fair-for-old-and-antique-books\/#breadcrumb","itemListElement":[{"@type":"ListItem","position":1,"name":"Portada","item":"https:\/\/www.fernandovicente.es\/en\/"},{"@type":"ListItem","position":2,"name":"Poster for the 2022 Autumn Fair for Old and Antique Books"}]},{"@type":"WebSite","@id":"https:\/\/www.fernandovicente.es\/en\/#website","url":"https:\/\/www.fernandovicente.es\/en\/","name":"Fernando Vicente","description":"Ilustraci\u00f3n","publisher":{"@id":"https:\/\/www.fernandovicente.es\/en\/#\/schema\/person\/d49677cb48f2ea656b28261dd8f75d7f"},"potentialAction":[{"@type":"SearchAction","target":{"@type":"EntryPoint","urlTemplate":"https:\/\/www.fernandovicente.es\/en\/?s={search_term_string}"},"query-input":{"@type":"PropertyValueSpecification","valueRequired":true,"valueName":"search_term_string"}}],"inLanguage":"en-US"},{"@type":["Person","Organization"],"@id":"https:\/\/www.fernandovicente.es\/en\/#\/schema\/person\/d49677cb48f2ea656b28261dd8f75d7f","name":"Fernando Vicente","image":{"@type":"ImageObject","inLanguage":"en-US","@id":"https:\/\/www.fernandovicente.es\/en\/#\/schema\/person\/image\/","url":"https:\/\/www.fernandovicente.es\/wp-content\/uploads\/2014\/11\/fernando-vicente-Foto-e1419619123418.jpg","contentUrl":"https:\/\/www.fernandovicente.es\/wp-content\/uploads\/2014\/11\/fernando-vicente-Foto-e1419619123418.jpg","width":300,"height":300,"caption":"Fernando Vicente"},"logo":{"@id":"https:\/\/www.fernandovicente.es\/en\/#\/schema\/person\/image\/"},"description":"Fernando Vicente - Painter &amp; illustrator","sameAs":["http:\/\/www.fernandovicente.es","https:\/\/www.facebook.com\/FernandoVicenteIllustrator\/","https:\/\/www.instagram.com\/fvicente_illust\/","https:\/\/www.linkedin.com\/in\/fernando-vicente-97595012","https:\/\/www.pinterest.es\/FVicente_illust\/","https:\/\/x.com\/https:\/\/twitter.com\/fvicente_illust"]}]}},"_links":{"self":[{"href":"https:\/\/www.fernandovicente.es\/en\/wp-json\/wp\/v2\/posts\/16998","targetHints":{"allow":["GET"]}}],"collection":[{"href":"https:\/\/www.fernandovicente.es\/en\/wp-json\/wp\/v2\/posts"}],"about":[{"href":"https:\/\/www.fernandovicente.es\/en\/wp-json\/wp\/v2\/types\/post"}],"author":[{"embeddable":true,"href":"https:\/\/www.fernandovicente.es\/en\/wp-json\/wp\/v2\/users\/2"}],"replies":[{"embeddable":true,"href":"https:\/\/www.fernandovicente.es\/en\/wp-json\/wp\/v2\/comments?post=16998"}],"version-history":[{"count":2,"href":"https:\/\/www.fernandovicente.es\/en\/wp-json\/wp\/v2\/posts\/16998\/revisions"}],"predecessor-version":[{"id":17002,"href":"https:\/\/www.fernandovicente.es\/en\/wp-json\/wp\/v2\/posts\/16998\/revisions\/17002"}],"wp:featuredmedia":[{"embeddable":true,"href":"https:\/\/www.fernandovicente.es\/en\/wp-json\/wp\/v2\/media\/12133"}],"wp:attachment":[{"href":"https:\/\/www.fernandovicente.es\/en\/wp-json\/wp\/v2\/media?parent=16998"}],"wp:term":[{"taxonomy":"category","embeddable":true,"href":"https:\/\/www.fernandovicente.es\/en\/wp-json\/wp\/v2\/categories?post=16998"},{"taxonomy":"post_tag","embeddable":true,"href":"https:\/\/www.fernandovicente.es\/en\/wp-json\/wp\/v2\/tags?post=16998"}],"curies":[{"name":"wp","href":"https:\/\/api.w.org\/{rel}","templated":true}]}}