{"id":17091,"date":"2025-10-09T19:27:05","date_gmt":"2025-10-09T17:27:05","guid":{"rendered":"https:\/\/www.fernandovicente.es\/?p=17091"},"modified":"2026-03-01T13:43:19","modified_gmt":"2026-03-01T11:43:19","slug":"exposicion-en-el-silo-de-hortaleza","status":"publish","type":"post","link":"https:\/\/www.fernandovicente.es\/en\/exposicion-en\/exposicion-en-el-silo-de-hortaleza\/","title":{"rendered":"Exhibition at El Silo in Hortaleza"},"content":{"rendered":"<p>Exposici\u00f3n de Fernando Vicente en el Silo de Hortaleza la nueva exposici\u00f3n instalada en el Espacio Cultural El Silo, <em>Sue\u00f1os de ilustraci\u00f3n y otras pinturas<\/em>, <a href=\"https:\/\/www.instagram.com\/fvicente_illust\/\">una colecci\u00f3n de 200 obras de Fernando Vicente<\/a>, uno de los ilustradores y pintores m\u00e1s reconocidos del panorama art\u00edstico espa\u00f1ol contempor\u00e1neo. La muestra, incluida dentro de la programaci\u00f3n cultural del distrito, se puede visitar hasta el pr\u00f3ximo 31 de diciembre.<\/p><p>Exposici\u00f3n \u201cSue\u00f1os de ilustraci\u00f3n y otras pinturas\u201d en El Silo de Hortaleza, 6 plantas de ilustraciones y pinturas y un vista 360\u00ba de Madrid <a href=\"https:\/\/www.instagram.com\/explore\/tags\/fernandovicente\/\">#fernandovicente<\/a> <a href=\"https:\/\/www.instagram.com\/tritomacultura\/\">@tritomacultura<\/a> <a href=\"https:\/\/www.instagram.com\/explore\/tags\/elsilodehortaleza\/\">#elsilodehortaleza<\/a><\/p><figure class=\"wp-block-image size-large\"><a href=\"https:\/\/www.fernandovicente.es\/wp-content\/uploads\/2025\/10\/Invitacion-inauguracion-1024x667.png\"><img loading=\"lazy\" decoding=\"async\" width=\"1024\" height=\"667\" src=\"https:\/\/www.fernandovicente.es\/wp-content\/uploads\/2025\/10\/Invitacion-inauguracion-1024x667.png\" alt=\"Exhibition by Fernando Vicente at El Silo de Hortaleza \" class=\"wp-image-17084\" srcset=\"https:\/\/www.fernandovicente.es\/wp-content\/uploads\/2025\/10\/Invitacion-inauguracion-1024x667.png 1024w, https:\/\/www.fernandovicente.es\/wp-content\/uploads\/2025\/10\/Invitacion-inauguracion-300x195.png 300w, https:\/\/www.fernandovicente.es\/wp-content\/uploads\/2025\/10\/Invitacion-inauguracion-768x500.png 768w, https:\/\/www.fernandovicente.es\/wp-content\/uploads\/2025\/10\/Invitacion-inauguracion-430x280.png 430w, https:\/\/www.fernandovicente.es\/wp-content\/uploads\/2025\/10\/Invitacion-inauguracion-860x560.png 860w, https:\/\/www.fernandovicente.es\/wp-content\/uploads\/2025\/10\/Invitacion-inauguracion-600x391.png 600w\" sizes=\"auto, (max-width: 1024px) 100vw, 1024px\" \/><\/a><figcaption class=\"wp-element-caption\">Exhibition by Fernando Vicente at El Silo de Hortaleza The exhibition installed at the Cultural Space Dreams of illustration and other paintings<\/figcaption><\/figure><figure class=\"wp-block-gallery has-nested-images columns-default is-cropped wp-block-gallery-1 is-layout-flex wp-block-gallery-is-layout-flex\"><figure class=\"wp-block-image size-large\"><a href=\"https:\/\/www.fernandovicente.es\/wp-content\/uploads\/2025\/10\/Fernando-Vicente-Suenos-de-Ilustracion-y-otras-pinturas-El-Silo-de-Hortaleza-Exposicion-web-1024x409.jpg\"><img loading=\"lazy\" decoding=\"async\" width=\"1024\" height=\"409\" data-id=\"17086\" src=\"https:\/\/www.fernandovicente.es\/wp-content\/uploads\/2025\/10\/Fernando-Vicente-Suenos-de-Ilustracion-y-otras-pinturas-El-Silo-de-Hortaleza-Exposicion-web-1024x409.jpg\" alt=\"\" class=\"wp-image-17086\" srcset=\"https:\/\/www.fernandovicente.es\/wp-content\/uploads\/2025\/10\/Fernando-Vicente-Suenos-de-Ilustracion-y-otras-pinturas-El-Silo-de-Hortaleza-Exposicion-web-1024x409.jpg 1024w, https:\/\/www.fernandovicente.es\/wp-content\/uploads\/2025\/10\/Fernando-Vicente-Suenos-de-Ilustracion-y-otras-pinturas-El-Silo-de-Hortaleza-Exposicion-web-300x120.jpg 300w, https:\/\/www.fernandovicente.es\/wp-content\/uploads\/2025\/10\/Fernando-Vicente-Suenos-de-Ilustracion-y-otras-pinturas-El-Silo-de-Hortaleza-Exposicion-web-768x307.jpg 768w, https:\/\/www.fernandovicente.es\/wp-content\/uploads\/2025\/10\/Fernando-Vicente-Suenos-de-Ilustracion-y-otras-pinturas-El-Silo-de-Hortaleza-Exposicion-web-430x172.jpg 430w, https:\/\/www.fernandovicente.es\/wp-content\/uploads\/2025\/10\/Fernando-Vicente-Suenos-de-Ilustracion-y-otras-pinturas-El-Silo-de-Hortaleza-Exposicion-web-860x343.jpg 860w, https:\/\/www.fernandovicente.es\/wp-content\/uploads\/2025\/10\/Fernando-Vicente-Suenos-de-Ilustracion-y-otras-pinturas-El-Silo-de-Hortaleza-Exposicion-web-600x240.jpg 600w\" sizes=\"auto, (max-width: 1024px) 100vw, 1024px\" \/><\/a><figcaption class=\"wp-element-caption\">Exhibition by Fernando Vicente at El Silo de Hortaleza <\/figcaption><\/figure><\/figure>","protected":false},"excerpt":{"rendered":"<p>Exposici\u00f3n de Fernando Vicente en el Silo de Hortaleza la nueva exposici\u00f3n instalada en el Espacio Cultural El Silo, Sue\u00f1os de ilustraci\u00f3n y otras pinturas,&hellip;<\/p>\n","protected":false},"author":2,"featured_media":17085,"comment_status":"closed","ping_status":"closed","sticky":false,"template":"","format":"standard","meta":{"footnotes":""},"categories":[552,3052,166,2558],"tags":[4283,167,243,181,361,275,177],"class_list":["post-17091","post","type-post","status-publish","format-standard","has-post-thumbnail","hentry","category-exposicion-en","category-exposicion-2-en","category-illustration","category-madrid-en","tag-el-silo-de-hortaleza","tag-exposicion","tag-fernando-vicente","tag-libro-ilustrado","tag-libros-ilustrados","tag-madrid","tag-retratos"],"yoast_head":"<!-- This site is optimized with the Yoast SEO plugin v26.9 - https:\/\/yoast.com\/product\/yoast-seo-wordpress\/ -->\n<title>Exhibition at El Silo in Hortaleza - Fernando Vicente<\/title>\n<meta name=\"description\" content=\"Exhibition by Fernando Vicente at El Silo de Hortaleza The exhibition installed at the Cultural Space Dreams of illustration and other paintings\" \/>\n<meta name=\"robots\" content=\"index, follow, max-snippet:-1, max-image-preview:large, max-video-preview:-1\" \/>\n<link rel=\"canonical\" href=\"https:\/\/www.fernandovicente.es\/en\/exposicion-en\/exposicion-en-el-silo-de-hortaleza\/\" \/>\n<meta property=\"og:locale\" content=\"en_US\" \/>\n<meta property=\"og:type\" content=\"article\" \/>\n<meta property=\"og:title\" content=\"Exhibition at El Silo in Hortaleza - Fernando Vicente\" \/>\n<meta property=\"og:description\" content=\"Exhibition by Fernando Vicente at El Silo de Hortaleza The exhibition installed at the Cultural Space Dreams of illustration and other paintings\" \/>\n<meta property=\"og:url\" content=\"https:\/\/www.fernandovicente.es\/en\/exposicion-en\/exposicion-en-el-silo-de-hortaleza\/\" \/>\n<meta property=\"og:site_name\" content=\"Fernando Vicente\" \/>\n<meta property=\"article:publisher\" content=\"https:\/\/www.facebook.com\/FernandoVicenteIllustrator\/\" \/>\n<meta property=\"article:author\" content=\"https:\/\/www.facebook.com\/FernandoVicenteIllustrator\/\" \/>\n<meta property=\"article:published_time\" content=\"2025-10-09T17:27:05+00:00\" \/>\n<meta property=\"article:modified_time\" content=\"2026-03-01T11:43:19+00:00\" \/>\n<meta property=\"og:image\" content=\"https:\/\/www.fernandovicente.es\/wp-content\/uploads\/2025\/10\/Invitacion-inauguracion.png\" \/>\n\t<meta property=\"og:image:width\" content=\"1194\" \/>\n\t<meta property=\"og:image:height\" content=\"778\" \/>\n\t<meta property=\"og:image:type\" content=\"image\/png\" \/>\n<meta name=\"author\" content=\"Fernando Vicente\" \/>\n<meta name=\"twitter:card\" content=\"summary_large_image\" \/>\n<meta name=\"twitter:creator\" content=\"@https:\/\/twitter.com\/fvicente_illust\" \/>\n<meta name=\"twitter:site\" content=\"@fvicente_illust\" \/>\n<meta name=\"twitter:label1\" content=\"Written by\" \/>\n\t<meta name=\"twitter:data1\" content=\"Fernando Vicente\" \/>\n\t<meta name=\"twitter:label2\" content=\"Est. reading time\" \/>\n\t<meta name=\"twitter:data2\" content=\"1 minute\" \/>\n<script type=\"application\/ld+json\" class=\"yoast-schema-graph\">{\"@context\":\"https:\/\/schema.org\",\"@graph\":[{\"@type\":\"Article\",\"@id\":\"https:\/\/www.fernandovicente.es\/en\/exposicion-en\/exposicion-en-el-silo-de-hortaleza\/#article\",\"isPartOf\":{\"@id\":\"https:\/\/www.fernandovicente.es\/en\/exposicion-en\/exposicion-en-el-silo-de-hortaleza\/\"},\"author\":{\"name\":\"Fernando Vicente\",\"@id\":\"https:\/\/www.fernandovicente.es\/en\/#\/schema\/person\/d49677cb48f2ea656b28261dd8f75d7f\"},\"headline\":\"Exhibition at El Silo in Hortaleza\",\"datePublished\":\"2025-10-09T17:27:05+00:00\",\"dateModified\":\"2026-03-01T11:43:19+00:00\",\"mainEntityOfPage\":{\"@id\":\"https:\/\/www.fernandovicente.es\/en\/exposicion-en\/exposicion-en-el-silo-de-hortaleza\/\"},\"wordCount\":139,\"publisher\":{\"@id\":\"https:\/\/www.fernandovicente.es\/en\/#\/schema\/person\/d49677cb48f2ea656b28261dd8f75d7f\"},\"image\":{\"@id\":\"https:\/\/www.fernandovicente.es\/en\/exposicion-en\/exposicion-en-el-silo-de-hortaleza\/#primaryimage\"},\"thumbnailUrl\":\"https:\/\/www.fernandovicente.es\/wp-content\/uploads\/2025\/10\/Invitacion-inauguracion.png\",\"keywords\":[\"El Silo de Hortaleza\",\"Exposici\u00f3n\",\"Fernando Vicente\",\"libro ilustrado\",\"Libros Ilustrados\",\"Madrid\",\"Retratos\"],\"articleSection\":[\"Art exhibitions\",\"Exposici\u00f3n\",\"Illustration\",\"Madrid\"],\"inLanguage\":\"en-US\"},{\"@type\":\"WebPage\",\"@id\":\"https:\/\/www.fernandovicente.es\/en\/exposicion-en\/exposicion-en-el-silo-de-hortaleza\/\",\"url\":\"https:\/\/www.fernandovicente.es\/en\/exposicion-en\/exposicion-en-el-silo-de-hortaleza\/\",\"name\":\"Exhibition at El Silo in Hortaleza - Fernando Vicente\",\"isPartOf\":{\"@id\":\"https:\/\/www.fernandovicente.es\/en\/#website\"},\"primaryImageOfPage\":{\"@id\":\"https:\/\/www.fernandovicente.es\/en\/exposicion-en\/exposicion-en-el-silo-de-hortaleza\/#primaryimage\"},\"image\":{\"@id\":\"https:\/\/www.fernandovicente.es\/en\/exposicion-en\/exposicion-en-el-silo-de-hortaleza\/#primaryimage\"},\"thumbnailUrl\":\"https:\/\/www.fernandovicente.es\/wp-content\/uploads\/2025\/10\/Invitacion-inauguracion.png\",\"datePublished\":\"2025-10-09T17:27:05+00:00\",\"dateModified\":\"2026-03-01T11:43:19+00:00\",\"description\":\"Exhibition by Fernando Vicente at El Silo de Hortaleza The exhibition installed at the Cultural Space Dreams of illustration and other paintings\",\"breadcrumb\":{\"@id\":\"https:\/\/www.fernandovicente.es\/en\/exposicion-en\/exposicion-en-el-silo-de-hortaleza\/#breadcrumb\"},\"inLanguage\":\"en-US\",\"potentialAction\":[{\"@type\":\"ReadAction\",\"target\":[\"https:\/\/www.fernandovicente.es\/en\/exposicion-en\/exposicion-en-el-silo-de-hortaleza\/\"]}]},{\"@type\":\"ImageObject\",\"inLanguage\":\"en-US\",\"@id\":\"https:\/\/www.fernandovicente.es\/en\/exposicion-en\/exposicion-en-el-silo-de-hortaleza\/#primaryimage\",\"url\":\"https:\/\/www.fernandovicente.es\/wp-content\/uploads\/2025\/10\/Invitacion-inauguracion.png\",\"contentUrl\":\"https:\/\/www.fernandovicente.es\/wp-content\/uploads\/2025\/10\/Invitacion-inauguracion.png\",\"width\":1194,\"height\":778,\"caption\":\"Fernando Vicente Suen\u0303os de Ilustracion y otras pinturas El Silo de Hortaleza Exposicion\"},{\"@type\":\"BreadcrumbList\",\"@id\":\"https:\/\/www.fernandovicente.es\/en\/exposicion-en\/exposicion-en-el-silo-de-hortaleza\/#breadcrumb\",\"itemListElement\":[{\"@type\":\"ListItem\",\"position\":1,\"name\":\"Portada\",\"item\":\"https:\/\/www.fernandovicente.es\/en\/\"},{\"@type\":\"ListItem\",\"position\":2,\"name\":\"Exhibition at El Silo in Hortaleza\"}]},{\"@type\":\"WebSite\",\"@id\":\"https:\/\/www.fernandovicente.es\/en\/#website\",\"url\":\"https:\/\/www.fernandovicente.es\/en\/\",\"name\":\"Fernando Vicente\",\"description\":\"Ilustraci\u00f3n\",\"publisher\":{\"@id\":\"https:\/\/www.fernandovicente.es\/en\/#\/schema\/person\/d49677cb48f2ea656b28261dd8f75d7f\"},\"potentialAction\":[{\"@type\":\"SearchAction\",\"target\":{\"@type\":\"EntryPoint\",\"urlTemplate\":\"https:\/\/www.fernandovicente.es\/en\/?s={search_term_string}\"},\"query-input\":{\"@type\":\"PropertyValueSpecification\",\"valueRequired\":true,\"valueName\":\"search_term_string\"}}],\"inLanguage\":\"en-US\"},{\"@type\":[\"Person\",\"Organization\"],\"@id\":\"https:\/\/www.fernandovicente.es\/en\/#\/schema\/person\/d49677cb48f2ea656b28261dd8f75d7f\",\"name\":\"Fernando Vicente\",\"image\":{\"@type\":\"ImageObject\",\"inLanguage\":\"en-US\",\"@id\":\"https:\/\/www.fernandovicente.es\/en\/#\/schema\/person\/image\/\",\"url\":\"https:\/\/www.fernandovicente.es\/wp-content\/uploads\/2014\/11\/fernando-vicente-Foto-e1419619123418.jpg\",\"contentUrl\":\"https:\/\/www.fernandovicente.es\/wp-content\/uploads\/2014\/11\/fernando-vicente-Foto-e1419619123418.jpg\",\"width\":300,\"height\":300,\"caption\":\"Fernando Vicente\"},\"logo\":{\"@id\":\"https:\/\/www.fernandovicente.es\/en\/#\/schema\/person\/image\/\"},\"description\":\"Fernando Vicente - Painter &amp; illustrator\",\"sameAs\":[\"http:\/\/www.fernandovicente.es\",\"https:\/\/www.facebook.com\/FernandoVicenteIllustrator\/\",\"https:\/\/www.instagram.com\/fvicente_illust\/\",\"https:\/\/www.linkedin.com\/in\/fernando-vicente-97595012\",\"https:\/\/www.pinterest.es\/FVicente_illust\/\",\"https:\/\/x.com\/https:\/\/twitter.com\/fvicente_illust\"]}]}<\/script>\n<!-- \/ Yoast SEO plugin. -->","yoast_head_json":{"title":"Exhibition at El Silo in Hortaleza - Fernando Vicente","description":"Exhibition by Fernando Vicente at El Silo de Hortaleza The exhibition installed at the Cultural Space Dreams of illustration and other paintings","robots":{"index":"index","follow":"follow","max-snippet":"max-snippet:-1","max-image-preview":"max-image-preview:large","max-video-preview":"max-video-preview:-1"},"canonical":"https:\/\/www.fernandovicente.es\/en\/exposicion-en\/exposicion-en-el-silo-de-hortaleza\/","og_locale":"en_US","og_type":"article","og_title":"Exhibition at El Silo in Hortaleza - Fernando Vicente","og_description":"Exhibition by Fernando Vicente at El Silo de Hortaleza The exhibition installed at the Cultural Space Dreams of illustration and other paintings","og_url":"https:\/\/www.fernandovicente.es\/en\/exposicion-en\/exposicion-en-el-silo-de-hortaleza\/","og_site_name":"Fernando Vicente","article_publisher":"https:\/\/www.facebook.com\/FernandoVicenteIllustrator\/","article_author":"https:\/\/www.facebook.com\/FernandoVicenteIllustrator\/","article_published_time":"2025-10-09T17:27:05+00:00","article_modified_time":"2026-03-01T11:43:19+00:00","og_image":[{"width":1194,"height":778,"url":"https:\/\/www.fernandovicente.es\/wp-content\/uploads\/2025\/10\/Invitacion-inauguracion.png","type":"image\/png"}],"author":"Fernando Vicente","twitter_card":"summary_large_image","twitter_creator":"@https:\/\/twitter.com\/fvicente_illust","twitter_site":"@fvicente_illust","twitter_misc":{"Written by":"Fernando Vicente","Est. reading time":"1 minute"},"schema":{"@context":"https:\/\/schema.org","@graph":[{"@type":"Article","@id":"https:\/\/www.fernandovicente.es\/en\/exposicion-en\/exposicion-en-el-silo-de-hortaleza\/#article","isPartOf":{"@id":"https:\/\/www.fernandovicente.es\/en\/exposicion-en\/exposicion-en-el-silo-de-hortaleza\/"},"author":{"name":"Fernando Vicente","@id":"https:\/\/www.fernandovicente.es\/en\/#\/schema\/person\/d49677cb48f2ea656b28261dd8f75d7f"},"headline":"Exhibition at El Silo in Hortaleza","datePublished":"2025-10-09T17:27:05+00:00","dateModified":"2026-03-01T11:43:19+00:00","mainEntityOfPage":{"@id":"https:\/\/www.fernandovicente.es\/en\/exposicion-en\/exposicion-en-el-silo-de-hortaleza\/"},"wordCount":139,"publisher":{"@id":"https:\/\/www.fernandovicente.es\/en\/#\/schema\/person\/d49677cb48f2ea656b28261dd8f75d7f"},"image":{"@id":"https:\/\/www.fernandovicente.es\/en\/exposicion-en\/exposicion-en-el-silo-de-hortaleza\/#primaryimage"},"thumbnailUrl":"https:\/\/www.fernandovicente.es\/wp-content\/uploads\/2025\/10\/Invitacion-inauguracion.png","keywords":["El Silo de Hortaleza","Exposici\u00f3n","Fernando Vicente","libro ilustrado","Libros Ilustrados","Madrid","Retratos"],"articleSection":["Art exhibitions","Exposici\u00f3n","Illustration","Madrid"],"inLanguage":"en-US"},{"@type":"WebPage","@id":"https:\/\/www.fernandovicente.es\/en\/exposicion-en\/exposicion-en-el-silo-de-hortaleza\/","url":"https:\/\/www.fernandovicente.es\/en\/exposicion-en\/exposicion-en-el-silo-de-hortaleza\/","name":"Exhibition at El Silo in Hortaleza - Fernando Vicente","isPartOf":{"@id":"https:\/\/www.fernandovicente.es\/en\/#website"},"primaryImageOfPage":{"@id":"https:\/\/www.fernandovicente.es\/en\/exposicion-en\/exposicion-en-el-silo-de-hortaleza\/#primaryimage"},"image":{"@id":"https:\/\/www.fernandovicente.es\/en\/exposicion-en\/exposicion-en-el-silo-de-hortaleza\/#primaryimage"},"thumbnailUrl":"https:\/\/www.fernandovicente.es\/wp-content\/uploads\/2025\/10\/Invitacion-inauguracion.png","datePublished":"2025-10-09T17:27:05+00:00","dateModified":"2026-03-01T11:43:19+00:00","description":"Exhibition by Fernando Vicente at El Silo de Hortaleza The exhibition installed at the Cultural Space Dreams of illustration and other paintings","breadcrumb":{"@id":"https:\/\/www.fernandovicente.es\/en\/exposicion-en\/exposicion-en-el-silo-de-hortaleza\/#breadcrumb"},"inLanguage":"en-US","potentialAction":[{"@type":"ReadAction","target":["https:\/\/www.fernandovicente.es\/en\/exposicion-en\/exposicion-en-el-silo-de-hortaleza\/"]}]},{"@type":"ImageObject","inLanguage":"en-US","@id":"https:\/\/www.fernandovicente.es\/en\/exposicion-en\/exposicion-en-el-silo-de-hortaleza\/#primaryimage","url":"https:\/\/www.fernandovicente.es\/wp-content\/uploads\/2025\/10\/Invitacion-inauguracion.png","contentUrl":"https:\/\/www.fernandovicente.es\/wp-content\/uploads\/2025\/10\/Invitacion-inauguracion.png","width":1194,"height":778,"caption":"Fernando Vicente Suen\u0303os de Ilustracion y otras pinturas El Silo de Hortaleza Exposicion"},{"@type":"BreadcrumbList","@id":"https:\/\/www.fernandovicente.es\/en\/exposicion-en\/exposicion-en-el-silo-de-hortaleza\/#breadcrumb","itemListElement":[{"@type":"ListItem","position":1,"name":"Portada","item":"https:\/\/www.fernandovicente.es\/en\/"},{"@type":"ListItem","position":2,"name":"Exhibition at El Silo in Hortaleza"}]},{"@type":"WebSite","@id":"https:\/\/www.fernandovicente.es\/en\/#website","url":"https:\/\/www.fernandovicente.es\/en\/","name":"Fernando Vicente","description":"Ilustraci\u00f3n","publisher":{"@id":"https:\/\/www.fernandovicente.es\/en\/#\/schema\/person\/d49677cb48f2ea656b28261dd8f75d7f"},"potentialAction":[{"@type":"SearchAction","target":{"@type":"EntryPoint","urlTemplate":"https:\/\/www.fernandovicente.es\/en\/?s={search_term_string}"},"query-input":{"@type":"PropertyValueSpecification","valueRequired":true,"valueName":"search_term_string"}}],"inLanguage":"en-US"},{"@type":["Person","Organization"],"@id":"https:\/\/www.fernandovicente.es\/en\/#\/schema\/person\/d49677cb48f2ea656b28261dd8f75d7f","name":"Fernando Vicente","image":{"@type":"ImageObject","inLanguage":"en-US","@id":"https:\/\/www.fernandovicente.es\/en\/#\/schema\/person\/image\/","url":"https:\/\/www.fernandovicente.es\/wp-content\/uploads\/2014\/11\/fernando-vicente-Foto-e1419619123418.jpg","contentUrl":"https:\/\/www.fernandovicente.es\/wp-content\/uploads\/2014\/11\/fernando-vicente-Foto-e1419619123418.jpg","width":300,"height":300,"caption":"Fernando Vicente"},"logo":{"@id":"https:\/\/www.fernandovicente.es\/en\/#\/schema\/person\/image\/"},"description":"Fernando Vicente - Painter &amp; illustrator","sameAs":["http:\/\/www.fernandovicente.es","https:\/\/www.facebook.com\/FernandoVicenteIllustrator\/","https:\/\/www.instagram.com\/fvicente_illust\/","https:\/\/www.linkedin.com\/in\/fernando-vicente-97595012","https:\/\/www.pinterest.es\/FVicente_illust\/","https:\/\/x.com\/https:\/\/twitter.com\/fvicente_illust"]}]}},"_links":{"self":[{"href":"https:\/\/www.fernandovicente.es\/en\/wp-json\/wp\/v2\/posts\/17091","targetHints":{"allow":["GET"]}}],"collection":[{"href":"https:\/\/www.fernandovicente.es\/en\/wp-json\/wp\/v2\/posts"}],"about":[{"href":"https:\/\/www.fernandovicente.es\/en\/wp-json\/wp\/v2\/types\/post"}],"author":[{"embeddable":true,"href":"https:\/\/www.fernandovicente.es\/en\/wp-json\/wp\/v2\/users\/2"}],"replies":[{"embeddable":true,"href":"https:\/\/www.fernandovicente.es\/en\/wp-json\/wp\/v2\/comments?post=17091"}],"version-history":[{"count":3,"href":"https:\/\/www.fernandovicente.es\/en\/wp-json\/wp\/v2\/posts\/17091\/revisions"}],"predecessor-version":[{"id":17791,"href":"https:\/\/www.fernandovicente.es\/en\/wp-json\/wp\/v2\/posts\/17091\/revisions\/17791"}],"wp:featuredmedia":[{"embeddable":true,"href":"https:\/\/www.fernandovicente.es\/en\/wp-json\/wp\/v2\/media\/17085"}],"wp:attachment":[{"href":"https:\/\/www.fernandovicente.es\/en\/wp-json\/wp\/v2\/media?parent=17091"}],"wp:term":[{"taxonomy":"category","embeddable":true,"href":"https:\/\/www.fernandovicente.es\/en\/wp-json\/wp\/v2\/categories?post=17091"},{"taxonomy":"post_tag","embeddable":true,"href":"https:\/\/www.fernandovicente.es\/en\/wp-json\/wp\/v2\/tags?post=17091"}],"curies":[{"name":"wp","href":"https:\/\/api.w.org\/{rel}","templated":true}]}}