{"id":17215,"date":"2025-11-05T19:06:30","date_gmt":"2025-11-05T17:06:30","guid":{"rendered":"https:\/\/www.fernandovicente.es\/sin-categoria-en\/36a-semana-de-cine-fantastico-y-terror\/"},"modified":"2025-11-06T20:04:57","modified_gmt":"2025-11-06T18:04:57","slug":"36a-semana-de-cine-fantastico-y-terror","status":"publish","type":"post","link":"https:\/\/www.fernandovicente.es\/en\/exposicion-2-en\/36a-semana-de-cine-fantastico-y-terror\/","title":{"rendered":"36th Fantasy and Horror Film Week"},"content":{"rendered":"<p><\/p><p>FERNANDO VICENTE Exhibition \u2013 MYTHS OF HORROR FILMS as part of the 36th Fantasy and Horror Film Week 2025 in Donostia &#8211; San Sebastian<\/p><p>Municipal Library Activity Room (San Jer\u00f3nimo) 31 October \u2013 16 November<\/p><figure class=\"wp-block-gallery has-nested-images columns-default is-cropped wp-block-gallery-1 is-layout-flex wp-block-gallery-is-layout-flex\"><figure class=\"wp-block-image size-large\"><a href=\"https:\/\/www.fernandovicente.es\/wp-content\/uploads\/2025\/11\/Cripta_1470-x-3000_2025-1-36a-Semana-de-Cine-Fantastico-y-de-Terror-Exposicion-FERNANDO-VICENTE-\u2013-MITOS-DEL-CINE-DE-TERROR.jpg\"><img loading=\"lazy\" decoding=\"async\" width=\"490\" height=\"1000\" data-id=\"17209\" src=\"https:\/\/www.fernandovicente.es\/wp-content\/uploads\/2025\/11\/Cripta_1470-x-3000_2025-1-36a-Semana-de-Cine-Fantastico-y-de-Terror-Exposicion-FERNANDO-VICENTE-\u2013-MITOS-DEL-CINE-DE-TERROR.jpg\" alt=\"\" class=\"wp-image-17209\" srcset=\"https:\/\/www.fernandovicente.es\/wp-content\/uploads\/2025\/11\/Cripta_1470-x-3000_2025-1-36a-Semana-de-Cine-Fantastico-y-de-Terror-Exposicion-FERNANDO-VICENTE-\u2013-MITOS-DEL-CINE-DE-TERROR.jpg 490w, https:\/\/www.fernandovicente.es\/wp-content\/uploads\/2025\/11\/Cripta_1470-x-3000_2025-1-36a-Semana-de-Cine-Fantastico-y-de-Terror-Exposicion-FERNANDO-VICENTE-\u2013-MITOS-DEL-CINE-DE-TERROR-147x300.jpg 147w, https:\/\/www.fernandovicente.es\/wp-content\/uploads\/2025\/11\/Cripta_1470-x-3000_2025-1-36a-Semana-de-Cine-Fantastico-y-de-Terror-Exposicion-FERNANDO-VICENTE-\u2013-MITOS-DEL-CINE-DE-TERROR-430x878.jpg 430w\" sizes=\"auto, (max-width: 490px) 100vw, 490px\" \/><\/a><\/figure>\n\n<figure class=\"wp-block-image size-large\"><a href=\"https:\/\/www.fernandovicente.es\/wp-content\/uploads\/2025\/11\/Cripta_1470-x-3000_2025-2-36a-Semana-de-Cine-Fantastico-y-de-Terror-Exposicion-FERNANDO-VICENTE-\u2013-MITOS-DEL-CINE-DE-TERROR.jpg\"><img loading=\"lazy\" decoding=\"async\" width=\"490\" height=\"1000\" data-id=\"17207\" src=\"https:\/\/www.fernandovicente.es\/wp-content\/uploads\/2025\/11\/Cripta_1470-x-3000_2025-2-36a-Semana-de-Cine-Fantastico-y-de-Terror-Exposicion-FERNANDO-VICENTE-\u2013-MITOS-DEL-CINE-DE-TERROR.jpg\" alt=\"\" class=\"wp-image-17207\" srcset=\"https:\/\/www.fernandovicente.es\/wp-content\/uploads\/2025\/11\/Cripta_1470-x-3000_2025-2-36a-Semana-de-Cine-Fantastico-y-de-Terror-Exposicion-FERNANDO-VICENTE-\u2013-MITOS-DEL-CINE-DE-TERROR.jpg 490w, https:\/\/www.fernandovicente.es\/wp-content\/uploads\/2025\/11\/Cripta_1470-x-3000_2025-2-36a-Semana-de-Cine-Fantastico-y-de-Terror-Exposicion-FERNANDO-VICENTE-\u2013-MITOS-DEL-CINE-DE-TERROR-147x300.jpg 147w, https:\/\/www.fernandovicente.es\/wp-content\/uploads\/2025\/11\/Cripta_1470-x-3000_2025-2-36a-Semana-de-Cine-Fantastico-y-de-Terror-Exposicion-FERNANDO-VICENTE-\u2013-MITOS-DEL-CINE-DE-TERROR-430x878.jpg 430w\" sizes=\"auto, (max-width: 490px) 100vw, 490px\" \/><\/a><\/figure>\n\n<figure class=\"wp-block-image size-large\"><a href=\"https:\/\/www.fernandovicente.es\/wp-content\/uploads\/2025\/11\/36a-Semana-de-Cine-Fantastico-y-de-Terror-Exposicion-FERNANDO-VICENTE-\u2013-MITOS-DEL-CINE-DE-TERROR-932x1024.jpg\"><img loading=\"lazy\" decoding=\"async\" width=\"932\" height=\"1024\" data-id=\"17211\" src=\"https:\/\/www.fernandovicente.es\/wp-content\/uploads\/2025\/11\/36a-Semana-de-Cine-Fantastico-y-de-Terror-Exposicion-FERNANDO-VICENTE-\u2013-MITOS-DEL-CINE-DE-TERROR-932x1024.jpg\" alt=\"\" class=\"wp-image-17211\" srcset=\"https:\/\/www.fernandovicente.es\/wp-content\/uploads\/2025\/11\/36a-Semana-de-Cine-Fantastico-y-de-Terror-Exposicion-FERNANDO-VICENTE-\u2013-MITOS-DEL-CINE-DE-TERROR-932x1024.jpg 932w, https:\/\/www.fernandovicente.es\/wp-content\/uploads\/2025\/11\/36a-Semana-de-Cine-Fantastico-y-de-Terror-Exposicion-FERNANDO-VICENTE-\u2013-MITOS-DEL-CINE-DE-TERROR-273x300.jpg 273w, https:\/\/www.fernandovicente.es\/wp-content\/uploads\/2025\/11\/36a-Semana-de-Cine-Fantastico-y-de-Terror-Exposicion-FERNANDO-VICENTE-\u2013-MITOS-DEL-CINE-DE-TERROR-768x844.jpg 768w, https:\/\/www.fernandovicente.es\/wp-content\/uploads\/2025\/11\/36a-Semana-de-Cine-Fantastico-y-de-Terror-Exposicion-FERNANDO-VICENTE-\u2013-MITOS-DEL-CINE-DE-TERROR-430x472.jpg 430w, https:\/\/www.fernandovicente.es\/wp-content\/uploads\/2025\/11\/36a-Semana-de-Cine-Fantastico-y-de-Terror-Exposicion-FERNANDO-VICENTE-\u2013-MITOS-DEL-CINE-DE-TERROR-860x945.jpg 860w, https:\/\/www.fernandovicente.es\/wp-content\/uploads\/2025\/11\/36a-Semana-de-Cine-Fantastico-y-de-Terror-Exposicion-FERNANDO-VICENTE-\u2013-MITOS-DEL-CINE-DE-TERROR-600x659.jpg 600w\" sizes=\"auto, (max-width: 932px) 100vw, 932px\" \/><\/a><\/figure><\/figure><figure class=\"wp-block-image size-large\"><a href=\"https:\/\/www.sansebastianhorrorfestival.eus\/2025\/index.php?option=com_content&amp;view=article&amp;id=36&amp;Itemid=10&amp;idn=35556&amp;lang=es\"><img loading=\"lazy\" decoding=\"async\" width=\"1024\" height=\"576\" src=\"https:\/\/www.fernandovicente.es\/wp-content\/uploads\/2025\/11\/36a-Semana-de-Cine-Fantastico-y-de-Terror-Exposicion-FERNANDO-VICENTE-\u2013-MITOS-DEL-CINE-DE-TERROR--1024x576.jpg\" alt=\"\" class=\"wp-image-17198\" srcset=\"https:\/\/www.fernandovicente.es\/wp-content\/uploads\/2025\/11\/36a-Semana-de-Cine-Fantastico-y-de-Terror-Exposicion-FERNANDO-VICENTE-\u2013-MITOS-DEL-CINE-DE-TERROR--1024x576.jpg 1024w, https:\/\/www.fernandovicente.es\/wp-content\/uploads\/2025\/11\/36a-Semana-de-Cine-Fantastico-y-de-Terror-Exposicion-FERNANDO-VICENTE-\u2013-MITOS-DEL-CINE-DE-TERROR--300x169.jpg 300w, https:\/\/www.fernandovicente.es\/wp-content\/uploads\/2025\/11\/36a-Semana-de-Cine-Fantastico-y-de-Terror-Exposicion-FERNANDO-VICENTE-\u2013-MITOS-DEL-CINE-DE-TERROR--768x432.jpg 768w, https:\/\/www.fernandovicente.es\/wp-content\/uploads\/2025\/11\/36a-Semana-de-Cine-Fantastico-y-de-Terror-Exposicion-FERNANDO-VICENTE-\u2013-MITOS-DEL-CINE-DE-TERROR--430x242.jpg 430w, https:\/\/www.fernandovicente.es\/wp-content\/uploads\/2025\/11\/36a-Semana-de-Cine-Fantastico-y-de-Terror-Exposicion-FERNANDO-VICENTE-\u2013-MITOS-DEL-CINE-DE-TERROR--860x484.jpg 860w, https:\/\/www.fernandovicente.es\/wp-content\/uploads\/2025\/11\/36a-Semana-de-Cine-Fantastico-y-de-Terror-Exposicion-FERNANDO-VICENTE-\u2013-MITOS-DEL-CINE-DE-TERROR--600x338.jpg 600w\" sizes=\"auto, (max-width: 1024px) 100vw, 1024px\" \/><\/a><\/figure><p><\/p><figure class=\"wp-block-image size-large\"><a href=\"https:\/\/www.fernandovicente.es\/en\/shop-online-prints-books-original-cards-postcards-calendars-fernando-vicente\/carteles-de-cine-de-terror\/\"><img loading=\"lazy\" decoding=\"async\" width=\"1024\" height=\"612\" src=\"https:\/\/www.fernandovicente.es\/wp-content\/uploads\/2022\/03\/Cuando-nacen-los-monstruos-mitos-del-cine-de-Terror-Alberto-Gil-y-Fernando-Vicente-Lunwerg-Editores-1-1024x612.jpeg\" alt=\"Cuando nacen los Monstruos mitos del cine de terror Fernando Vicente Alberto Gil Lunwerg editores\" class=\"wp-image-11313\" srcset=\"https:\/\/www.fernandovicente.es\/wp-content\/uploads\/2022\/03\/Cuando-nacen-los-monstruos-mitos-del-cine-de-Terror-Alberto-Gil-y-Fernando-Vicente-Lunwerg-Editores-1-1024x612.jpeg 1024w, https:\/\/www.fernandovicente.es\/wp-content\/uploads\/2022\/03\/Cuando-nacen-los-monstruos-mitos-del-cine-de-Terror-Alberto-Gil-y-Fernando-Vicente-Lunwerg-Editores-1-600x359.jpeg 600w, https:\/\/www.fernandovicente.es\/wp-content\/uploads\/2022\/03\/Cuando-nacen-los-monstruos-mitos-del-cine-de-Terror-Alberto-Gil-y-Fernando-Vicente-Lunwerg-Editores-1-300x179.jpeg 300w, https:\/\/www.fernandovicente.es\/wp-content\/uploads\/2022\/03\/Cuando-nacen-los-monstruos-mitos-del-cine-de-Terror-Alberto-Gil-y-Fernando-Vicente-Lunwerg-Editores-1-768x459.jpeg 768w, https:\/\/www.fernandovicente.es\/wp-content\/uploads\/2022\/03\/Cuando-nacen-los-monstruos-mitos-del-cine-de-Terror-Alberto-Gil-y-Fernando-Vicente-Lunwerg-Editores-1-430x257.jpeg 430w, https:\/\/www.fernandovicente.es\/wp-content\/uploads\/2022\/03\/Cuando-nacen-los-monstruos-mitos-del-cine-de-Terror-Alberto-Gil-y-Fernando-Vicente-Lunwerg-Editores-1-860x514.jpeg 860w\" sizes=\"auto, (max-width: 1024px) 100vw, 1024px\" \/><\/a><figcaption class=\"wp-element-caption\">When Monsters Are Born: Myths of Horror Cinema Fernando Vicente Alberto Gil Lunwerg Publishers<\/figcaption><\/figure><figure class=\"wp-block-image size-large\"><a href=\"https:\/\/www.fernandovicente.es\/en\/shop-online-prints-books-original-cards-postcards-calendars-fernando-vicente\/caleidoscopio-de-cine-de-terror\/\"><img loading=\"lazy\" decoding=\"async\" width=\"1024\" height=\"666\" src=\"https:\/\/www.fernandovicente.es\/wp-content\/uploads\/2022\/03\/Cuando-nacen-los-monstruos-mitos-del-cine-de-Terror-Alberto-Gil-y-Fernando-Vicente-Lunwerg-Editores-2-1024x666.jpeg\" alt=\"Cuando nacen los Monstruos mitos del cine de terror Fernando Vicente Alberto Gil Lunwerg editores\" class=\"wp-image-11315\" srcset=\"https:\/\/www.fernandovicente.es\/wp-content\/uploads\/2022\/03\/Cuando-nacen-los-monstruos-mitos-del-cine-de-Terror-Alberto-Gil-y-Fernando-Vicente-Lunwerg-Editores-2-1024x666.jpeg 1024w, https:\/\/www.fernandovicente.es\/wp-content\/uploads\/2022\/03\/Cuando-nacen-los-monstruos-mitos-del-cine-de-Terror-Alberto-Gil-y-Fernando-Vicente-Lunwerg-Editores-2-600x391.jpeg 600w, https:\/\/www.fernandovicente.es\/wp-content\/uploads\/2022\/03\/Cuando-nacen-los-monstruos-mitos-del-cine-de-Terror-Alberto-Gil-y-Fernando-Vicente-Lunwerg-Editores-2-300x195.jpeg 300w, https:\/\/www.fernandovicente.es\/wp-content\/uploads\/2022\/03\/Cuando-nacen-los-monstruos-mitos-del-cine-de-Terror-Alberto-Gil-y-Fernando-Vicente-Lunwerg-Editores-2-768x500.jpeg 768w, https:\/\/www.fernandovicente.es\/wp-content\/uploads\/2022\/03\/Cuando-nacen-los-monstruos-mitos-del-cine-de-Terror-Alberto-Gil-y-Fernando-Vicente-Lunwerg-Editores-2-430x280.jpeg 430w, https:\/\/www.fernandovicente.es\/wp-content\/uploads\/2022\/03\/Cuando-nacen-los-monstruos-mitos-del-cine-de-Terror-Alberto-Gil-y-Fernando-Vicente-Lunwerg-Editores-2-860x560.jpeg 860w\" sizes=\"auto, (max-width: 1024px) 100vw, 1024px\" \/><\/a><figcaption class=\"wp-element-caption\">When Monsters Are Born: Myths of Horror Cinema Fernando Vicente Alberto Gil Lunwerg Publishers<\/figcaption><\/figure><p class=\"has-text-align-center\">La exposici\u00f3n <strong>Fernando Vicente: Mitos del cine de terror<\/strong>, perteneciente a la programaci\u00f3n de la 36\u00aa Semana de Cine Fant\u00e1stico y de Terror, estar\u00e1 abierta <strong>entre el 31 de octubre y el 16 de noviembre<\/strong> en la <strong>Sala de Actividades de la Biblioteca Central<\/strong> (c\/San Jer\u00f3nimo).<\/p><p class=\"has-text-align-center\">Esta exposici\u00f3n se acerca a algunas de las pel\u00edculas m\u00e1s ic\u00f3nicas del cine de terror, un g\u00e9nero que desde el mismo nacimiento del S\u00e9ptimo Arte ha ido legando al imaginario colectivo un gran n\u00famero de personajes, monstruos, criaturas de la noche, seres de otros planetas y de este que ya forman parte de algunas de nuestras pesadillas favoritas.<\/p><p class=\"has-text-align-center\"><strong>Fernando Vicente<\/strong> retrata veinticinco pel\u00edculas en esta muestra que surge del lbro <strong>Cuando nacen los monstruos \u2013 Mitos del cine de terror<\/strong> (Lunwerg Editores, 2022). De cada una de ellas se presentan dos im\u00e1genes: una ilustraci\u00f3n y un posible cartel. Dr\u00e1cula, el monstruo de Frankenstein, Norman Bates, Freddy Krueger o Hannibal Lecter son algunos de los personajes retratados.<\/p><p><\/p>","protected":false},"excerpt":{"rendered":"<p>FERNANDO VICENTE Exhibition \u2013 MYTHS OF HORROR FILMS as part of the 36th Fantasy and Horror Film Week 2025 in Donostia &#8211; San Sebastian Municipal&hellip;<\/p>\n","protected":false},"author":2,"featured_media":11323,"comment_status":"closed","ping_status":"closed","sticky":false,"template":"","format":"standard","meta":{"footnotes":""},"categories":[552,3052],"tags":[4307,555,339,2477,4308,4309,4310],"class_list":["post-17215","post","type-post","status-publish","format-standard","has-post-thumbnail","hentry","category-exposicion-en","category-exposicion-2-en","tag-cuando-nacen-los-monstruos-en","tag-exposicion-en","tag-fernando-vicente-en","tag-lunwerg-editores-en","tag-mitos-del-cine-en","tag-monstruos-en","tag-semana-de-cine-fantastico-y-de-terror-2-en"],"yoast_head":"<!-- This site is optimized with the Yoast SEO plugin v26.9 - https:\/\/yoast.com\/product\/yoast-seo-wordpress\/ -->\n<title>36th Fantasy and Horror Film Week<\/title>\n<meta name=\"description\" content=\"36\u00aa Semana Cine Fant\u00e1stico y de Terror Exposici\u00f3n MITOS DEL CINE DE TERROR Sala Biblioteca Municipal (San Jer\u00f3nimo) 31 octubre \u2013 16 noviembre\" \/>\n<meta name=\"robots\" content=\"index, follow, max-snippet:-1, max-image-preview:large, max-video-preview:-1\" \/>\n<link rel=\"canonical\" href=\"https:\/\/www.fernandovicente.es\/en\/exposicion-2-en\/36a-semana-de-cine-fantastico-y-terror\/\" \/>\n<meta property=\"og:locale\" content=\"en_US\" \/>\n<meta property=\"og:type\" content=\"article\" \/>\n<meta property=\"og:title\" content=\"36th Fantasy and Horror Film Week\" \/>\n<meta property=\"og:description\" content=\"36\u00aa Semana Cine Fant\u00e1stico y de Terror Exposici\u00f3n MITOS DEL CINE DE TERROR Sala Biblioteca Municipal (San Jer\u00f3nimo) 31 octubre \u2013 16 noviembre\" \/>\n<meta property=\"og:url\" content=\"https:\/\/www.fernandovicente.es\/en\/exposicion-2-en\/36a-semana-de-cine-fantastico-y-terror\/\" \/>\n<meta property=\"og:site_name\" content=\"Fernando Vicente\" \/>\n<meta property=\"article:publisher\" content=\"https:\/\/www.facebook.com\/FernandoVicenteIllustrator\/\" \/>\n<meta property=\"article:author\" content=\"https:\/\/www.facebook.com\/FernandoVicenteIllustrator\/\" \/>\n<meta property=\"article:published_time\" content=\"2025-11-05T17:06:30+00:00\" \/>\n<meta property=\"article:modified_time\" content=\"2025-11-06T18:04:57+00:00\" \/>\n<meta property=\"og:image\" content=\"https:\/\/www.fernandovicente.es\/wp-content\/uploads\/2022\/03\/Cuando-nacen-los-Monstruos-mitos-del-cine-de-terror-Fernando-Vicente-Alberto-Gil-Lunwerg-editores-.jpg\" \/>\n\t<meta property=\"og:image:width\" content=\"938\" \/>\n\t<meta property=\"og:image:height\" content=\"619\" \/>\n\t<meta property=\"og:image:type\" content=\"image\/jpeg\" \/>\n<meta name=\"author\" content=\"Fernando Vicente\" \/>\n<meta name=\"twitter:card\" content=\"summary_large_image\" \/>\n<meta name=\"twitter:creator\" content=\"@https:\/\/twitter.com\/fvicente_illust\" \/>\n<meta name=\"twitter:site\" content=\"@fvicente_illust\" \/>\n<meta name=\"twitter:label1\" content=\"Written by\" \/>\n\t<meta name=\"twitter:data1\" content=\"Fernando Vicente\" \/>\n\t<meta name=\"twitter:label2\" content=\"Est. reading time\" \/>\n\t<meta name=\"twitter:data2\" content=\"3 minutes\" \/>\n<script type=\"application\/ld+json\" class=\"yoast-schema-graph\">{\"@context\":\"https:\/\/schema.org\",\"@graph\":[{\"@type\":\"Article\",\"@id\":\"https:\/\/www.fernandovicente.es\/en\/exposicion-2-en\/36a-semana-de-cine-fantastico-y-terror\/#article\",\"isPartOf\":{\"@id\":\"https:\/\/www.fernandovicente.es\/en\/exposicion-2-en\/36a-semana-de-cine-fantastico-y-terror\/\"},\"author\":{\"name\":\"Fernando Vicente\",\"@id\":\"https:\/\/www.fernandovicente.es\/en\/#\/schema\/person\/d49677cb48f2ea656b28261dd8f75d7f\"},\"headline\":\"36th Fantasy and Horror Film Week\",\"datePublished\":\"2025-11-05T17:06:30+00:00\",\"dateModified\":\"2025-11-06T18:04:57+00:00\",\"mainEntityOfPage\":{\"@id\":\"https:\/\/www.fernandovicente.es\/en\/exposicion-2-en\/36a-semana-de-cine-fantastico-y-terror\/\"},\"wordCount\":238,\"publisher\":{\"@id\":\"https:\/\/www.fernandovicente.es\/en\/#\/schema\/person\/d49677cb48f2ea656b28261dd8f75d7f\"},\"image\":{\"@id\":\"https:\/\/www.fernandovicente.es\/en\/exposicion-2-en\/36a-semana-de-cine-fantastico-y-terror\/#primaryimage\"},\"thumbnailUrl\":\"https:\/\/www.fernandovicente.es\/wp-content\/uploads\/2022\/03\/Cuando-nacen-los-Monstruos-mitos-del-cine-de-terror-Fernando-Vicente-Alberto-Gil-Lunwerg-editores-.jpg\",\"keywords\":[\"Cuando Nacen los monstruos\",\"Exposici\u00f3n\",\"Fernando Vicente\",\"lunwerg editores\",\"Mitos del cine\",\"Monstruos\",\"Semana de cine Fant\u00e1stico y de Terror\"],\"articleSection\":[\"Art exhibitions\",\"Exposici\u00f3n\"],\"inLanguage\":\"en-US\"},{\"@type\":\"WebPage\",\"@id\":\"https:\/\/www.fernandovicente.es\/en\/exposicion-2-en\/36a-semana-de-cine-fantastico-y-terror\/\",\"url\":\"https:\/\/www.fernandovicente.es\/en\/exposicion-2-en\/36a-semana-de-cine-fantastico-y-terror\/\",\"name\":\"36th Fantasy and Horror Film Week\",\"isPartOf\":{\"@id\":\"https:\/\/www.fernandovicente.es\/en\/#website\"},\"primaryImageOfPage\":{\"@id\":\"https:\/\/www.fernandovicente.es\/en\/exposicion-2-en\/36a-semana-de-cine-fantastico-y-terror\/#primaryimage\"},\"image\":{\"@id\":\"https:\/\/www.fernandovicente.es\/en\/exposicion-2-en\/36a-semana-de-cine-fantastico-y-terror\/#primaryimage\"},\"thumbnailUrl\":\"https:\/\/www.fernandovicente.es\/wp-content\/uploads\/2022\/03\/Cuando-nacen-los-Monstruos-mitos-del-cine-de-terror-Fernando-Vicente-Alberto-Gil-Lunwerg-editores-.jpg\",\"datePublished\":\"2025-11-05T17:06:30+00:00\",\"dateModified\":\"2025-11-06T18:04:57+00:00\",\"description\":\"36\u00aa Semana Cine Fant\u00e1stico y de Terror Exposici\u00f3n MITOS DEL CINE DE TERROR Sala Biblioteca Municipal (San Jer\u00f3nimo) 31 octubre \u2013 16 noviembre\",\"breadcrumb\":{\"@id\":\"https:\/\/www.fernandovicente.es\/en\/exposicion-2-en\/36a-semana-de-cine-fantastico-y-terror\/#breadcrumb\"},\"inLanguage\":\"en-US\",\"potentialAction\":[{\"@type\":\"ReadAction\",\"target\":[\"https:\/\/www.fernandovicente.es\/en\/exposicion-2-en\/36a-semana-de-cine-fantastico-y-terror\/\"]}]},{\"@type\":\"ImageObject\",\"inLanguage\":\"en-US\",\"@id\":\"https:\/\/www.fernandovicente.es\/en\/exposicion-2-en\/36a-semana-de-cine-fantastico-y-terror\/#primaryimage\",\"url\":\"https:\/\/www.fernandovicente.es\/wp-content\/uploads\/2022\/03\/Cuando-nacen-los-Monstruos-mitos-del-cine-de-terror-Fernando-Vicente-Alberto-Gil-Lunwerg-editores-.jpg\",\"contentUrl\":\"https:\/\/www.fernandovicente.es\/wp-content\/uploads\/2022\/03\/Cuando-nacen-los-Monstruos-mitos-del-cine-de-terror-Fernando-Vicente-Alberto-Gil-Lunwerg-editores-.jpg\",\"width\":938,\"height\":619,\"caption\":\"Cuando nacen los Monstruos mitos del cine de terror Fernando Vicente Alberto Gil Lunwerg editores\"},{\"@type\":\"BreadcrumbList\",\"@id\":\"https:\/\/www.fernandovicente.es\/en\/exposicion-2-en\/36a-semana-de-cine-fantastico-y-terror\/#breadcrumb\",\"itemListElement\":[{\"@type\":\"ListItem\",\"position\":1,\"name\":\"Portada\",\"item\":\"https:\/\/www.fernandovicente.es\/en\/\"},{\"@type\":\"ListItem\",\"position\":2,\"name\":\"36th Fantasy and Horror Film Week\"}]},{\"@type\":\"WebSite\",\"@id\":\"https:\/\/www.fernandovicente.es\/en\/#website\",\"url\":\"https:\/\/www.fernandovicente.es\/en\/\",\"name\":\"Fernando Vicente\",\"description\":\"Ilustraci\u00f3n\",\"publisher\":{\"@id\":\"https:\/\/www.fernandovicente.es\/en\/#\/schema\/person\/d49677cb48f2ea656b28261dd8f75d7f\"},\"potentialAction\":[{\"@type\":\"SearchAction\",\"target\":{\"@type\":\"EntryPoint\",\"urlTemplate\":\"https:\/\/www.fernandovicente.es\/en\/?s={search_term_string}\"},\"query-input\":{\"@type\":\"PropertyValueSpecification\",\"valueRequired\":true,\"valueName\":\"search_term_string\"}}],\"inLanguage\":\"en-US\"},{\"@type\":[\"Person\",\"Organization\"],\"@id\":\"https:\/\/www.fernandovicente.es\/en\/#\/schema\/person\/d49677cb48f2ea656b28261dd8f75d7f\",\"name\":\"Fernando Vicente\",\"image\":{\"@type\":\"ImageObject\",\"inLanguage\":\"en-US\",\"@id\":\"https:\/\/www.fernandovicente.es\/en\/#\/schema\/person\/image\/\",\"url\":\"https:\/\/www.fernandovicente.es\/wp-content\/uploads\/2014\/11\/fernando-vicente-Foto-e1419619123418.jpg\",\"contentUrl\":\"https:\/\/www.fernandovicente.es\/wp-content\/uploads\/2014\/11\/fernando-vicente-Foto-e1419619123418.jpg\",\"width\":300,\"height\":300,\"caption\":\"Fernando Vicente\"},\"logo\":{\"@id\":\"https:\/\/www.fernandovicente.es\/en\/#\/schema\/person\/image\/\"},\"description\":\"Fernando Vicente - Painter &amp; illustrator\",\"sameAs\":[\"http:\/\/www.fernandovicente.es\",\"https:\/\/www.facebook.com\/FernandoVicenteIllustrator\/\",\"https:\/\/www.instagram.com\/fvicente_illust\/\",\"https:\/\/www.linkedin.com\/in\/fernando-vicente-97595012\",\"https:\/\/www.pinterest.es\/FVicente_illust\/\",\"https:\/\/x.com\/https:\/\/twitter.com\/fvicente_illust\"]}]}<\/script>\n<!-- \/ Yoast SEO plugin. -->","yoast_head_json":{"title":"36th Fantasy and Horror Film Week","description":"36\u00aa Semana Cine Fant\u00e1stico y de Terror Exposici\u00f3n MITOS DEL CINE DE TERROR Sala Biblioteca Municipal (San Jer\u00f3nimo) 31 octubre \u2013 16 noviembre","robots":{"index":"index","follow":"follow","max-snippet":"max-snippet:-1","max-image-preview":"max-image-preview:large","max-video-preview":"max-video-preview:-1"},"canonical":"https:\/\/www.fernandovicente.es\/en\/exposicion-2-en\/36a-semana-de-cine-fantastico-y-terror\/","og_locale":"en_US","og_type":"article","og_title":"36th Fantasy and Horror Film Week","og_description":"36\u00aa Semana Cine Fant\u00e1stico y de Terror Exposici\u00f3n MITOS DEL CINE DE TERROR Sala Biblioteca Municipal (San Jer\u00f3nimo) 31 octubre \u2013 16 noviembre","og_url":"https:\/\/www.fernandovicente.es\/en\/exposicion-2-en\/36a-semana-de-cine-fantastico-y-terror\/","og_site_name":"Fernando Vicente","article_publisher":"https:\/\/www.facebook.com\/FernandoVicenteIllustrator\/","article_author":"https:\/\/www.facebook.com\/FernandoVicenteIllustrator\/","article_published_time":"2025-11-05T17:06:30+00:00","article_modified_time":"2025-11-06T18:04:57+00:00","og_image":[{"width":938,"height":619,"url":"https:\/\/www.fernandovicente.es\/wp-content\/uploads\/2022\/03\/Cuando-nacen-los-Monstruos-mitos-del-cine-de-terror-Fernando-Vicente-Alberto-Gil-Lunwerg-editores-.jpg","type":"image\/jpeg"}],"author":"Fernando Vicente","twitter_card":"summary_large_image","twitter_creator":"@https:\/\/twitter.com\/fvicente_illust","twitter_site":"@fvicente_illust","twitter_misc":{"Written by":"Fernando Vicente","Est. reading time":"3 minutes"},"schema":{"@context":"https:\/\/schema.org","@graph":[{"@type":"Article","@id":"https:\/\/www.fernandovicente.es\/en\/exposicion-2-en\/36a-semana-de-cine-fantastico-y-terror\/#article","isPartOf":{"@id":"https:\/\/www.fernandovicente.es\/en\/exposicion-2-en\/36a-semana-de-cine-fantastico-y-terror\/"},"author":{"name":"Fernando Vicente","@id":"https:\/\/www.fernandovicente.es\/en\/#\/schema\/person\/d49677cb48f2ea656b28261dd8f75d7f"},"headline":"36th Fantasy and Horror Film Week","datePublished":"2025-11-05T17:06:30+00:00","dateModified":"2025-11-06T18:04:57+00:00","mainEntityOfPage":{"@id":"https:\/\/www.fernandovicente.es\/en\/exposicion-2-en\/36a-semana-de-cine-fantastico-y-terror\/"},"wordCount":238,"publisher":{"@id":"https:\/\/www.fernandovicente.es\/en\/#\/schema\/person\/d49677cb48f2ea656b28261dd8f75d7f"},"image":{"@id":"https:\/\/www.fernandovicente.es\/en\/exposicion-2-en\/36a-semana-de-cine-fantastico-y-terror\/#primaryimage"},"thumbnailUrl":"https:\/\/www.fernandovicente.es\/wp-content\/uploads\/2022\/03\/Cuando-nacen-los-Monstruos-mitos-del-cine-de-terror-Fernando-Vicente-Alberto-Gil-Lunwerg-editores-.jpg","keywords":["Cuando Nacen los monstruos","Exposici\u00f3n","Fernando Vicente","lunwerg editores","Mitos del cine","Monstruos","Semana de cine Fant\u00e1stico y de Terror"],"articleSection":["Art exhibitions","Exposici\u00f3n"],"inLanguage":"en-US"},{"@type":"WebPage","@id":"https:\/\/www.fernandovicente.es\/en\/exposicion-2-en\/36a-semana-de-cine-fantastico-y-terror\/","url":"https:\/\/www.fernandovicente.es\/en\/exposicion-2-en\/36a-semana-de-cine-fantastico-y-terror\/","name":"36th Fantasy and Horror Film Week","isPartOf":{"@id":"https:\/\/www.fernandovicente.es\/en\/#website"},"primaryImageOfPage":{"@id":"https:\/\/www.fernandovicente.es\/en\/exposicion-2-en\/36a-semana-de-cine-fantastico-y-terror\/#primaryimage"},"image":{"@id":"https:\/\/www.fernandovicente.es\/en\/exposicion-2-en\/36a-semana-de-cine-fantastico-y-terror\/#primaryimage"},"thumbnailUrl":"https:\/\/www.fernandovicente.es\/wp-content\/uploads\/2022\/03\/Cuando-nacen-los-Monstruos-mitos-del-cine-de-terror-Fernando-Vicente-Alberto-Gil-Lunwerg-editores-.jpg","datePublished":"2025-11-05T17:06:30+00:00","dateModified":"2025-11-06T18:04:57+00:00","description":"36\u00aa Semana Cine Fant\u00e1stico y de Terror Exposici\u00f3n MITOS DEL CINE DE TERROR Sala Biblioteca Municipal (San Jer\u00f3nimo) 31 octubre \u2013 16 noviembre","breadcrumb":{"@id":"https:\/\/www.fernandovicente.es\/en\/exposicion-2-en\/36a-semana-de-cine-fantastico-y-terror\/#breadcrumb"},"inLanguage":"en-US","potentialAction":[{"@type":"ReadAction","target":["https:\/\/www.fernandovicente.es\/en\/exposicion-2-en\/36a-semana-de-cine-fantastico-y-terror\/"]}]},{"@type":"ImageObject","inLanguage":"en-US","@id":"https:\/\/www.fernandovicente.es\/en\/exposicion-2-en\/36a-semana-de-cine-fantastico-y-terror\/#primaryimage","url":"https:\/\/www.fernandovicente.es\/wp-content\/uploads\/2022\/03\/Cuando-nacen-los-Monstruos-mitos-del-cine-de-terror-Fernando-Vicente-Alberto-Gil-Lunwerg-editores-.jpg","contentUrl":"https:\/\/www.fernandovicente.es\/wp-content\/uploads\/2022\/03\/Cuando-nacen-los-Monstruos-mitos-del-cine-de-terror-Fernando-Vicente-Alberto-Gil-Lunwerg-editores-.jpg","width":938,"height":619,"caption":"Cuando nacen los Monstruos mitos del cine de terror Fernando Vicente Alberto Gil Lunwerg editores"},{"@type":"BreadcrumbList","@id":"https:\/\/www.fernandovicente.es\/en\/exposicion-2-en\/36a-semana-de-cine-fantastico-y-terror\/#breadcrumb","itemListElement":[{"@type":"ListItem","position":1,"name":"Portada","item":"https:\/\/www.fernandovicente.es\/en\/"},{"@type":"ListItem","position":2,"name":"36th Fantasy and Horror Film Week"}]},{"@type":"WebSite","@id":"https:\/\/www.fernandovicente.es\/en\/#website","url":"https:\/\/www.fernandovicente.es\/en\/","name":"Fernando Vicente","description":"Ilustraci\u00f3n","publisher":{"@id":"https:\/\/www.fernandovicente.es\/en\/#\/schema\/person\/d49677cb48f2ea656b28261dd8f75d7f"},"potentialAction":[{"@type":"SearchAction","target":{"@type":"EntryPoint","urlTemplate":"https:\/\/www.fernandovicente.es\/en\/?s={search_term_string}"},"query-input":{"@type":"PropertyValueSpecification","valueRequired":true,"valueName":"search_term_string"}}],"inLanguage":"en-US"},{"@type":["Person","Organization"],"@id":"https:\/\/www.fernandovicente.es\/en\/#\/schema\/person\/d49677cb48f2ea656b28261dd8f75d7f","name":"Fernando Vicente","image":{"@type":"ImageObject","inLanguage":"en-US","@id":"https:\/\/www.fernandovicente.es\/en\/#\/schema\/person\/image\/","url":"https:\/\/www.fernandovicente.es\/wp-content\/uploads\/2014\/11\/fernando-vicente-Foto-e1419619123418.jpg","contentUrl":"https:\/\/www.fernandovicente.es\/wp-content\/uploads\/2014\/11\/fernando-vicente-Foto-e1419619123418.jpg","width":300,"height":300,"caption":"Fernando Vicente"},"logo":{"@id":"https:\/\/www.fernandovicente.es\/en\/#\/schema\/person\/image\/"},"description":"Fernando Vicente - Painter &amp; illustrator","sameAs":["http:\/\/www.fernandovicente.es","https:\/\/www.facebook.com\/FernandoVicenteIllustrator\/","https:\/\/www.instagram.com\/fvicente_illust\/","https:\/\/www.linkedin.com\/in\/fernando-vicente-97595012","https:\/\/www.pinterest.es\/FVicente_illust\/","https:\/\/x.com\/https:\/\/twitter.com\/fvicente_illust"]}]}},"_links":{"self":[{"href":"https:\/\/www.fernandovicente.es\/en\/wp-json\/wp\/v2\/posts\/17215","targetHints":{"allow":["GET"]}}],"collection":[{"href":"https:\/\/www.fernandovicente.es\/en\/wp-json\/wp\/v2\/posts"}],"about":[{"href":"https:\/\/www.fernandovicente.es\/en\/wp-json\/wp\/v2\/types\/post"}],"author":[{"embeddable":true,"href":"https:\/\/www.fernandovicente.es\/en\/wp-json\/wp\/v2\/users\/2"}],"replies":[{"embeddable":true,"href":"https:\/\/www.fernandovicente.es\/en\/wp-json\/wp\/v2\/comments?post=17215"}],"version-history":[{"count":3,"href":"https:\/\/www.fernandovicente.es\/en\/wp-json\/wp\/v2\/posts\/17215\/revisions"}],"predecessor-version":[{"id":17221,"href":"https:\/\/www.fernandovicente.es\/en\/wp-json\/wp\/v2\/posts\/17215\/revisions\/17221"}],"wp:featuredmedia":[{"embeddable":true,"href":"https:\/\/www.fernandovicente.es\/en\/wp-json\/wp\/v2\/media\/11323"}],"wp:attachment":[{"href":"https:\/\/www.fernandovicente.es\/en\/wp-json\/wp\/v2\/media?parent=17215"}],"wp:term":[{"taxonomy":"category","embeddable":true,"href":"https:\/\/www.fernandovicente.es\/en\/wp-json\/wp\/v2\/categories?post=17215"},{"taxonomy":"post_tag","embeddable":true,"href":"https:\/\/www.fernandovicente.es\/en\/wp-json\/wp\/v2\/tags?post=17215"}],"curies":[{"name":"wp","href":"https:\/\/api.w.org\/{rel}","templated":true}]}}