{"id":5008,"date":"2015-10-19T18:58:02","date_gmt":"2015-10-19T18:58:02","guid":{"rendered":"http:\/\/www.fernandovicente.es\/en\/?p=5008"},"modified":"2016-06-19T19:05:46","modified_gmt":"2016-06-19T19:05:46","slug":"girls-almodovar","status":"publish","type":"post","link":"https:\/\/www.fernandovicente.es\/en\/photo\/girls-almodovar\/","title":{"rendered":"Girls Almod\u00f3var"},"content":{"rendered":"<p><a href=\"http:\/\/www.fernandovicente.es\/wp-content\/uploads\/2015\/10\/Chicas-Almodovar-Fernando-Vicente.jpg\"><img loading=\"lazy\" decoding=\"async\" class=\"size-full wp-image-4385\" src=\"http:\/\/www.fernandovicente.es\/wp-content\/uploads\/2015\/10\/Chicas-Almodovar-Fernando-Vicente.jpg\" alt=\"Revista S\u00e1bado @el_pais &quot;Trabaja conmigo&quot; por Pedro Almod\u00f3var Elena Anaya, Leonor Watling, Rossy de Palma, Blanca Portillo, Penelope Cruz, Blanca Suarez y Carmen Machi \u202a#\u200efernandovicente\u202c \u202a#\u200erevistasabado\u202c \u202a#\u200echicaalmodovar\u202c \u202a#\u200eretrato\u202c\" width=\"691\" height=\"1000\" srcset=\"https:\/\/www.fernandovicente.es\/wp-content\/uploads\/2015\/10\/Chicas-Almodovar-Fernando-Vicente.jpg 691w, https:\/\/www.fernandovicente.es\/wp-content\/uploads\/2015\/10\/Chicas-Almodovar-Fernando-Vicente-600x868.jpg 600w\" sizes=\"auto, (max-width: 691px) 100vw, 691px\" \/><\/a><\/p>\n<p style=\"text-align: center;\">Revista S\u00e1bado @el_pais<br \/>\n&#8220;Trabaja conmigo&#8221; por Pedro Almod\u00f3var<br \/>\nElena Anaya, Leonor Watling,<br \/>\nRossy de Palma, Blanca Portillo, Penelope Cruz, Blanca Suarez y Carmen Machi<br \/>\n<a class=\"_58cn\" href=\"https:\/\/www.facebook.com\/hashtag\/fernandovicente?source=feed_text&amp;story_id=992173320824401\" data-ft=\"{&quot;tn&quot;:&quot;*N&quot;,&quot;type&quot;:104}\"><span class=\"_58cl\">\u202a#\u200e<\/span><span class=\"_58cm\">fernandovicente\u202c<\/span><\/a> <a class=\"_58cn\" href=\"https:\/\/www.facebook.com\/hashtag\/revistasabado?source=feed_text&amp;story_id=992173320824401\" data-ft=\"{&quot;tn&quot;:&quot;*N&quot;,&quot;type&quot;:104}\"><span class=\"_58cl\">\u202a#\u200e<\/span><span class=\"_58cm\">revistasabado\u202c<\/span><\/a> <a class=\"_58cn\" href=\"https:\/\/www.facebook.com\/hashtag\/chicaalmodovar?source=feed_text&amp;story_id=992173320824401\" data-ft=\"{&quot;tn&quot;:&quot;*N&quot;,&quot;type&quot;:104}\"><span class=\"_58cl\">\u202a#\u200e<\/span><span class=\"_58cm\">chicaalmodovar\u202c<\/span><\/a> <a class=\"_58cn\" href=\"https:\/\/www.facebook.com\/hashtag\/retrato?source=feed_text&amp;story_id=992173320824401\" data-ft=\"{&quot;tn&quot;:&quot;*N&quot;,&quot;type&quot;:104}\"><span class=\"_58cl\">\u202a#\u200e<\/span><span class=\"_58cm\">retrato\u202c<\/span><\/a><\/p>\n<p><span style=\"border-radius: 2px; text-indent: 20px; width: auto; padding: 0px 4px 0px 0px; text-align: center; font: bold 11px\/20px 'Helvetica Neue',Helvetica,sans-serif; color: #ffffff; background: #bd081c  no-repeat scroll 3px 50% \/ 14px 14px; position: absolute; opacity: 0.85; z-index: 8675309; display: none; cursor: pointer; top: 36px; left: 20px;\">Guardar<\/span><\/p>\n","protected":false},"excerpt":{"rendered":"<p>Revista S\u00e1bado @el_pais &#8220;Trabaja conmigo&#8221; por Pedro Almod\u00f3var Elena Anaya, Leonor Watling, Rossy de Palma, Blanca Portillo, Penelope Cruz, Blanca Suarez y Carmen Machi \u202a#\u200efernandovicente\u202c&hellip;<\/p>\n","protected":false},"author":2,"featured_media":4392,"comment_status":"closed","ping_status":"closed","sticky":false,"template":"","format":"image","meta":{"footnotes":""},"categories":[166,126],"tags":[],"class_list":["post-5008","post","type-post","status-publish","format-image","has-post-thumbnail","hentry","category-illustration","category-photo","post_format-post-format-image"],"yoast_head":"<!-- This site is optimized with the Yoast SEO plugin v26.9 - https:\/\/yoast.com\/product\/yoast-seo-wordpress\/ -->\n<title>Girls Almod\u00f3var - Fernando Vicente<\/title>\n<meta name=\"robots\" content=\"index, follow, max-snippet:-1, max-image-preview:large, max-video-preview:-1\" \/>\n<link rel=\"canonical\" href=\"https:\/\/www.fernandovicente.es\/en\/photo\/girls-almodovar\/\" \/>\n<meta property=\"og:locale\" content=\"en_US\" \/>\n<meta property=\"og:type\" content=\"article\" \/>\n<meta property=\"og:title\" content=\"Girls Almod\u00f3var - Fernando Vicente\" \/>\n<meta property=\"og:description\" content=\"Revista S\u00e1bado @el_pais &#8220;Trabaja conmigo&#8221; por Pedro Almod\u00f3var Elena Anaya, Leonor Watling, Rossy de Palma, Blanca Portillo, Penelope Cruz, Blanca Suarez y Carmen Machi \u202a#\u200efernandovicente\u202c&hellip;\" \/>\n<meta property=\"og:url\" content=\"https:\/\/www.fernandovicente.es\/en\/photo\/girls-almodovar\/\" \/>\n<meta property=\"og:site_name\" content=\"Fernando Vicente\" \/>\n<meta property=\"article:publisher\" content=\"https:\/\/www.facebook.com\/FernandoVicenteIllustrator\/\" \/>\n<meta property=\"article:author\" content=\"https:\/\/www.facebook.com\/FernandoVicenteIllustrator\/\" \/>\n<meta property=\"article:published_time\" content=\"2015-10-19T18:58:02+00:00\" \/>\n<meta property=\"article:modified_time\" content=\"2016-06-19T19:05:46+00:00\" \/>\n<meta property=\"og:image\" content=\"https:\/\/www.fernandovicente.es\/wp-content\/uploads\/2015\/10\/Chicas-Almodovar-Fernando-Vicente-recorte.001-001.jpg\" \/>\n\t<meta property=\"og:image:width\" content=\"1920\" \/>\n\t<meta property=\"og:image:height\" content=\"1080\" \/>\n\t<meta property=\"og:image:type\" content=\"image\/jpeg\" \/>\n<meta name=\"author\" content=\"Fernando Vicente\" \/>\n<meta name=\"twitter:card\" content=\"summary_large_image\" \/>\n<meta name=\"twitter:creator\" content=\"@https:\/\/twitter.com\/fvicente_illust\" \/>\n<meta name=\"twitter:site\" content=\"@fvicente_illust\" \/>\n<meta name=\"twitter:label1\" content=\"Written by\" \/>\n\t<meta name=\"twitter:data1\" content=\"Fernando Vicente\" \/>\n<script type=\"application\/ld+json\" class=\"yoast-schema-graph\">{\"@context\":\"https:\/\/schema.org\",\"@graph\":[{\"@type\":\"Article\",\"@id\":\"https:\/\/www.fernandovicente.es\/en\/photo\/girls-almodovar\/#article\",\"isPartOf\":{\"@id\":\"https:\/\/www.fernandovicente.es\/en\/photo\/girls-almodovar\/\"},\"author\":{\"name\":\"Fernando Vicente\",\"@id\":\"https:\/\/www.fernandovicente.es\/en\/#\/schema\/person\/d49677cb48f2ea656b28261dd8f75d7f\"},\"headline\":\"Girls Almod\u00f3var\",\"datePublished\":\"2015-10-19T18:58:02+00:00\",\"dateModified\":\"2016-06-19T19:05:46+00:00\",\"mainEntityOfPage\":{\"@id\":\"https:\/\/www.fernandovicente.es\/en\/photo\/girls-almodovar\/\"},\"wordCount\":35,\"publisher\":{\"@id\":\"https:\/\/www.fernandovicente.es\/en\/#\/schema\/person\/d49677cb48f2ea656b28261dd8f75d7f\"},\"image\":{\"@id\":\"https:\/\/www.fernandovicente.es\/en\/photo\/girls-almodovar\/#primaryimage\"},\"thumbnailUrl\":\"https:\/\/www.fernandovicente.es\/wp-content\/uploads\/2015\/10\/Chicas-Almodovar-Fernando-Vicente-recorte.001-001.jpg\",\"articleSection\":[\"Illustration\",\"Photo\"],\"inLanguage\":\"en-US\"},{\"@type\":\"WebPage\",\"@id\":\"https:\/\/www.fernandovicente.es\/en\/photo\/girls-almodovar\/\",\"url\":\"https:\/\/www.fernandovicente.es\/en\/photo\/girls-almodovar\/\",\"name\":\"Girls Almod\u00f3var - Fernando Vicente\",\"isPartOf\":{\"@id\":\"https:\/\/www.fernandovicente.es\/en\/#website\"},\"primaryImageOfPage\":{\"@id\":\"https:\/\/www.fernandovicente.es\/en\/photo\/girls-almodovar\/#primaryimage\"},\"image\":{\"@id\":\"https:\/\/www.fernandovicente.es\/en\/photo\/girls-almodovar\/#primaryimage\"},\"thumbnailUrl\":\"https:\/\/www.fernandovicente.es\/wp-content\/uploads\/2015\/10\/Chicas-Almodovar-Fernando-Vicente-recorte.001-001.jpg\",\"datePublished\":\"2015-10-19T18:58:02+00:00\",\"dateModified\":\"2016-06-19T19:05:46+00:00\",\"breadcrumb\":{\"@id\":\"https:\/\/www.fernandovicente.es\/en\/photo\/girls-almodovar\/#breadcrumb\"},\"inLanguage\":\"en-US\",\"potentialAction\":[{\"@type\":\"ReadAction\",\"target\":[\"https:\/\/www.fernandovicente.es\/en\/photo\/girls-almodovar\/\"]}]},{\"@type\":\"ImageObject\",\"inLanguage\":\"en-US\",\"@id\":\"https:\/\/www.fernandovicente.es\/en\/photo\/girls-almodovar\/#primaryimage\",\"url\":\"https:\/\/www.fernandovicente.es\/wp-content\/uploads\/2015\/10\/Chicas-Almodovar-Fernando-Vicente-recorte.001-001.jpg\",\"contentUrl\":\"https:\/\/www.fernandovicente.es\/wp-content\/uploads\/2015\/10\/Chicas-Almodovar-Fernando-Vicente-recorte.001-001.jpg\",\"width\":1920,\"height\":1080,\"caption\":\"Revista S\u00e1bado @el_pais \u201cTrabaja conmigo\u201d por Pedro Almod\u00f3var Elena Anaya, Leonor Watling, Rossy de Palma, Blanca Portillo, Penelope Cruz, Blanca Suarez y Carmen Machi \u202a#\u200efernandovicente\u202c \u202a#\u200erevistasabado\u202c \u202a#\u200echicaalmodovar\u202c \u202a#\u200eretrato\u202c #PedroAlmod\u00f3var #ElenaAnaya, #LeonorWatling, #RossydePalma, #BlancaPortillo, #PenelopeCruz, #BlancaSuarez y #CarmenMachi\"},{\"@type\":\"BreadcrumbList\",\"@id\":\"https:\/\/www.fernandovicente.es\/en\/photo\/girls-almodovar\/#breadcrumb\",\"itemListElement\":[{\"@type\":\"ListItem\",\"position\":1,\"name\":\"Portada\",\"item\":\"https:\/\/www.fernandovicente.es\/en\/\"},{\"@type\":\"ListItem\",\"position\":2,\"name\":\"Girls Almod\u00f3var\"}]},{\"@type\":\"WebSite\",\"@id\":\"https:\/\/www.fernandovicente.es\/en\/#website\",\"url\":\"https:\/\/www.fernandovicente.es\/en\/\",\"name\":\"Fernando Vicente\",\"description\":\"Ilustraci\u00f3n\",\"publisher\":{\"@id\":\"https:\/\/www.fernandovicente.es\/en\/#\/schema\/person\/d49677cb48f2ea656b28261dd8f75d7f\"},\"potentialAction\":[{\"@type\":\"SearchAction\",\"target\":{\"@type\":\"EntryPoint\",\"urlTemplate\":\"https:\/\/www.fernandovicente.es\/en\/?s={search_term_string}\"},\"query-input\":{\"@type\":\"PropertyValueSpecification\",\"valueRequired\":true,\"valueName\":\"search_term_string\"}}],\"inLanguage\":\"en-US\"},{\"@type\":[\"Person\",\"Organization\"],\"@id\":\"https:\/\/www.fernandovicente.es\/en\/#\/schema\/person\/d49677cb48f2ea656b28261dd8f75d7f\",\"name\":\"Fernando Vicente\",\"image\":{\"@type\":\"ImageObject\",\"inLanguage\":\"en-US\",\"@id\":\"https:\/\/www.fernandovicente.es\/en\/#\/schema\/person\/image\/\",\"url\":\"https:\/\/www.fernandovicente.es\/wp-content\/uploads\/2014\/11\/fernando-vicente-Foto-e1419619123418.jpg\",\"contentUrl\":\"https:\/\/www.fernandovicente.es\/wp-content\/uploads\/2014\/11\/fernando-vicente-Foto-e1419619123418.jpg\",\"width\":300,\"height\":300,\"caption\":\"Fernando Vicente\"},\"logo\":{\"@id\":\"https:\/\/www.fernandovicente.es\/en\/#\/schema\/person\/image\/\"},\"description\":\"Fernando Vicente - Painter &amp; illustrator\",\"sameAs\":[\"http:\/\/www.fernandovicente.es\",\"https:\/\/www.facebook.com\/FernandoVicenteIllustrator\/\",\"https:\/\/www.instagram.com\/fvicente_illust\/\",\"https:\/\/www.linkedin.com\/in\/fernando-vicente-97595012\",\"https:\/\/www.pinterest.es\/FVicente_illust\/\",\"https:\/\/x.com\/https:\/\/twitter.com\/fvicente_illust\"]}]}<\/script>\n<!-- \/ Yoast SEO plugin. -->","yoast_head_json":{"title":"Girls Almod\u00f3var - Fernando Vicente","robots":{"index":"index","follow":"follow","max-snippet":"max-snippet:-1","max-image-preview":"max-image-preview:large","max-video-preview":"max-video-preview:-1"},"canonical":"https:\/\/www.fernandovicente.es\/en\/photo\/girls-almodovar\/","og_locale":"en_US","og_type":"article","og_title":"Girls Almod\u00f3var - Fernando Vicente","og_description":"Revista S\u00e1bado @el_pais &#8220;Trabaja conmigo&#8221; por Pedro Almod\u00f3var Elena Anaya, Leonor Watling, Rossy de Palma, Blanca Portillo, Penelope Cruz, Blanca Suarez y Carmen Machi \u202a#\u200efernandovicente\u202c&hellip;","og_url":"https:\/\/www.fernandovicente.es\/en\/photo\/girls-almodovar\/","og_site_name":"Fernando Vicente","article_publisher":"https:\/\/www.facebook.com\/FernandoVicenteIllustrator\/","article_author":"https:\/\/www.facebook.com\/FernandoVicenteIllustrator\/","article_published_time":"2015-10-19T18:58:02+00:00","article_modified_time":"2016-06-19T19:05:46+00:00","og_image":[{"width":1920,"height":1080,"url":"https:\/\/www.fernandovicente.es\/wp-content\/uploads\/2015\/10\/Chicas-Almodovar-Fernando-Vicente-recorte.001-001.jpg","type":"image\/jpeg"}],"author":"Fernando Vicente","twitter_card":"summary_large_image","twitter_creator":"@https:\/\/twitter.com\/fvicente_illust","twitter_site":"@fvicente_illust","twitter_misc":{"Written by":"Fernando Vicente"},"schema":{"@context":"https:\/\/schema.org","@graph":[{"@type":"Article","@id":"https:\/\/www.fernandovicente.es\/en\/photo\/girls-almodovar\/#article","isPartOf":{"@id":"https:\/\/www.fernandovicente.es\/en\/photo\/girls-almodovar\/"},"author":{"name":"Fernando Vicente","@id":"https:\/\/www.fernandovicente.es\/en\/#\/schema\/person\/d49677cb48f2ea656b28261dd8f75d7f"},"headline":"Girls Almod\u00f3var","datePublished":"2015-10-19T18:58:02+00:00","dateModified":"2016-06-19T19:05:46+00:00","mainEntityOfPage":{"@id":"https:\/\/www.fernandovicente.es\/en\/photo\/girls-almodovar\/"},"wordCount":35,"publisher":{"@id":"https:\/\/www.fernandovicente.es\/en\/#\/schema\/person\/d49677cb48f2ea656b28261dd8f75d7f"},"image":{"@id":"https:\/\/www.fernandovicente.es\/en\/photo\/girls-almodovar\/#primaryimage"},"thumbnailUrl":"https:\/\/www.fernandovicente.es\/wp-content\/uploads\/2015\/10\/Chicas-Almodovar-Fernando-Vicente-recorte.001-001.jpg","articleSection":["Illustration","Photo"],"inLanguage":"en-US"},{"@type":"WebPage","@id":"https:\/\/www.fernandovicente.es\/en\/photo\/girls-almodovar\/","url":"https:\/\/www.fernandovicente.es\/en\/photo\/girls-almodovar\/","name":"Girls Almod\u00f3var - Fernando Vicente","isPartOf":{"@id":"https:\/\/www.fernandovicente.es\/en\/#website"},"primaryImageOfPage":{"@id":"https:\/\/www.fernandovicente.es\/en\/photo\/girls-almodovar\/#primaryimage"},"image":{"@id":"https:\/\/www.fernandovicente.es\/en\/photo\/girls-almodovar\/#primaryimage"},"thumbnailUrl":"https:\/\/www.fernandovicente.es\/wp-content\/uploads\/2015\/10\/Chicas-Almodovar-Fernando-Vicente-recorte.001-001.jpg","datePublished":"2015-10-19T18:58:02+00:00","dateModified":"2016-06-19T19:05:46+00:00","breadcrumb":{"@id":"https:\/\/www.fernandovicente.es\/en\/photo\/girls-almodovar\/#breadcrumb"},"inLanguage":"en-US","potentialAction":[{"@type":"ReadAction","target":["https:\/\/www.fernandovicente.es\/en\/photo\/girls-almodovar\/"]}]},{"@type":"ImageObject","inLanguage":"en-US","@id":"https:\/\/www.fernandovicente.es\/en\/photo\/girls-almodovar\/#primaryimage","url":"https:\/\/www.fernandovicente.es\/wp-content\/uploads\/2015\/10\/Chicas-Almodovar-Fernando-Vicente-recorte.001-001.jpg","contentUrl":"https:\/\/www.fernandovicente.es\/wp-content\/uploads\/2015\/10\/Chicas-Almodovar-Fernando-Vicente-recorte.001-001.jpg","width":1920,"height":1080,"caption":"Revista S\u00e1bado @el_pais \u201cTrabaja conmigo\u201d por Pedro Almod\u00f3var Elena Anaya, Leonor Watling, Rossy de Palma, Blanca Portillo, Penelope Cruz, Blanca Suarez y Carmen Machi \u202a#\u200efernandovicente\u202c \u202a#\u200erevistasabado\u202c \u202a#\u200echicaalmodovar\u202c \u202a#\u200eretrato\u202c #PedroAlmod\u00f3var #ElenaAnaya, #LeonorWatling, #RossydePalma, #BlancaPortillo, #PenelopeCruz, #BlancaSuarez y #CarmenMachi"},{"@type":"BreadcrumbList","@id":"https:\/\/www.fernandovicente.es\/en\/photo\/girls-almodovar\/#breadcrumb","itemListElement":[{"@type":"ListItem","position":1,"name":"Portada","item":"https:\/\/www.fernandovicente.es\/en\/"},{"@type":"ListItem","position":2,"name":"Girls Almod\u00f3var"}]},{"@type":"WebSite","@id":"https:\/\/www.fernandovicente.es\/en\/#website","url":"https:\/\/www.fernandovicente.es\/en\/","name":"Fernando Vicente","description":"Ilustraci\u00f3n","publisher":{"@id":"https:\/\/www.fernandovicente.es\/en\/#\/schema\/person\/d49677cb48f2ea656b28261dd8f75d7f"},"potentialAction":[{"@type":"SearchAction","target":{"@type":"EntryPoint","urlTemplate":"https:\/\/www.fernandovicente.es\/en\/?s={search_term_string}"},"query-input":{"@type":"PropertyValueSpecification","valueRequired":true,"valueName":"search_term_string"}}],"inLanguage":"en-US"},{"@type":["Person","Organization"],"@id":"https:\/\/www.fernandovicente.es\/en\/#\/schema\/person\/d49677cb48f2ea656b28261dd8f75d7f","name":"Fernando Vicente","image":{"@type":"ImageObject","inLanguage":"en-US","@id":"https:\/\/www.fernandovicente.es\/en\/#\/schema\/person\/image\/","url":"https:\/\/www.fernandovicente.es\/wp-content\/uploads\/2014\/11\/fernando-vicente-Foto-e1419619123418.jpg","contentUrl":"https:\/\/www.fernandovicente.es\/wp-content\/uploads\/2014\/11\/fernando-vicente-Foto-e1419619123418.jpg","width":300,"height":300,"caption":"Fernando Vicente"},"logo":{"@id":"https:\/\/www.fernandovicente.es\/en\/#\/schema\/person\/image\/"},"description":"Fernando Vicente - Painter &amp; illustrator","sameAs":["http:\/\/www.fernandovicente.es","https:\/\/www.facebook.com\/FernandoVicenteIllustrator\/","https:\/\/www.instagram.com\/fvicente_illust\/","https:\/\/www.linkedin.com\/in\/fernando-vicente-97595012","https:\/\/www.pinterest.es\/FVicente_illust\/","https:\/\/x.com\/https:\/\/twitter.com\/fvicente_illust"]}]}},"_links":{"self":[{"href":"https:\/\/www.fernandovicente.es\/en\/wp-json\/wp\/v2\/posts\/5008","targetHints":{"allow":["GET"]}}],"collection":[{"href":"https:\/\/www.fernandovicente.es\/en\/wp-json\/wp\/v2\/posts"}],"about":[{"href":"https:\/\/www.fernandovicente.es\/en\/wp-json\/wp\/v2\/types\/post"}],"author":[{"embeddable":true,"href":"https:\/\/www.fernandovicente.es\/en\/wp-json\/wp\/v2\/users\/2"}],"replies":[{"embeddable":true,"href":"https:\/\/www.fernandovicente.es\/en\/wp-json\/wp\/v2\/comments?post=5008"}],"version-history":[{"count":3,"href":"https:\/\/www.fernandovicente.es\/en\/wp-json\/wp\/v2\/posts\/5008\/revisions"}],"predecessor-version":[{"id":5011,"href":"https:\/\/www.fernandovicente.es\/en\/wp-json\/wp\/v2\/posts\/5008\/revisions\/5011"}],"wp:featuredmedia":[{"embeddable":true,"href":"https:\/\/www.fernandovicente.es\/en\/wp-json\/wp\/v2\/media\/4392"}],"wp:attachment":[{"href":"https:\/\/www.fernandovicente.es\/en\/wp-json\/wp\/v2\/media?parent=5008"}],"wp:term":[{"taxonomy":"category","embeddable":true,"href":"https:\/\/www.fernandovicente.es\/en\/wp-json\/wp\/v2\/categories?post=5008"},{"taxonomy":"post_tag","embeddable":true,"href":"https:\/\/www.fernandovicente.es\/en\/wp-json\/wp\/v2\/tags?post=5008"}],"curies":[{"name":"wp","href":"https:\/\/api.w.org\/{rel}","templated":true}]}}