{"id":6274,"date":"2017-06-06T11:10:01","date_gmt":"2017-06-06T11:10:01","guid":{"rendered":"http:\/\/www.fernandovicente.es\/en\/?p=6274"},"modified":"2018-05-04T13:18:56","modified_gmt":"2018-05-04T13:18:56","slug":"feria-del-libro-de-madrid-2017-nordica-libros","status":"publish","type":"post","link":"https:\/\/www.fernandovicente.es\/en\/illustration\/feria-del-libro-de-madrid-2017-nordica-libros\/","title":{"rendered":"Feria del Libro de Madrid 2017 N\u00f3rdica Libros"},"content":{"rendered":"<p style=\"text-align: center;\"><a href=\"http:\/\/www.fernandovicente.es\/wp-content\/uploads\/2017\/06\/Fernando-Vicente-Feria-del-libro-de-MAdrid-2017-Nordica-Libros.jpg\"><img loading=\"lazy\" decoding=\"async\" class=\"aligncenter wp-image-5815\" src=\"http:\/\/www.fernandovicente.es\/wp-content\/uploads\/2017\/06\/Fernando-Vicente-Feria-del-libro-de-MAdrid-2017-Nordica-Libros.jpg\" alt=\"Fernando Vicente Feria del libro de MAdrid 2017 Nordica Libros\" width=\"1200\" height=\"823\" \/><\/a><span id=\"fbPhotoSnowliftCaption\" class=\"fbPhotosPhotoCaption\" tabindex=\"0\" data-ft=\"{&quot;tn&quot;:&quot;K&quot;}\"><span class=\"hasCaption\">Firma de Libros Ilustrados en N\u00f3rdica Libros c. 274 Feria del libro de Madrid.<\/span><\/span><\/p>\n<p style=\"text-align: center;\"><span id=\"fbPhotoSnowliftCaption\" class=\"fbPhotosPhotoCaption\" tabindex=\"0\" data-ft=\"{&quot;tn&quot;:&quot;K&quot;}\"><span class=\"hasCaption\">Viernes 9 de junio de 19:00 a 21:00<br \/>\nAlicia a trav\u00e9s del espejo, Eirik el Rojo, Estudio en escarlata, El manifiesto Comunista, El Juego de las nubes y El hombre que pudo reinar<\/span><\/span><span id=\"fbPhotoSnowliftTagList\" class=\"fbPhotoTagList\"> <\/span><\/p>\n<p style=\"text-align: center;\"><span id=\"fbPhotoSnowliftTagList\" class=\"fbPhotoTagList\"><span class=\"fcg\">\u2014 con <span class=\"fbPhotoTagListTag withTagItem tagItem\"><a class=\"taggee\" href=\"https:\/\/www.facebook.com\/NordicaLibros\/?viewer_id=100000952264522\" data-hovercard=\"\/ajax\/hovercard\/hovercard.php?id=134351866631753&amp;type=withtag&amp;media_info=6.1480297315326380&amp;extragetparams=%7B%22directed_target_id%22%3A1913716362218893%2C%22viewer_id%22%3A100000952264522%7D\" data-hovercard-prefer-more-content-show=\"1\">N\u00f3rdica Libros<\/a><\/span>.<\/span><\/span><\/p>\n<p><span style=\"border-radius: 2px; text-indent: 20px; width: auto; padding: 0px 4px 0px 0px; text-align: center; font: bold 11px\/20px 'Helvetica Neue',Helvetica,sans-serif; color: #ffffff; background: #bd081c no-repeat scroll 3px 50% \/ 14px 14px; position: absolute; opacity: 1; z-index: 8675309; display: none; cursor: pointer; top: 36px; left: 20px;\">Guardar<\/span><\/p>\n<p><span style=\"border-radius: 2px; text-indent: 20px; width: auto; padding: 0px 4px 0px 0px; text-align: center; font: bold 11px\/20px 'Helvetica Neue',Helvetica,sans-serif; color: #ffffff; background: #bd081c no-repeat scroll 3px 50% \/ 14px 14px; position: absolute; opacity: 1; z-index: 8675309; display: none; cursor: pointer; top: 36px; left: 20px;\">Guardar<\/span><\/p>\n<p><span style=\"border-radius: 2px; text-indent: 20px; width: auto; padding: 0px 4px 0px 0px; text-align: center; font: bold 11px\/20px 'Helvetica Neue',Helvetica,sans-serif; color: #ffffff; background: #bd081c no-repeat scroll 3px 50% \/ 14px 14px; position: absolute; opacity: 1; z-index: 8675309; display: none; cursor: pointer; top: 36px; left: 20px;\">Guardar<\/span><\/p>\n<p><span style=\"border-radius: 2px; text-indent: 20px; width: auto; padding: 0px 4px 0px 0px; text-align: center; font: bold 11px\/20px 'Helvetica Neue',Helvetica,sans-serif; color: #ffffff; background: #bd081c no-repeat scroll 3px 50% \/ 14px 14px; position: absolute; opacity: 1; z-index: 8675309; display: block; cursor: pointer; top: 36px; left: 20px;\">Guardar<\/span><\/p>\n<p><span style=\"border-radius: 2px; text-indent: 20px; width: auto; padding: 0px 4px 0px 0px; text-align: center; font: bold 11px\/20px 'Helvetica Neue',Helvetica,sans-serif; color: #ffffff; background: #bd081c no-repeat scroll 3px 50% \/ 14px 14px; position: absolute; opacity: 1; z-index: 8675309; display: none; cursor: pointer; top: 36px; left: 20px;\">Guardar<\/span><\/p>\n<p><span style=\"border-radius: 2px; text-indent: 20px; width: auto; padding: 0px 4px 0px 0px; text-align: center; font: bold 11px\/20px 'Helvetica Neue',Helvetica,sans-serif; color: #ffffff; background: #bd081c no-repeat scroll 3px 50% \/ 14px 14px; position: absolute; opacity: 1; z-index: 8675309; display: none; cursor: pointer;\">Guardar<\/span><\/p>\n<p><span style=\"border-radius: 2px; text-indent: 20px; width: auto; padding: 0px 4px 0px 0px; text-align: center; font: bold 11px\/20px 'Helvetica Neue',Helvetica,sans-serif; color: #ffffff; background: #bd081c no-repeat scroll 3px 50% \/ 14px 14px; position: absolute; opacity: 1; z-index: 8675309; display: none; cursor: pointer; top: 36px; left: 20px;\">Guardar<\/span><\/p>\n<p><span style=\"border-radius: 2px; text-indent: 20px; width: auto; padding: 0px 4px 0px 0px; text-align: center; font: bold 11px\/20px 'Helvetica Neue',Helvetica,sans-serif; color: #ffffff; background: #bd081c no-repeat scroll 3px 50% \/ 14px 14px; position: absolute; opacity: 1; z-index: 8675309; display: none; cursor: pointer;\">Guardar<\/span><\/p>\n<p><span style=\"border-radius: 2px; text-indent: 20px; width: auto; padding: 0px 4px 0px 0px; text-align: center; font: bold 11px\/20px 'Helvetica Neue',Helvetica,sans-serif; color: #ffffff; background: #bd081c no-repeat scroll 3px 50% \/ 14px 14px; position: absolute; opacity: 1; z-index: 8675309; display: none; cursor: pointer;\">Guardar<\/span><\/p>\n<p><span style=\"border-radius: 2px; text-indent: 20px; width: auto; padding: 0px 4px 0px 0px; text-align: center; font: bold 11px\/20px 'Helvetica Neue',Helvetica,sans-serif; color: #ffffff; background: #bd081c no-repeat scroll 3px 50% \/ 14px 14px; position: absolute; opacity: 1; z-index: 8675309; display: block; cursor: pointer; top: 36px; left: 59px;\">Guardar<\/span><\/p>\n","protected":false},"excerpt":{"rendered":"<p>Firma de Libros Ilustrados en N\u00f3rdica Libros c. 274 Feria del libro de Madrid. Viernes 9 de junio de 19:00 a 21:00 Alicia a trav\u00e9s&hellip;<\/p>\n","protected":false},"author":2,"featured_media":5826,"comment_status":"closed","ping_status":"closed","sticky":false,"template":"","format":"image","meta":{"footnotes":""},"categories":[166],"tags":[556],"class_list":["post-6274","post","type-post","status-publish","format-image","has-post-thumbnail","hentry","category-illustration","tag-libros-ilustrados-en","post_format-post-format-image"],"yoast_head":"<!-- This site is optimized with the Yoast SEO plugin v26.9 - https:\/\/yoast.com\/product\/yoast-seo-wordpress\/ -->\n<title>Feria del Libro de Madrid 2017 N\u00f3rdica Libros - Fernando Vicente<\/title>\n<meta name=\"robots\" content=\"index, follow, max-snippet:-1, max-image-preview:large, max-video-preview:-1\" \/>\n<link rel=\"canonical\" href=\"https:\/\/www.fernandovicente.es\/en\/illustration\/feria-del-libro-de-madrid-2017-nordica-libros\/\" \/>\n<meta property=\"og:locale\" content=\"en_US\" \/>\n<meta property=\"og:type\" content=\"article\" \/>\n<meta property=\"og:title\" content=\"Feria del Libro de Madrid 2017 N\u00f3rdica Libros - Fernando Vicente\" \/>\n<meta property=\"og:description\" content=\"Firma de Libros Ilustrados en N\u00f3rdica Libros c. 274 Feria del libro de Madrid. Viernes 9 de junio de 19:00 a 21:00 Alicia a trav\u00e9s&hellip;\" \/>\n<meta property=\"og:url\" content=\"https:\/\/www.fernandovicente.es\/en\/illustration\/feria-del-libro-de-madrid-2017-nordica-libros\/\" \/>\n<meta property=\"og:site_name\" content=\"Fernando Vicente\" \/>\n<meta property=\"article:publisher\" content=\"https:\/\/www.facebook.com\/FernandoVicenteIllustrator\/\" \/>\n<meta property=\"article:author\" content=\"https:\/\/www.facebook.com\/FernandoVicenteIllustrator\/\" \/>\n<meta property=\"article:published_time\" content=\"2017-06-06T11:10:01+00:00\" \/>\n<meta property=\"article:modified_time\" content=\"2018-05-04T13:18:56+00:00\" \/>\n<meta property=\"og:image\" content=\"https:\/\/www.fernandovicente.es\/wp-content\/uploads\/2017\/06\/Fernando-Vicente-Feria-del-libro-de-MAdrid-2017-Nordica-Libros-1.jpg\" \/>\n\t<meta property=\"og:image:width\" content=\"1200\" \/>\n\t<meta property=\"og:image:height\" content=\"823\" \/>\n\t<meta property=\"og:image:type\" content=\"image\/jpeg\" \/>\n<meta name=\"author\" content=\"Fernando Vicente\" \/>\n<meta name=\"twitter:card\" content=\"summary_large_image\" \/>\n<meta name=\"twitter:creator\" content=\"@https:\/\/twitter.com\/fvicente_illust\" \/>\n<meta name=\"twitter:site\" content=\"@fvicente_illust\" \/>\n<meta name=\"twitter:label1\" content=\"Written by\" \/>\n\t<meta name=\"twitter:data1\" content=\"Fernando Vicente\" \/>\n<script type=\"application\/ld+json\" class=\"yoast-schema-graph\">{\"@context\":\"https:\/\/schema.org\",\"@graph\":[{\"@type\":\"Article\",\"@id\":\"https:\/\/www.fernandovicente.es\/en\/illustration\/feria-del-libro-de-madrid-2017-nordica-libros\/#article\",\"isPartOf\":{\"@id\":\"https:\/\/www.fernandovicente.es\/en\/illustration\/feria-del-libro-de-madrid-2017-nordica-libros\/\"},\"author\":{\"name\":\"Fernando Vicente\",\"@id\":\"https:\/\/www.fernandovicente.es\/en\/#\/schema\/person\/d49677cb48f2ea656b28261dd8f75d7f\"},\"headline\":\"Feria del Libro de Madrid 2017 N\u00f3rdica Libros\",\"datePublished\":\"2017-06-06T11:10:01+00:00\",\"dateModified\":\"2018-05-04T13:18:56+00:00\",\"mainEntityOfPage\":{\"@id\":\"https:\/\/www.fernandovicente.es\/en\/illustration\/feria-del-libro-de-madrid-2017-nordica-libros\/\"},\"wordCount\":67,\"publisher\":{\"@id\":\"https:\/\/www.fernandovicente.es\/en\/#\/schema\/person\/d49677cb48f2ea656b28261dd8f75d7f\"},\"image\":{\"@id\":\"https:\/\/www.fernandovicente.es\/en\/illustration\/feria-del-libro-de-madrid-2017-nordica-libros\/#primaryimage\"},\"thumbnailUrl\":\"https:\/\/www.fernandovicente.es\/wp-content\/uploads\/2017\/06\/Fernando-Vicente-Feria-del-libro-de-MAdrid-2017-Nordica-Libros-1.jpg\",\"keywords\":[\"Libros Ilustrados\"],\"articleSection\":[\"Illustration\"],\"inLanguage\":\"en-US\"},{\"@type\":\"WebPage\",\"@id\":\"https:\/\/www.fernandovicente.es\/en\/illustration\/feria-del-libro-de-madrid-2017-nordica-libros\/\",\"url\":\"https:\/\/www.fernandovicente.es\/en\/illustration\/feria-del-libro-de-madrid-2017-nordica-libros\/\",\"name\":\"Feria del Libro de Madrid 2017 N\u00f3rdica Libros - Fernando Vicente\",\"isPartOf\":{\"@id\":\"https:\/\/www.fernandovicente.es\/en\/#website\"},\"primaryImageOfPage\":{\"@id\":\"https:\/\/www.fernandovicente.es\/en\/illustration\/feria-del-libro-de-madrid-2017-nordica-libros\/#primaryimage\"},\"image\":{\"@id\":\"https:\/\/www.fernandovicente.es\/en\/illustration\/feria-del-libro-de-madrid-2017-nordica-libros\/#primaryimage\"},\"thumbnailUrl\":\"https:\/\/www.fernandovicente.es\/wp-content\/uploads\/2017\/06\/Fernando-Vicente-Feria-del-libro-de-MAdrid-2017-Nordica-Libros-1.jpg\",\"datePublished\":\"2017-06-06T11:10:01+00:00\",\"dateModified\":\"2018-05-04T13:18:56+00:00\",\"breadcrumb\":{\"@id\":\"https:\/\/www.fernandovicente.es\/en\/illustration\/feria-del-libro-de-madrid-2017-nordica-libros\/#breadcrumb\"},\"inLanguage\":\"en-US\",\"potentialAction\":[{\"@type\":\"ReadAction\",\"target\":[\"https:\/\/www.fernandovicente.es\/en\/illustration\/feria-del-libro-de-madrid-2017-nordica-libros\/\"]}]},{\"@type\":\"ImageObject\",\"inLanguage\":\"en-US\",\"@id\":\"https:\/\/www.fernandovicente.es\/en\/illustration\/feria-del-libro-de-madrid-2017-nordica-libros\/#primaryimage\",\"url\":\"https:\/\/www.fernandovicente.es\/wp-content\/uploads\/2017\/06\/Fernando-Vicente-Feria-del-libro-de-MAdrid-2017-Nordica-Libros-1.jpg\",\"contentUrl\":\"https:\/\/www.fernandovicente.es\/wp-content\/uploads\/2017\/06\/Fernando-Vicente-Feria-del-libro-de-MAdrid-2017-Nordica-Libros-1.jpg\",\"width\":1200,\"height\":823,\"caption\":\"Fernando Vicente Feria del libro de MAdrid 2017 Nordica Libros\"},{\"@type\":\"BreadcrumbList\",\"@id\":\"https:\/\/www.fernandovicente.es\/en\/illustration\/feria-del-libro-de-madrid-2017-nordica-libros\/#breadcrumb\",\"itemListElement\":[{\"@type\":\"ListItem\",\"position\":1,\"name\":\"Portada\",\"item\":\"https:\/\/www.fernandovicente.es\/en\/\"},{\"@type\":\"ListItem\",\"position\":2,\"name\":\"Feria del Libro de Madrid 2017 N\u00f3rdica Libros\"}]},{\"@type\":\"WebSite\",\"@id\":\"https:\/\/www.fernandovicente.es\/en\/#website\",\"url\":\"https:\/\/www.fernandovicente.es\/en\/\",\"name\":\"Fernando Vicente\",\"description\":\"Ilustraci\u00f3n\",\"publisher\":{\"@id\":\"https:\/\/www.fernandovicente.es\/en\/#\/schema\/person\/d49677cb48f2ea656b28261dd8f75d7f\"},\"potentialAction\":[{\"@type\":\"SearchAction\",\"target\":{\"@type\":\"EntryPoint\",\"urlTemplate\":\"https:\/\/www.fernandovicente.es\/en\/?s={search_term_string}\"},\"query-input\":{\"@type\":\"PropertyValueSpecification\",\"valueRequired\":true,\"valueName\":\"search_term_string\"}}],\"inLanguage\":\"en-US\"},{\"@type\":[\"Person\",\"Organization\"],\"@id\":\"https:\/\/www.fernandovicente.es\/en\/#\/schema\/person\/d49677cb48f2ea656b28261dd8f75d7f\",\"name\":\"Fernando Vicente\",\"image\":{\"@type\":\"ImageObject\",\"inLanguage\":\"en-US\",\"@id\":\"https:\/\/www.fernandovicente.es\/en\/#\/schema\/person\/image\/\",\"url\":\"https:\/\/www.fernandovicente.es\/wp-content\/uploads\/2014\/11\/fernando-vicente-Foto-e1419619123418.jpg\",\"contentUrl\":\"https:\/\/www.fernandovicente.es\/wp-content\/uploads\/2014\/11\/fernando-vicente-Foto-e1419619123418.jpg\",\"width\":300,\"height\":300,\"caption\":\"Fernando Vicente\"},\"logo\":{\"@id\":\"https:\/\/www.fernandovicente.es\/en\/#\/schema\/person\/image\/\"},\"description\":\"Fernando Vicente - Painter &amp; illustrator\",\"sameAs\":[\"http:\/\/www.fernandovicente.es\",\"https:\/\/www.facebook.com\/FernandoVicenteIllustrator\/\",\"https:\/\/www.instagram.com\/fvicente_illust\/\",\"https:\/\/www.linkedin.com\/in\/fernando-vicente-97595012\",\"https:\/\/www.pinterest.es\/FVicente_illust\/\",\"https:\/\/x.com\/https:\/\/twitter.com\/fvicente_illust\"]}]}<\/script>\n<!-- \/ Yoast SEO plugin. -->","yoast_head_json":{"title":"Feria del Libro de Madrid 2017 N\u00f3rdica Libros - Fernando Vicente","robots":{"index":"index","follow":"follow","max-snippet":"max-snippet:-1","max-image-preview":"max-image-preview:large","max-video-preview":"max-video-preview:-1"},"canonical":"https:\/\/www.fernandovicente.es\/en\/illustration\/feria-del-libro-de-madrid-2017-nordica-libros\/","og_locale":"en_US","og_type":"article","og_title":"Feria del Libro de Madrid 2017 N\u00f3rdica Libros - Fernando Vicente","og_description":"Firma de Libros Ilustrados en N\u00f3rdica Libros c. 274 Feria del libro de Madrid. Viernes 9 de junio de 19:00 a 21:00 Alicia a trav\u00e9s&hellip;","og_url":"https:\/\/www.fernandovicente.es\/en\/illustration\/feria-del-libro-de-madrid-2017-nordica-libros\/","og_site_name":"Fernando Vicente","article_publisher":"https:\/\/www.facebook.com\/FernandoVicenteIllustrator\/","article_author":"https:\/\/www.facebook.com\/FernandoVicenteIllustrator\/","article_published_time":"2017-06-06T11:10:01+00:00","article_modified_time":"2018-05-04T13:18:56+00:00","og_image":[{"width":1200,"height":823,"url":"https:\/\/www.fernandovicente.es\/wp-content\/uploads\/2017\/06\/Fernando-Vicente-Feria-del-libro-de-MAdrid-2017-Nordica-Libros-1.jpg","type":"image\/jpeg"}],"author":"Fernando Vicente","twitter_card":"summary_large_image","twitter_creator":"@https:\/\/twitter.com\/fvicente_illust","twitter_site":"@fvicente_illust","twitter_misc":{"Written by":"Fernando Vicente"},"schema":{"@context":"https:\/\/schema.org","@graph":[{"@type":"Article","@id":"https:\/\/www.fernandovicente.es\/en\/illustration\/feria-del-libro-de-madrid-2017-nordica-libros\/#article","isPartOf":{"@id":"https:\/\/www.fernandovicente.es\/en\/illustration\/feria-del-libro-de-madrid-2017-nordica-libros\/"},"author":{"name":"Fernando Vicente","@id":"https:\/\/www.fernandovicente.es\/en\/#\/schema\/person\/d49677cb48f2ea656b28261dd8f75d7f"},"headline":"Feria del Libro de Madrid 2017 N\u00f3rdica Libros","datePublished":"2017-06-06T11:10:01+00:00","dateModified":"2018-05-04T13:18:56+00:00","mainEntityOfPage":{"@id":"https:\/\/www.fernandovicente.es\/en\/illustration\/feria-del-libro-de-madrid-2017-nordica-libros\/"},"wordCount":67,"publisher":{"@id":"https:\/\/www.fernandovicente.es\/en\/#\/schema\/person\/d49677cb48f2ea656b28261dd8f75d7f"},"image":{"@id":"https:\/\/www.fernandovicente.es\/en\/illustration\/feria-del-libro-de-madrid-2017-nordica-libros\/#primaryimage"},"thumbnailUrl":"https:\/\/www.fernandovicente.es\/wp-content\/uploads\/2017\/06\/Fernando-Vicente-Feria-del-libro-de-MAdrid-2017-Nordica-Libros-1.jpg","keywords":["Libros Ilustrados"],"articleSection":["Illustration"],"inLanguage":"en-US"},{"@type":"WebPage","@id":"https:\/\/www.fernandovicente.es\/en\/illustration\/feria-del-libro-de-madrid-2017-nordica-libros\/","url":"https:\/\/www.fernandovicente.es\/en\/illustration\/feria-del-libro-de-madrid-2017-nordica-libros\/","name":"Feria del Libro de Madrid 2017 N\u00f3rdica Libros - Fernando Vicente","isPartOf":{"@id":"https:\/\/www.fernandovicente.es\/en\/#website"},"primaryImageOfPage":{"@id":"https:\/\/www.fernandovicente.es\/en\/illustration\/feria-del-libro-de-madrid-2017-nordica-libros\/#primaryimage"},"image":{"@id":"https:\/\/www.fernandovicente.es\/en\/illustration\/feria-del-libro-de-madrid-2017-nordica-libros\/#primaryimage"},"thumbnailUrl":"https:\/\/www.fernandovicente.es\/wp-content\/uploads\/2017\/06\/Fernando-Vicente-Feria-del-libro-de-MAdrid-2017-Nordica-Libros-1.jpg","datePublished":"2017-06-06T11:10:01+00:00","dateModified":"2018-05-04T13:18:56+00:00","breadcrumb":{"@id":"https:\/\/www.fernandovicente.es\/en\/illustration\/feria-del-libro-de-madrid-2017-nordica-libros\/#breadcrumb"},"inLanguage":"en-US","potentialAction":[{"@type":"ReadAction","target":["https:\/\/www.fernandovicente.es\/en\/illustration\/feria-del-libro-de-madrid-2017-nordica-libros\/"]}]},{"@type":"ImageObject","inLanguage":"en-US","@id":"https:\/\/www.fernandovicente.es\/en\/illustration\/feria-del-libro-de-madrid-2017-nordica-libros\/#primaryimage","url":"https:\/\/www.fernandovicente.es\/wp-content\/uploads\/2017\/06\/Fernando-Vicente-Feria-del-libro-de-MAdrid-2017-Nordica-Libros-1.jpg","contentUrl":"https:\/\/www.fernandovicente.es\/wp-content\/uploads\/2017\/06\/Fernando-Vicente-Feria-del-libro-de-MAdrid-2017-Nordica-Libros-1.jpg","width":1200,"height":823,"caption":"Fernando Vicente Feria del libro de MAdrid 2017 Nordica Libros"},{"@type":"BreadcrumbList","@id":"https:\/\/www.fernandovicente.es\/en\/illustration\/feria-del-libro-de-madrid-2017-nordica-libros\/#breadcrumb","itemListElement":[{"@type":"ListItem","position":1,"name":"Portada","item":"https:\/\/www.fernandovicente.es\/en\/"},{"@type":"ListItem","position":2,"name":"Feria del Libro de Madrid 2017 N\u00f3rdica Libros"}]},{"@type":"WebSite","@id":"https:\/\/www.fernandovicente.es\/en\/#website","url":"https:\/\/www.fernandovicente.es\/en\/","name":"Fernando Vicente","description":"Ilustraci\u00f3n","publisher":{"@id":"https:\/\/www.fernandovicente.es\/en\/#\/schema\/person\/d49677cb48f2ea656b28261dd8f75d7f"},"potentialAction":[{"@type":"SearchAction","target":{"@type":"EntryPoint","urlTemplate":"https:\/\/www.fernandovicente.es\/en\/?s={search_term_string}"},"query-input":{"@type":"PropertyValueSpecification","valueRequired":true,"valueName":"search_term_string"}}],"inLanguage":"en-US"},{"@type":["Person","Organization"],"@id":"https:\/\/www.fernandovicente.es\/en\/#\/schema\/person\/d49677cb48f2ea656b28261dd8f75d7f","name":"Fernando Vicente","image":{"@type":"ImageObject","inLanguage":"en-US","@id":"https:\/\/www.fernandovicente.es\/en\/#\/schema\/person\/image\/","url":"https:\/\/www.fernandovicente.es\/wp-content\/uploads\/2014\/11\/fernando-vicente-Foto-e1419619123418.jpg","contentUrl":"https:\/\/www.fernandovicente.es\/wp-content\/uploads\/2014\/11\/fernando-vicente-Foto-e1419619123418.jpg","width":300,"height":300,"caption":"Fernando Vicente"},"logo":{"@id":"https:\/\/www.fernandovicente.es\/en\/#\/schema\/person\/image\/"},"description":"Fernando Vicente - Painter &amp; illustrator","sameAs":["http:\/\/www.fernandovicente.es","https:\/\/www.facebook.com\/FernandoVicenteIllustrator\/","https:\/\/www.instagram.com\/fvicente_illust\/","https:\/\/www.linkedin.com\/in\/fernando-vicente-97595012","https:\/\/www.pinterest.es\/FVicente_illust\/","https:\/\/x.com\/https:\/\/twitter.com\/fvicente_illust"]}]}},"_links":{"self":[{"href":"https:\/\/www.fernandovicente.es\/en\/wp-json\/wp\/v2\/posts\/6274","targetHints":{"allow":["GET"]}}],"collection":[{"href":"https:\/\/www.fernandovicente.es\/en\/wp-json\/wp\/v2\/posts"}],"about":[{"href":"https:\/\/www.fernandovicente.es\/en\/wp-json\/wp\/v2\/types\/post"}],"author":[{"embeddable":true,"href":"https:\/\/www.fernandovicente.es\/en\/wp-json\/wp\/v2\/users\/2"}],"replies":[{"embeddable":true,"href":"https:\/\/www.fernandovicente.es\/en\/wp-json\/wp\/v2\/comments?post=6274"}],"version-history":[{"count":2,"href":"https:\/\/www.fernandovicente.es\/en\/wp-json\/wp\/v2\/posts\/6274\/revisions"}],"predecessor-version":[{"id":6276,"href":"https:\/\/www.fernandovicente.es\/en\/wp-json\/wp\/v2\/posts\/6274\/revisions\/6276"}],"wp:featuredmedia":[{"embeddable":true,"href":"https:\/\/www.fernandovicente.es\/en\/wp-json\/wp\/v2\/media\/5826"}],"wp:attachment":[{"href":"https:\/\/www.fernandovicente.es\/en\/wp-json\/wp\/v2\/media?parent=6274"}],"wp:term":[{"taxonomy":"category","embeddable":true,"href":"https:\/\/www.fernandovicente.es\/en\/wp-json\/wp\/v2\/categories?post=6274"},{"taxonomy":"post_tag","embeddable":true,"href":"https:\/\/www.fernandovicente.es\/en\/wp-json\/wp\/v2\/tags?post=6274"}],"curies":[{"name":"wp","href":"https:\/\/api.w.org\/{rel}","templated":true}]}}