{"id":8403,"date":"2019-09-22T11:54:50","date_gmt":"2019-09-22T11:54:50","guid":{"rendered":"https:\/\/www.fernandovicente.es\/sin-categoria-en\/cartel-feria-de-otono-del-libro-viejo-y-antiguo-2019\/"},"modified":"2019-09-22T12:31:59","modified_gmt":"2019-09-22T12:31:59","slug":"cartel-feria-de-otono-del-libro-viejo-y-antiguo-2019","status":"publish","type":"post","link":"https:\/\/www.fernandovicente.es\/en\/cartel-en\/cartel-feria-de-otono-del-libro-viejo-y-antiguo-2019\/","title":{"rendered":"Cartel Feria de Oto\u00f1o del libro Viejo y Antiguo 2019"},"content":{"rendered":"<figure id=\"attachment_8398\" aria-describedby=\"caption-attachment-8398\" style=\"width: 630px\" class=\"wp-caption aligncenter\"><a href=\"https:\/\/www.fernandovicente.es\/wp-content\/uploads\/2019\/09\/Cartel-feria-de-Oton\u0303o-Feria-de-libro-antiguo-Oton\u0303o-2019-Fernando-Vicente.jpg\"><img loading=\"lazy\" decoding=\"async\" class=\"wp-image-8398 size-full\" title=\"Cartel Feria de Oto\u00f1o del libro Viejo y Antiguo 2019\" src=\"https:\/\/www.fernandovicente.es\/wp-content\/uploads\/2019\/09\/Cartel-feria-de-Oton\u0303o-Feria-de-libro-antiguo-Oton\u0303o-2019-Fernando-Vicente.jpg\" alt=\"Cartel Feria de Oto\u00f1o del libro Viejo y Antiguo 2019\" width=\"630\" height=\"900\" srcset=\"https:\/\/www.fernandovicente.es\/wp-content\/uploads\/2019\/09\/Cartel-feria-de-Oton\u0303o-Feria-de-libro-antiguo-Oton\u0303o-2019-Fernando-Vicente.jpg 630w, https:\/\/www.fernandovicente.es\/wp-content\/uploads\/2019\/09\/Cartel-feria-de-Oton\u0303o-Feria-de-libro-antiguo-Oton\u0303o-2019-Fernando-Vicente-600x857.jpg 600w, https:\/\/www.fernandovicente.es\/wp-content\/uploads\/2019\/09\/Cartel-feria-de-Oton\u0303o-Feria-de-libro-antiguo-Oton\u0303o-2019-Fernando-Vicente-210x300.jpg 210w, https:\/\/www.fernandovicente.es\/wp-content\/uploads\/2019\/09\/Cartel-feria-de-Oton\u0303o-Feria-de-libro-antiguo-Oton\u0303o-2019-Fernando-Vicente-430x614.jpg 430w\" sizes=\"auto, (max-width: 630px) 100vw, 630px\" \/><\/a><figcaption id=\"caption-attachment-8398\" class=\"wp-caption-text\">Cartel Feria de Oto\u00f1o del libro Viejo y Antiguo 2019<\/figcaption><\/figure>\n<p><span class=\"_44bj\">Cartel Feria de Oto\u00f1o del libro Viejo y antiguo 2019<\/span><\/p>\n<p><span class=\"_44bj\">Este jueves, por fin, comienza la 31\u00aa Feria de Oto\u00f1o del Libro Viejo y Antiguo de Madrid en el Paseo de Recoletos. Este a\u00f1o, los libreros abrir\u00e1n sus puertas del 26 de septiembre al 13 de octubre de 11 a 21h. de forma ininterrumpa por ello reservad las fechas en vuestras agendas.<br \/>\nPara m\u00e1s informaci\u00f3n acerca de la feria podeis consultar su web: <a href=\"https:\/\/www.libris.es\/\" target=\"_blank\" rel=\"nofollow noopener\" data-ft=\"{&quot;tn&quot;:&quot;-U&quot;}\" data-lynx-mode=\"asynclazy\">www.libris.es<\/a><br \/>\n<\/span><\/p>\n<p>Quiz\u00e1s querais ver otros carteles de ediciones anteriores, si es asi, aqui las encontrais. Carteles ediciones: <a href=\"https:\/\/www.fernandovicente.es\/en\/feria-del-libro-en\/cartel-feria-de-otono-del-libro-viejo-y-antiguo\/\">2018<\/a>, <a href=\"https:\/\/www.fernandovicente.es\/cartel\/feria-del-libro-de-otono-viejo-y-antiguo-2017\/\">2017,<\/a> <a href=\"https:\/\/www.fernandovicente.es\/en\/illustration\/feria-del-libro-viejo-y-antiguo-2016\/\">2016<\/a>, <a href=\"https:\/\/www.fernandovicente.es\/cartel\/feria-del-libro-viejo-y-antiguo-2015\/\">2015<\/a><\/p>\n<p><a href=\"https:\/\/www.fernandovicente.es\/en\/feria-del-libro-en\/cartel-feria-de-otono-del-libro-viejo-y-antiguo\/\">Cartel Feria de Oto\u00f1o del libro Viejo y antiguo 2018<\/a><\/p>\n<p><img loading=\"lazy\" decoding=\"async\" class=\"alignleft wp-image-7324\" src=\"https:\/\/www.fernandovicente.es\/wp-content\/uploads\/2018\/09\/Cartel-feria-de-Oton\u0303o-Feria-de-libro-antiguo-Oton\u0303o-2018-Fernando-Vicente-e1552472430574.jpg\" alt=\"Cartel feria de Oton\u0303o\" width=\"175\" height=\"250\" \/><\/p>\n<p><img loading=\"lazy\" decoding=\"async\" class=\"alignleft wp-image-5915\" src=\"https:\/\/www.fernandovicente.es\/wp-content\/uploads\/2017\/09\/Feria-oton\u0303o-2017-Fernando-Vicente-Blog-e1540854187283.jpg\" alt=\"Feria del Libro de Oto\u00f1o Viejo y Antiguo 2017\" width=\"175\" height=\"250\" \/><\/p>\n<p><img loading=\"lazy\" decoding=\"async\" class=\"alignleft wp-image-5109\" src=\"https:\/\/www.fernandovicente.es\/wp-content\/uploads\/2016\/09\/Feria-libro-oton\u0303o-Quijote-Fernando-Vicente-e1540664644684.jpg\" alt=\"Feria del libro Viejo y antiguo 2016\" width=\"181\" height=\"250\" \/><\/p>\n<p><a href=\"https:\/\/www.fernandovicente.es\/wp-content\/uploads\/2014\/11\/CARTEL-2015-Fernando-Vicente-e1569155436103.jpg\"><img loading=\"lazy\" decoding=\"async\" class=\"alignleft wp-image-4287\" src=\"https:\/\/www.fernandovicente.es\/wp-content\/uploads\/2014\/11\/CARTEL-2015-Fernando-Vicente-e1569155436103.jpg\" alt=\"Cartel Feria oton\u0303o 2015 detalle Fernando Vicente\" width=\"186\" height=\"250\" \/><\/a><\/p>\n","protected":false},"excerpt":{"rendered":"<p>Cartel Feria de Oto\u00f1o del libro Viejo y antiguo 2019 Este jueves, por fin, comienza la 31\u00aa Feria de Oto\u00f1o del Libro Viejo y Antiguo&hellip;<\/p>\n","protected":false},"author":2,"featured_media":8401,"comment_status":"closed","ping_status":"closed","sticky":false,"template":"","format":"standard","meta":{"footnotes":""},"categories":[1903,1962],"tags":[2349,2356,2357,2358,1904,1905,339],"class_list":["post-8403","post","type-post","status-publish","format-standard","has-post-thumbnail","hentry","category-feria-del-libro-en","category-cartel-en","tag-cartel-en","tag-cartel-feria-de-otono-en","tag-cibeles-en","tag-cibeles-lectora-en","tag-feria-del-libro-en","tag-feria-del-libro-de-madrid-en","tag-fernando-vicente-en"],"yoast_head":"<!-- This site is optimized with the Yoast SEO plugin v26.9 - https:\/\/yoast.com\/product\/yoast-seo-wordpress\/ -->\n<title>Cartel Feria de Oto\u00f1o del libro Viejo y Antiguo 2019 - Fernando Vicente<\/title>\n<meta name=\"description\" content=\"Cartel Feria de Oto\u00f1o del libro Viejo y antiguo 2019 con protagonista especia La Cibeles lectora en el Paseo de Recoletos de Madrid\" \/>\n<meta name=\"robots\" content=\"index, follow, max-snippet:-1, max-image-preview:large, max-video-preview:-1\" \/>\n<link rel=\"canonical\" href=\"https:\/\/www.fernandovicente.es\/en\/cartel-en\/cartel-feria-de-otono-del-libro-viejo-y-antiguo-2019\/\" \/>\n<meta property=\"og:locale\" content=\"en_US\" \/>\n<meta property=\"og:type\" content=\"article\" \/>\n<meta property=\"og:title\" content=\"Cartel Feria de Oto\u00f1o del libro Viejo y Antiguo 2019 - Fernando Vicente\" \/>\n<meta property=\"og:description\" content=\"Cartel Feria de Oto\u00f1o del libro Viejo y antiguo 2019 con protagonista especia La Cibeles lectora en el Paseo de Recoletos de Madrid\" \/>\n<meta property=\"og:url\" content=\"https:\/\/www.fernandovicente.es\/en\/cartel-en\/cartel-feria-de-otono-del-libro-viejo-y-antiguo-2019\/\" \/>\n<meta property=\"og:site_name\" content=\"Fernando Vicente\" \/>\n<meta property=\"article:publisher\" content=\"https:\/\/www.facebook.com\/FernandoVicenteIllustrator\/\" \/>\n<meta property=\"article:author\" content=\"https:\/\/www.facebook.com\/FernandoVicenteIllustrator\/\" \/>\n<meta property=\"article:published_time\" content=\"2019-09-22T11:54:50+00:00\" \/>\n<meta property=\"article:modified_time\" content=\"2019-09-22T12:31:59+00:00\" \/>\n<meta property=\"og:image\" content=\"https:\/\/www.fernandovicente.es\/wp-content\/uploads\/2019\/09\/Cartel-feria-de-Oton\u0303o-Feria-de-libro-antiguo-Oton\u0303o-2019-Fernando-Vicente-detalle.jpg\" \/>\n\t<meta property=\"og:image:width\" content=\"1200\" \/>\n\t<meta property=\"og:image:height\" content=\"779\" \/>\n\t<meta property=\"og:image:type\" content=\"image\/jpeg\" \/>\n<meta name=\"author\" content=\"Fernando Vicente\" \/>\n<meta name=\"twitter:card\" content=\"summary_large_image\" \/>\n<meta name=\"twitter:creator\" content=\"@https:\/\/twitter.com\/fvicente_illust\" \/>\n<meta name=\"twitter:site\" content=\"@fvicente_illust\" \/>\n<meta name=\"twitter:label1\" content=\"Written by\" \/>\n\t<meta name=\"twitter:data1\" content=\"Fernando Vicente\" \/>\n\t<meta name=\"twitter:label2\" content=\"Est. reading time\" \/>\n\t<meta name=\"twitter:data2\" content=\"1 minute\" \/>\n<script type=\"application\/ld+json\" class=\"yoast-schema-graph\">{\"@context\":\"https:\/\/schema.org\",\"@graph\":[{\"@type\":\"Article\",\"@id\":\"https:\/\/www.fernandovicente.es\/en\/cartel-en\/cartel-feria-de-otono-del-libro-viejo-y-antiguo-2019\/#article\",\"isPartOf\":{\"@id\":\"https:\/\/www.fernandovicente.es\/en\/cartel-en\/cartel-feria-de-otono-del-libro-viejo-y-antiguo-2019\/\"},\"author\":{\"name\":\"Fernando Vicente\",\"@id\":\"https:\/\/www.fernandovicente.es\/en\/#\/schema\/person\/d49677cb48f2ea656b28261dd8f75d7f\"},\"headline\":\"Cartel Feria de Oto\u00f1o del libro Viejo y Antiguo 2019\",\"datePublished\":\"2019-09-22T11:54:50+00:00\",\"dateModified\":\"2019-09-22T12:31:59+00:00\",\"mainEntityOfPage\":{\"@id\":\"https:\/\/www.fernandovicente.es\/en\/cartel-en\/cartel-feria-de-otono-del-libro-viejo-y-antiguo-2019\/\"},\"wordCount\":131,\"publisher\":{\"@id\":\"https:\/\/www.fernandovicente.es\/en\/#\/schema\/person\/d49677cb48f2ea656b28261dd8f75d7f\"},\"image\":{\"@id\":\"https:\/\/www.fernandovicente.es\/en\/cartel-en\/cartel-feria-de-otono-del-libro-viejo-y-antiguo-2019\/#primaryimage\"},\"thumbnailUrl\":\"https:\/\/www.fernandovicente.es\/wp-content\/uploads\/2019\/09\/Cartel-feria-de-Oton\u0303o-Feria-de-libro-antiguo-Oton\u0303o-2019-Fernando-Vicente-detalle.jpg\",\"keywords\":[\"cartel\",\"cartel feria de oto\u00f1o\",\"Cibeles\",\"Cibeles Lectora\",\"Feria del LIbro\",\"Feria del Libro de Madrid\",\"Fernando Vicente\"],\"articleSection\":[\"Book Fair\",\"Poster\"],\"inLanguage\":\"en-US\"},{\"@type\":\"WebPage\",\"@id\":\"https:\/\/www.fernandovicente.es\/en\/cartel-en\/cartel-feria-de-otono-del-libro-viejo-y-antiguo-2019\/\",\"url\":\"https:\/\/www.fernandovicente.es\/en\/cartel-en\/cartel-feria-de-otono-del-libro-viejo-y-antiguo-2019\/\",\"name\":\"Cartel Feria de Oto\u00f1o del libro Viejo y Antiguo 2019 - Fernando Vicente\",\"isPartOf\":{\"@id\":\"https:\/\/www.fernandovicente.es\/en\/#website\"},\"primaryImageOfPage\":{\"@id\":\"https:\/\/www.fernandovicente.es\/en\/cartel-en\/cartel-feria-de-otono-del-libro-viejo-y-antiguo-2019\/#primaryimage\"},\"image\":{\"@id\":\"https:\/\/www.fernandovicente.es\/en\/cartel-en\/cartel-feria-de-otono-del-libro-viejo-y-antiguo-2019\/#primaryimage\"},\"thumbnailUrl\":\"https:\/\/www.fernandovicente.es\/wp-content\/uploads\/2019\/09\/Cartel-feria-de-Oton\u0303o-Feria-de-libro-antiguo-Oton\u0303o-2019-Fernando-Vicente-detalle.jpg\",\"datePublished\":\"2019-09-22T11:54:50+00:00\",\"dateModified\":\"2019-09-22T12:31:59+00:00\",\"description\":\"Cartel Feria de Oto\u00f1o del libro Viejo y antiguo 2019 con protagonista especia La Cibeles lectora en el Paseo de Recoletos de Madrid\",\"breadcrumb\":{\"@id\":\"https:\/\/www.fernandovicente.es\/en\/cartel-en\/cartel-feria-de-otono-del-libro-viejo-y-antiguo-2019\/#breadcrumb\"},\"inLanguage\":\"en-US\",\"potentialAction\":[{\"@type\":\"ReadAction\",\"target\":[\"https:\/\/www.fernandovicente.es\/en\/cartel-en\/cartel-feria-de-otono-del-libro-viejo-y-antiguo-2019\/\"]}]},{\"@type\":\"ImageObject\",\"inLanguage\":\"en-US\",\"@id\":\"https:\/\/www.fernandovicente.es\/en\/cartel-en\/cartel-feria-de-otono-del-libro-viejo-y-antiguo-2019\/#primaryimage\",\"url\":\"https:\/\/www.fernandovicente.es\/wp-content\/uploads\/2019\/09\/Cartel-feria-de-Oton\u0303o-Feria-de-libro-antiguo-Oton\u0303o-2019-Fernando-Vicente-detalle.jpg\",\"contentUrl\":\"https:\/\/www.fernandovicente.es\/wp-content\/uploads\/2019\/09\/Cartel-feria-de-Oton\u0303o-Feria-de-libro-antiguo-Oton\u0303o-2019-Fernando-Vicente-detalle.jpg\",\"width\":1200,\"height\":779,\"caption\":\"Cartel feria de Oton\u0303o Feria de libro antiguo Oton\u0303o 2019 Fernando Vicente detalle\"},{\"@type\":\"BreadcrumbList\",\"@id\":\"https:\/\/www.fernandovicente.es\/en\/cartel-en\/cartel-feria-de-otono-del-libro-viejo-y-antiguo-2019\/#breadcrumb\",\"itemListElement\":[{\"@type\":\"ListItem\",\"position\":1,\"name\":\"Portada\",\"item\":\"https:\/\/www.fernandovicente.es\/en\/\"},{\"@type\":\"ListItem\",\"position\":2,\"name\":\"Cartel Feria de Oto\u00f1o del libro Viejo y Antiguo 2019\"}]},{\"@type\":\"WebSite\",\"@id\":\"https:\/\/www.fernandovicente.es\/en\/#website\",\"url\":\"https:\/\/www.fernandovicente.es\/en\/\",\"name\":\"Fernando Vicente\",\"description\":\"Ilustraci\u00f3n\",\"publisher\":{\"@id\":\"https:\/\/www.fernandovicente.es\/en\/#\/schema\/person\/d49677cb48f2ea656b28261dd8f75d7f\"},\"potentialAction\":[{\"@type\":\"SearchAction\",\"target\":{\"@type\":\"EntryPoint\",\"urlTemplate\":\"https:\/\/www.fernandovicente.es\/en\/?s={search_term_string}\"},\"query-input\":{\"@type\":\"PropertyValueSpecification\",\"valueRequired\":true,\"valueName\":\"search_term_string\"}}],\"inLanguage\":\"en-US\"},{\"@type\":[\"Person\",\"Organization\"],\"@id\":\"https:\/\/www.fernandovicente.es\/en\/#\/schema\/person\/d49677cb48f2ea656b28261dd8f75d7f\",\"name\":\"Fernando Vicente\",\"image\":{\"@type\":\"ImageObject\",\"inLanguage\":\"en-US\",\"@id\":\"https:\/\/www.fernandovicente.es\/en\/#\/schema\/person\/image\/\",\"url\":\"https:\/\/www.fernandovicente.es\/wp-content\/uploads\/2014\/11\/fernando-vicente-Foto-e1419619123418.jpg\",\"contentUrl\":\"https:\/\/www.fernandovicente.es\/wp-content\/uploads\/2014\/11\/fernando-vicente-Foto-e1419619123418.jpg\",\"width\":300,\"height\":300,\"caption\":\"Fernando Vicente\"},\"logo\":{\"@id\":\"https:\/\/www.fernandovicente.es\/en\/#\/schema\/person\/image\/\"},\"description\":\"Fernando Vicente - Painter &amp; illustrator\",\"sameAs\":[\"http:\/\/www.fernandovicente.es\",\"https:\/\/www.facebook.com\/FernandoVicenteIllustrator\/\",\"https:\/\/www.instagram.com\/fvicente_illust\/\",\"https:\/\/www.linkedin.com\/in\/fernando-vicente-97595012\",\"https:\/\/www.pinterest.es\/FVicente_illust\/\",\"https:\/\/x.com\/https:\/\/twitter.com\/fvicente_illust\"]}]}<\/script>\n<!-- \/ Yoast SEO plugin. -->","yoast_head_json":{"title":"Cartel Feria de Oto\u00f1o del libro Viejo y Antiguo 2019 - Fernando Vicente","description":"Cartel Feria de Oto\u00f1o del libro Viejo y antiguo 2019 con protagonista especia La Cibeles lectora en el Paseo de Recoletos de Madrid","robots":{"index":"index","follow":"follow","max-snippet":"max-snippet:-1","max-image-preview":"max-image-preview:large","max-video-preview":"max-video-preview:-1"},"canonical":"https:\/\/www.fernandovicente.es\/en\/cartel-en\/cartel-feria-de-otono-del-libro-viejo-y-antiguo-2019\/","og_locale":"en_US","og_type":"article","og_title":"Cartel Feria de Oto\u00f1o del libro Viejo y Antiguo 2019 - Fernando Vicente","og_description":"Cartel Feria de Oto\u00f1o del libro Viejo y antiguo 2019 con protagonista especia La Cibeles lectora en el Paseo de Recoletos de Madrid","og_url":"https:\/\/www.fernandovicente.es\/en\/cartel-en\/cartel-feria-de-otono-del-libro-viejo-y-antiguo-2019\/","og_site_name":"Fernando Vicente","article_publisher":"https:\/\/www.facebook.com\/FernandoVicenteIllustrator\/","article_author":"https:\/\/www.facebook.com\/FernandoVicenteIllustrator\/","article_published_time":"2019-09-22T11:54:50+00:00","article_modified_time":"2019-09-22T12:31:59+00:00","og_image":[{"width":1200,"height":779,"url":"https:\/\/www.fernandovicente.es\/wp-content\/uploads\/2019\/09\/Cartel-feria-de-Oton\u0303o-Feria-de-libro-antiguo-Oton\u0303o-2019-Fernando-Vicente-detalle.jpg","type":"image\/jpeg"}],"author":"Fernando Vicente","twitter_card":"summary_large_image","twitter_creator":"@https:\/\/twitter.com\/fvicente_illust","twitter_site":"@fvicente_illust","twitter_misc":{"Written by":"Fernando Vicente","Est. reading time":"1 minute"},"schema":{"@context":"https:\/\/schema.org","@graph":[{"@type":"Article","@id":"https:\/\/www.fernandovicente.es\/en\/cartel-en\/cartel-feria-de-otono-del-libro-viejo-y-antiguo-2019\/#article","isPartOf":{"@id":"https:\/\/www.fernandovicente.es\/en\/cartel-en\/cartel-feria-de-otono-del-libro-viejo-y-antiguo-2019\/"},"author":{"name":"Fernando Vicente","@id":"https:\/\/www.fernandovicente.es\/en\/#\/schema\/person\/d49677cb48f2ea656b28261dd8f75d7f"},"headline":"Cartel Feria de Oto\u00f1o del libro Viejo y Antiguo 2019","datePublished":"2019-09-22T11:54:50+00:00","dateModified":"2019-09-22T12:31:59+00:00","mainEntityOfPage":{"@id":"https:\/\/www.fernandovicente.es\/en\/cartel-en\/cartel-feria-de-otono-del-libro-viejo-y-antiguo-2019\/"},"wordCount":131,"publisher":{"@id":"https:\/\/www.fernandovicente.es\/en\/#\/schema\/person\/d49677cb48f2ea656b28261dd8f75d7f"},"image":{"@id":"https:\/\/www.fernandovicente.es\/en\/cartel-en\/cartel-feria-de-otono-del-libro-viejo-y-antiguo-2019\/#primaryimage"},"thumbnailUrl":"https:\/\/www.fernandovicente.es\/wp-content\/uploads\/2019\/09\/Cartel-feria-de-Oton\u0303o-Feria-de-libro-antiguo-Oton\u0303o-2019-Fernando-Vicente-detalle.jpg","keywords":["cartel","cartel feria de oto\u00f1o","Cibeles","Cibeles Lectora","Feria del LIbro","Feria del Libro de Madrid","Fernando Vicente"],"articleSection":["Book Fair","Poster"],"inLanguage":"en-US"},{"@type":"WebPage","@id":"https:\/\/www.fernandovicente.es\/en\/cartel-en\/cartel-feria-de-otono-del-libro-viejo-y-antiguo-2019\/","url":"https:\/\/www.fernandovicente.es\/en\/cartel-en\/cartel-feria-de-otono-del-libro-viejo-y-antiguo-2019\/","name":"Cartel Feria de Oto\u00f1o del libro Viejo y Antiguo 2019 - Fernando Vicente","isPartOf":{"@id":"https:\/\/www.fernandovicente.es\/en\/#website"},"primaryImageOfPage":{"@id":"https:\/\/www.fernandovicente.es\/en\/cartel-en\/cartel-feria-de-otono-del-libro-viejo-y-antiguo-2019\/#primaryimage"},"image":{"@id":"https:\/\/www.fernandovicente.es\/en\/cartel-en\/cartel-feria-de-otono-del-libro-viejo-y-antiguo-2019\/#primaryimage"},"thumbnailUrl":"https:\/\/www.fernandovicente.es\/wp-content\/uploads\/2019\/09\/Cartel-feria-de-Oton\u0303o-Feria-de-libro-antiguo-Oton\u0303o-2019-Fernando-Vicente-detalle.jpg","datePublished":"2019-09-22T11:54:50+00:00","dateModified":"2019-09-22T12:31:59+00:00","description":"Cartel Feria de Oto\u00f1o del libro Viejo y antiguo 2019 con protagonista especia La Cibeles lectora en el Paseo de Recoletos de Madrid","breadcrumb":{"@id":"https:\/\/www.fernandovicente.es\/en\/cartel-en\/cartel-feria-de-otono-del-libro-viejo-y-antiguo-2019\/#breadcrumb"},"inLanguage":"en-US","potentialAction":[{"@type":"ReadAction","target":["https:\/\/www.fernandovicente.es\/en\/cartel-en\/cartel-feria-de-otono-del-libro-viejo-y-antiguo-2019\/"]}]},{"@type":"ImageObject","inLanguage":"en-US","@id":"https:\/\/www.fernandovicente.es\/en\/cartel-en\/cartel-feria-de-otono-del-libro-viejo-y-antiguo-2019\/#primaryimage","url":"https:\/\/www.fernandovicente.es\/wp-content\/uploads\/2019\/09\/Cartel-feria-de-Oton\u0303o-Feria-de-libro-antiguo-Oton\u0303o-2019-Fernando-Vicente-detalle.jpg","contentUrl":"https:\/\/www.fernandovicente.es\/wp-content\/uploads\/2019\/09\/Cartel-feria-de-Oton\u0303o-Feria-de-libro-antiguo-Oton\u0303o-2019-Fernando-Vicente-detalle.jpg","width":1200,"height":779,"caption":"Cartel feria de Oton\u0303o Feria de libro antiguo Oton\u0303o 2019 Fernando Vicente detalle"},{"@type":"BreadcrumbList","@id":"https:\/\/www.fernandovicente.es\/en\/cartel-en\/cartel-feria-de-otono-del-libro-viejo-y-antiguo-2019\/#breadcrumb","itemListElement":[{"@type":"ListItem","position":1,"name":"Portada","item":"https:\/\/www.fernandovicente.es\/en\/"},{"@type":"ListItem","position":2,"name":"Cartel Feria de Oto\u00f1o del libro Viejo y Antiguo 2019"}]},{"@type":"WebSite","@id":"https:\/\/www.fernandovicente.es\/en\/#website","url":"https:\/\/www.fernandovicente.es\/en\/","name":"Fernando Vicente","description":"Ilustraci\u00f3n","publisher":{"@id":"https:\/\/www.fernandovicente.es\/en\/#\/schema\/person\/d49677cb48f2ea656b28261dd8f75d7f"},"potentialAction":[{"@type":"SearchAction","target":{"@type":"EntryPoint","urlTemplate":"https:\/\/www.fernandovicente.es\/en\/?s={search_term_string}"},"query-input":{"@type":"PropertyValueSpecification","valueRequired":true,"valueName":"search_term_string"}}],"inLanguage":"en-US"},{"@type":["Person","Organization"],"@id":"https:\/\/www.fernandovicente.es\/en\/#\/schema\/person\/d49677cb48f2ea656b28261dd8f75d7f","name":"Fernando Vicente","image":{"@type":"ImageObject","inLanguage":"en-US","@id":"https:\/\/www.fernandovicente.es\/en\/#\/schema\/person\/image\/","url":"https:\/\/www.fernandovicente.es\/wp-content\/uploads\/2014\/11\/fernando-vicente-Foto-e1419619123418.jpg","contentUrl":"https:\/\/www.fernandovicente.es\/wp-content\/uploads\/2014\/11\/fernando-vicente-Foto-e1419619123418.jpg","width":300,"height":300,"caption":"Fernando Vicente"},"logo":{"@id":"https:\/\/www.fernandovicente.es\/en\/#\/schema\/person\/image\/"},"description":"Fernando Vicente - Painter &amp; illustrator","sameAs":["http:\/\/www.fernandovicente.es","https:\/\/www.facebook.com\/FernandoVicenteIllustrator\/","https:\/\/www.instagram.com\/fvicente_illust\/","https:\/\/www.linkedin.com\/in\/fernando-vicente-97595012","https:\/\/www.pinterest.es\/FVicente_illust\/","https:\/\/x.com\/https:\/\/twitter.com\/fvicente_illust"]}]}},"_links":{"self":[{"href":"https:\/\/www.fernandovicente.es\/en\/wp-json\/wp\/v2\/posts\/8403","targetHints":{"allow":["GET"]}}],"collection":[{"href":"https:\/\/www.fernandovicente.es\/en\/wp-json\/wp\/v2\/posts"}],"about":[{"href":"https:\/\/www.fernandovicente.es\/en\/wp-json\/wp\/v2\/types\/post"}],"author":[{"embeddable":true,"href":"https:\/\/www.fernandovicente.es\/en\/wp-json\/wp\/v2\/users\/2"}],"replies":[{"embeddable":true,"href":"https:\/\/www.fernandovicente.es\/en\/wp-json\/wp\/v2\/comments?post=8403"}],"version-history":[{"count":4,"href":"https:\/\/www.fernandovicente.es\/en\/wp-json\/wp\/v2\/posts\/8403\/revisions"}],"predecessor-version":[{"id":8427,"href":"https:\/\/www.fernandovicente.es\/en\/wp-json\/wp\/v2\/posts\/8403\/revisions\/8427"}],"wp:featuredmedia":[{"embeddable":true,"href":"https:\/\/www.fernandovicente.es\/en\/wp-json\/wp\/v2\/media\/8401"}],"wp:attachment":[{"href":"https:\/\/www.fernandovicente.es\/en\/wp-json\/wp\/v2\/media?parent=8403"}],"wp:term":[{"taxonomy":"category","embeddable":true,"href":"https:\/\/www.fernandovicente.es\/en\/wp-json\/wp\/v2\/categories?post=8403"},{"taxonomy":"post_tag","embeddable":true,"href":"https:\/\/www.fernandovicente.es\/en\/wp-json\/wp\/v2\/tags?post=8403"}],"curies":[{"name":"wp","href":"https:\/\/api.w.org\/{rel}","templated":true}]}}