{"id":8437,"date":"2019-10-03T19:05:22","date_gmt":"2019-10-03T19:05:22","guid":{"rendered":"https:\/\/www.fernandovicente.es\/sin-categoria-en\/invitacion-presentacion-espiritus-de-nueva-york\/"},"modified":"2019-10-03T19:12:02","modified_gmt":"2019-10-03T19:12:02","slug":"invitacion-presentacion-espiritus-de-nueva-york","status":"publish","type":"post","link":"https:\/\/www.fernandovicente.es\/en\/libro-ilustrado-en\/invitacion-presentacion-espiritus-de-nueva-york\/","title":{"rendered":"Invitacion Presentaci\u00f3n Esp\u00edritus de Nueva York"},"content":{"rendered":"<p>Invitacion a la Presentaci\u00f3n Esp\u00edritus de Nueva York &#8211; 9 de octubre en Panta Rhei a las 19:30<\/p>\n<figure id=\"attachment_8434\" aria-describedby=\"caption-attachment-8434\" style=\"width: 1200px\" class=\"wp-caption alignright\"><a href=\"https:\/\/www.fernandovicente.es\/wp-content\/uploads\/2019\/10\/Invitacio\u0301n_1200x1200_Espi\u0301ritus-de-Nueva-York_Lunwerg.jpg\"><img loading=\"lazy\" decoding=\"async\" class=\"wp-image-8434 size-full\" title=\"nvitacio\u0301n Espi\u0301ritus de Nueva York Lunwerg Dia 9 de Octubre en Panta Rhei a las 19:30\" src=\"https:\/\/www.fernandovicente.es\/wp-content\/uploads\/2019\/10\/Invitacio\u0301n_1200x1200_Espi\u0301ritus-de-Nueva-York_Lunwerg.jpg\" alt=\"Invitacion a la Presentaci\u00f3n Espiritus de Nueva York\" width=\"1200\" height=\"1200\" srcset=\"https:\/\/www.fernandovicente.es\/wp-content\/uploads\/2019\/10\/Invitacio\u0301n_1200x1200_Espi\u0301ritus-de-Nueva-York_Lunwerg.jpg 1200w, https:\/\/www.fernandovicente.es\/wp-content\/uploads\/2019\/10\/Invitacio\u0301n_1200x1200_Espi\u0301ritus-de-Nueva-York_Lunwerg-100x100.jpg 100w, https:\/\/www.fernandovicente.es\/wp-content\/uploads\/2019\/10\/Invitacio\u0301n_1200x1200_Espi\u0301ritus-de-Nueva-York_Lunwerg-600x600.jpg 600w, https:\/\/www.fernandovicente.es\/wp-content\/uploads\/2019\/10\/Invitacio\u0301n_1200x1200_Espi\u0301ritus-de-Nueva-York_Lunwerg-150x150.jpg 150w, https:\/\/www.fernandovicente.es\/wp-content\/uploads\/2019\/10\/Invitacio\u0301n_1200x1200_Espi\u0301ritus-de-Nueva-York_Lunwerg-300x300.jpg 300w, https:\/\/www.fernandovicente.es\/wp-content\/uploads\/2019\/10\/Invitacio\u0301n_1200x1200_Espi\u0301ritus-de-Nueva-York_Lunwerg-768x768.jpg 768w, https:\/\/www.fernandovicente.es\/wp-content\/uploads\/2019\/10\/Invitacio\u0301n_1200x1200_Espi\u0301ritus-de-Nueva-York_Lunwerg-1024x1024.jpg 1024w, https:\/\/www.fernandovicente.es\/wp-content\/uploads\/2019\/10\/Invitacio\u0301n_1200x1200_Espi\u0301ritus-de-Nueva-York_Lunwerg-430x430.jpg 430w, https:\/\/www.fernandovicente.es\/wp-content\/uploads\/2019\/10\/Invitacio\u0301n_1200x1200_Espi\u0301ritus-de-Nueva-York_Lunwerg-860x860.jpg 860w\" sizes=\"auto, (max-width: 1200px) 100vw, 1200px\" \/><\/a><figcaption id=\"caption-attachment-8434\" class=\"wp-caption-text\">Invitacio\u0301n Espi\u0301ritus de Nueva York Lunwerg<br \/>Dia 9 de Octubre en Panta Rhei a las 19:30<\/figcaption><\/figure>\n<div class=\"bloc dades-generals\">\n<div class=\"fitxa-bloc-b\">\n<div class=\"fitxa-bloc-b1\">\n<div class=\"titol-i-autors desktop\">\n<div class=\"titol\">\n<h1><\/h1>\n<h1>Esp\u00edritus de Nueva York<\/h1>\n<\/div>\n<div class=\"autors\">\n<h2><a href=\"https:\/\/www.planetadelibros.com\/autor\/alberto-gil\/000051838\">Alberto Gil<\/a> | <a href=\"https:\/\/www.planetadelibros.com\/autor\/fernando-vicente-sanchez\/000046135\">Fernando Vicente S\u00e1nchez<\/a><\/h2>\n<\/div>\n<\/div>\n<div class=\"tematiques-i-coleccions\">\n<div id=\"num_pagines\">N\u00famero de p\u00e1ginas: 192<\/div>\n<\/div>\n<\/div>\n<div class=\"fitxa-bloc-b2\">\n<div class=\"soportes_comprar since-tablet\">\n<div id=\"soportes-desktop\" class=\"soportes\">\n<div class=\"suports multiple\">\n<div class=\"llibre_format\" data-soporte-id=\"301999\">\n<div class=\"info_format\">\n<p>Un viaje a Nueva York a trav\u00e9s de 25 personajes m\u00edticos, como Federico Garc\u00eda Lorca, Houdini, Marilyn Monroe, Frida Kahlo y John Lennon.<\/p>\n<\/div>\n<\/div>\n<\/div>\n<\/div>\n<\/div>\n<\/div>\n<div class=\"fitxa-bloc-b3\">\n<div class=\"sinopsi-intro\">Sinopsis de Esp\u00edritus de Nueva York:<\/div>\n<div id=\"capsa-sinopsi\" class=\"sinopsi\">\n<p>Houdini y sus n\u00fameros de escapismo en Coney Island, Billie Holiday en busca de su suerte en los clubs nocturnos de Harlem, Lorca como testigo del p\u00e1nico que se cierne sobre Wall Street en octubre del 29, Frida Kahlo acodada en la barandilla del puente de Brooklyn\u2026 Desde finales del siglo XIX hasta hoy, Nueva York viene ejerciendo una poderosa atracci\u00f3n sobre el mundo de la literatura, el pensamiento, la pol\u00edtica, el espect\u00e1culo, el cine, la m\u00fasica y las artes en general. Eso la convierte en uno de los grandes espacios urbanos por los que han transitado personajes ya desaparecidos, claves en nuestra historia reciente.<\/p>\n<p><em>Esp\u00edritus de Nueva York<\/em> evoca las peripecias vitales de esa galer\u00eda de personajes universales y utiliza la ilustraci\u00f3n como medio para plasmar gr\u00e1ficamente sus v\u00ednculos con determinados lugares de la ciudad.<\/p>\n<\/div>\n<\/div>\n<\/div>\n<div class=\"clearfix\"><\/div>\n<\/div>\n<div class=\"descargar-app\"><\/div>\n<div id=\"suscripcion_compulsiva_libro\" class=\"mtop\"><a class=\"ancla_oculta\" name=\"bs_rotador_154\"><\/a><\/div>\n<p>&nbsp;<\/p>\n","protected":false},"excerpt":{"rendered":"<p>Invitacion a la Presentaci\u00f3n Esp\u00edritus de Nueva York &#8211; 9 de octubre en Panta Rhei a las 19:30 Esp\u00edritus de Nueva York Alberto Gil |&hellip;<\/p>\n","protected":false},"author":2,"featured_media":8435,"comment_status":"closed","ping_status":"closed","sticky":false,"template":"","format":"standard","meta":{"footnotes":""},"categories":[336],"tags":[2375,340,2376,2377,2378,2379],"class_list":["post-8437","post","type-post","status-publish","format-standard","has-post-thumbnail","hentry","category-libro-ilustrado-en","tag-espiritus-de-nueva-york-en","tag-libro-ilustrado-en","tag-nueva-york-en","tag-panta-rhei-en","tag-personajes-miticos-en","tag-presentacion-en"],"yoast_head":"<!-- This site is optimized with the Yoast SEO plugin v26.9 - https:\/\/yoast.com\/product\/yoast-seo-wordpress\/ -->\n<title>Invitacion Presentaci\u00f3n Esp\u00edritus de Nueva York - Fernando Vicente<\/title>\n<meta name=\"description\" content=\"Invitacion a la Presentaci\u00f3n del libro Esp\u00edritus de Nueva York junto con Alberto Gil - Miercoles 9 de octubre en Panta Rhei a las 19:30 Editorial Lunwerg\" \/>\n<meta name=\"robots\" content=\"index, follow, max-snippet:-1, max-image-preview:large, max-video-preview:-1\" \/>\n<link rel=\"canonical\" href=\"https:\/\/www.fernandovicente.es\/en\/libro-ilustrado-en\/invitacion-presentacion-espiritus-de-nueva-york\/\" \/>\n<meta property=\"og:locale\" content=\"en_US\" \/>\n<meta property=\"og:type\" content=\"article\" \/>\n<meta property=\"og:title\" content=\"Invitacion Presentaci\u00f3n Esp\u00edritus de Nueva York - Fernando Vicente\" \/>\n<meta property=\"og:description\" content=\"Invitacion a la Presentaci\u00f3n del libro Esp\u00edritus de Nueva York junto con Alberto Gil - Miercoles 9 de octubre en Panta Rhei a las 19:30 Editorial Lunwerg\" \/>\n<meta property=\"og:url\" content=\"https:\/\/www.fernandovicente.es\/en\/libro-ilustrado-en\/invitacion-presentacion-espiritus-de-nueva-york\/\" \/>\n<meta property=\"og:site_name\" content=\"Fernando Vicente\" \/>\n<meta property=\"article:publisher\" content=\"https:\/\/www.facebook.com\/FernandoVicenteIllustrator\/\" \/>\n<meta property=\"article:author\" content=\"https:\/\/www.facebook.com\/FernandoVicenteIllustrator\/\" \/>\n<meta property=\"article:published_time\" content=\"2019-10-03T19:05:22+00:00\" \/>\n<meta property=\"article:modified_time\" content=\"2019-10-03T19:12:02+00:00\" \/>\n<meta property=\"og:image\" content=\"https:\/\/www.fernandovicente.es\/wp-content\/uploads\/2019\/10\/Invitacio\u0301n_1200x1200_Espi\u0301ritus-de-Nueva-York_Lunwerg.jpg\" \/>\n\t<meta property=\"og:image:width\" content=\"1200\" \/>\n\t<meta property=\"og:image:height\" content=\"1200\" \/>\n\t<meta property=\"og:image:type\" content=\"image\/jpeg\" \/>\n<meta name=\"author\" content=\"Fernando Vicente\" \/>\n<meta name=\"twitter:card\" content=\"summary_large_image\" \/>\n<meta name=\"twitter:creator\" content=\"@https:\/\/twitter.com\/fvicente_illust\" \/>\n<meta name=\"twitter:site\" content=\"@fvicente_illust\" \/>\n<meta name=\"twitter:label1\" content=\"Written by\" \/>\n\t<meta name=\"twitter:data1\" content=\"Fernando Vicente\" \/>\n\t<meta name=\"twitter:label2\" content=\"Est. reading time\" \/>\n\t<meta name=\"twitter:data2\" content=\"1 minute\" \/>\n<script type=\"application\/ld+json\" class=\"yoast-schema-graph\">{\"@context\":\"https:\/\/schema.org\",\"@graph\":[{\"@type\":\"Article\",\"@id\":\"https:\/\/www.fernandovicente.es\/en\/libro-ilustrado-en\/invitacion-presentacion-espiritus-de-nueva-york\/#article\",\"isPartOf\":{\"@id\":\"https:\/\/www.fernandovicente.es\/en\/libro-ilustrado-en\/invitacion-presentacion-espiritus-de-nueva-york\/\"},\"author\":{\"name\":\"Fernando Vicente\",\"@id\":\"https:\/\/www.fernandovicente.es\/en\/#\/schema\/person\/d49677cb48f2ea656b28261dd8f75d7f\"},\"headline\":\"Invitacion Presentaci\u00f3n Esp\u00edritus de Nueva York\",\"datePublished\":\"2019-10-03T19:05:22+00:00\",\"dateModified\":\"2019-10-03T19:12:02+00:00\",\"mainEntityOfPage\":{\"@id\":\"https:\/\/www.fernandovicente.es\/en\/libro-ilustrado-en\/invitacion-presentacion-espiritus-de-nueva-york\/\"},\"wordCount\":243,\"publisher\":{\"@id\":\"https:\/\/www.fernandovicente.es\/en\/#\/schema\/person\/d49677cb48f2ea656b28261dd8f75d7f\"},\"image\":{\"@id\":\"https:\/\/www.fernandovicente.es\/en\/libro-ilustrado-en\/invitacion-presentacion-espiritus-de-nueva-york\/#primaryimage\"},\"thumbnailUrl\":\"https:\/\/www.fernandovicente.es\/wp-content\/uploads\/2019\/10\/Invitacio\u0301n_1200x1200_Espi\u0301ritus-de-Nueva-York_Lunwerg.jpg\",\"keywords\":[\"Espiritus de Nueva York\",\"libro ilustrado\",\"Nueva York\",\"panta Rhei\",\"Personajes miticos\",\"Presentacion\"],\"articleSection\":[\"illustrated boook\"],\"inLanguage\":\"en-US\"},{\"@type\":\"WebPage\",\"@id\":\"https:\/\/www.fernandovicente.es\/en\/libro-ilustrado-en\/invitacion-presentacion-espiritus-de-nueva-york\/\",\"url\":\"https:\/\/www.fernandovicente.es\/en\/libro-ilustrado-en\/invitacion-presentacion-espiritus-de-nueva-york\/\",\"name\":\"Invitacion Presentaci\u00f3n Esp\u00edritus de Nueva York - Fernando Vicente\",\"isPartOf\":{\"@id\":\"https:\/\/www.fernandovicente.es\/en\/#website\"},\"primaryImageOfPage\":{\"@id\":\"https:\/\/www.fernandovicente.es\/en\/libro-ilustrado-en\/invitacion-presentacion-espiritus-de-nueva-york\/#primaryimage\"},\"image\":{\"@id\":\"https:\/\/www.fernandovicente.es\/en\/libro-ilustrado-en\/invitacion-presentacion-espiritus-de-nueva-york\/#primaryimage\"},\"thumbnailUrl\":\"https:\/\/www.fernandovicente.es\/wp-content\/uploads\/2019\/10\/Invitacio\u0301n_1200x1200_Espi\u0301ritus-de-Nueva-York_Lunwerg.jpg\",\"datePublished\":\"2019-10-03T19:05:22+00:00\",\"dateModified\":\"2019-10-03T19:12:02+00:00\",\"description\":\"Invitacion a la Presentaci\u00f3n del libro Esp\u00edritus de Nueva York junto con Alberto Gil - Miercoles 9 de octubre en Panta Rhei a las 19:30 Editorial Lunwerg\",\"breadcrumb\":{\"@id\":\"https:\/\/www.fernandovicente.es\/en\/libro-ilustrado-en\/invitacion-presentacion-espiritus-de-nueva-york\/#breadcrumb\"},\"inLanguage\":\"en-US\",\"potentialAction\":[{\"@type\":\"ReadAction\",\"target\":[\"https:\/\/www.fernandovicente.es\/en\/libro-ilustrado-en\/invitacion-presentacion-espiritus-de-nueva-york\/\"]}]},{\"@type\":\"ImageObject\",\"inLanguage\":\"en-US\",\"@id\":\"https:\/\/www.fernandovicente.es\/en\/libro-ilustrado-en\/invitacion-presentacion-espiritus-de-nueva-york\/#primaryimage\",\"url\":\"https:\/\/www.fernandovicente.es\/wp-content\/uploads\/2019\/10\/Invitacio\u0301n_1200x1200_Espi\u0301ritus-de-Nueva-York_Lunwerg.jpg\",\"contentUrl\":\"https:\/\/www.fernandovicente.es\/wp-content\/uploads\/2019\/10\/Invitacio\u0301n_1200x1200_Espi\u0301ritus-de-Nueva-York_Lunwerg.jpg\",\"width\":1200,\"height\":1200,\"caption\":\"Invitacio\u0301n Espi\u0301ritus de Nueva York Lunwerg Dia 9 de Octubre en Panta Rhei a las 19:30\"},{\"@type\":\"BreadcrumbList\",\"@id\":\"https:\/\/www.fernandovicente.es\/en\/libro-ilustrado-en\/invitacion-presentacion-espiritus-de-nueva-york\/#breadcrumb\",\"itemListElement\":[{\"@type\":\"ListItem\",\"position\":1,\"name\":\"Portada\",\"item\":\"https:\/\/www.fernandovicente.es\/en\/\"},{\"@type\":\"ListItem\",\"position\":2,\"name\":\"Invitacion Presentaci\u00f3n Esp\u00edritus de Nueva York\"}]},{\"@type\":\"WebSite\",\"@id\":\"https:\/\/www.fernandovicente.es\/en\/#website\",\"url\":\"https:\/\/www.fernandovicente.es\/en\/\",\"name\":\"Fernando Vicente\",\"description\":\"Ilustraci\u00f3n\",\"publisher\":{\"@id\":\"https:\/\/www.fernandovicente.es\/en\/#\/schema\/person\/d49677cb48f2ea656b28261dd8f75d7f\"},\"potentialAction\":[{\"@type\":\"SearchAction\",\"target\":{\"@type\":\"EntryPoint\",\"urlTemplate\":\"https:\/\/www.fernandovicente.es\/en\/?s={search_term_string}\"},\"query-input\":{\"@type\":\"PropertyValueSpecification\",\"valueRequired\":true,\"valueName\":\"search_term_string\"}}],\"inLanguage\":\"en-US\"},{\"@type\":[\"Person\",\"Organization\"],\"@id\":\"https:\/\/www.fernandovicente.es\/en\/#\/schema\/person\/d49677cb48f2ea656b28261dd8f75d7f\",\"name\":\"Fernando Vicente\",\"image\":{\"@type\":\"ImageObject\",\"inLanguage\":\"en-US\",\"@id\":\"https:\/\/www.fernandovicente.es\/en\/#\/schema\/person\/image\/\",\"url\":\"https:\/\/www.fernandovicente.es\/wp-content\/uploads\/2014\/11\/fernando-vicente-Foto-e1419619123418.jpg\",\"contentUrl\":\"https:\/\/www.fernandovicente.es\/wp-content\/uploads\/2014\/11\/fernando-vicente-Foto-e1419619123418.jpg\",\"width\":300,\"height\":300,\"caption\":\"Fernando Vicente\"},\"logo\":{\"@id\":\"https:\/\/www.fernandovicente.es\/en\/#\/schema\/person\/image\/\"},\"description\":\"Fernando Vicente - Painter &amp; illustrator\",\"sameAs\":[\"http:\/\/www.fernandovicente.es\",\"https:\/\/www.facebook.com\/FernandoVicenteIllustrator\/\",\"https:\/\/www.instagram.com\/fvicente_illust\/\",\"https:\/\/www.linkedin.com\/in\/fernando-vicente-97595012\",\"https:\/\/www.pinterest.es\/FVicente_illust\/\",\"https:\/\/x.com\/https:\/\/twitter.com\/fvicente_illust\"]}]}<\/script>\n<!-- \/ Yoast SEO plugin. -->","yoast_head_json":{"title":"Invitacion Presentaci\u00f3n Esp\u00edritus de Nueva York - Fernando Vicente","description":"Invitacion a la Presentaci\u00f3n del libro Esp\u00edritus de Nueva York junto con Alberto Gil - Miercoles 9 de octubre en Panta Rhei a las 19:30 Editorial Lunwerg","robots":{"index":"index","follow":"follow","max-snippet":"max-snippet:-1","max-image-preview":"max-image-preview:large","max-video-preview":"max-video-preview:-1"},"canonical":"https:\/\/www.fernandovicente.es\/en\/libro-ilustrado-en\/invitacion-presentacion-espiritus-de-nueva-york\/","og_locale":"en_US","og_type":"article","og_title":"Invitacion Presentaci\u00f3n Esp\u00edritus de Nueva York - Fernando Vicente","og_description":"Invitacion a la Presentaci\u00f3n del libro Esp\u00edritus de Nueva York junto con Alberto Gil - Miercoles 9 de octubre en Panta Rhei a las 19:30 Editorial Lunwerg","og_url":"https:\/\/www.fernandovicente.es\/en\/libro-ilustrado-en\/invitacion-presentacion-espiritus-de-nueva-york\/","og_site_name":"Fernando Vicente","article_publisher":"https:\/\/www.facebook.com\/FernandoVicenteIllustrator\/","article_author":"https:\/\/www.facebook.com\/FernandoVicenteIllustrator\/","article_published_time":"2019-10-03T19:05:22+00:00","article_modified_time":"2019-10-03T19:12:02+00:00","og_image":[{"width":1200,"height":1200,"url":"https:\/\/www.fernandovicente.es\/wp-content\/uploads\/2019\/10\/Invitacio\u0301n_1200x1200_Espi\u0301ritus-de-Nueva-York_Lunwerg.jpg","type":"image\/jpeg"}],"author":"Fernando Vicente","twitter_card":"summary_large_image","twitter_creator":"@https:\/\/twitter.com\/fvicente_illust","twitter_site":"@fvicente_illust","twitter_misc":{"Written by":"Fernando Vicente","Est. reading time":"1 minute"},"schema":{"@context":"https:\/\/schema.org","@graph":[{"@type":"Article","@id":"https:\/\/www.fernandovicente.es\/en\/libro-ilustrado-en\/invitacion-presentacion-espiritus-de-nueva-york\/#article","isPartOf":{"@id":"https:\/\/www.fernandovicente.es\/en\/libro-ilustrado-en\/invitacion-presentacion-espiritus-de-nueva-york\/"},"author":{"name":"Fernando Vicente","@id":"https:\/\/www.fernandovicente.es\/en\/#\/schema\/person\/d49677cb48f2ea656b28261dd8f75d7f"},"headline":"Invitacion Presentaci\u00f3n Esp\u00edritus de Nueva York","datePublished":"2019-10-03T19:05:22+00:00","dateModified":"2019-10-03T19:12:02+00:00","mainEntityOfPage":{"@id":"https:\/\/www.fernandovicente.es\/en\/libro-ilustrado-en\/invitacion-presentacion-espiritus-de-nueva-york\/"},"wordCount":243,"publisher":{"@id":"https:\/\/www.fernandovicente.es\/en\/#\/schema\/person\/d49677cb48f2ea656b28261dd8f75d7f"},"image":{"@id":"https:\/\/www.fernandovicente.es\/en\/libro-ilustrado-en\/invitacion-presentacion-espiritus-de-nueva-york\/#primaryimage"},"thumbnailUrl":"https:\/\/www.fernandovicente.es\/wp-content\/uploads\/2019\/10\/Invitacio\u0301n_1200x1200_Espi\u0301ritus-de-Nueva-York_Lunwerg.jpg","keywords":["Espiritus de Nueva York","libro ilustrado","Nueva York","panta Rhei","Personajes miticos","Presentacion"],"articleSection":["illustrated boook"],"inLanguage":"en-US"},{"@type":"WebPage","@id":"https:\/\/www.fernandovicente.es\/en\/libro-ilustrado-en\/invitacion-presentacion-espiritus-de-nueva-york\/","url":"https:\/\/www.fernandovicente.es\/en\/libro-ilustrado-en\/invitacion-presentacion-espiritus-de-nueva-york\/","name":"Invitacion Presentaci\u00f3n Esp\u00edritus de Nueva York - Fernando Vicente","isPartOf":{"@id":"https:\/\/www.fernandovicente.es\/en\/#website"},"primaryImageOfPage":{"@id":"https:\/\/www.fernandovicente.es\/en\/libro-ilustrado-en\/invitacion-presentacion-espiritus-de-nueva-york\/#primaryimage"},"image":{"@id":"https:\/\/www.fernandovicente.es\/en\/libro-ilustrado-en\/invitacion-presentacion-espiritus-de-nueva-york\/#primaryimage"},"thumbnailUrl":"https:\/\/www.fernandovicente.es\/wp-content\/uploads\/2019\/10\/Invitacio\u0301n_1200x1200_Espi\u0301ritus-de-Nueva-York_Lunwerg.jpg","datePublished":"2019-10-03T19:05:22+00:00","dateModified":"2019-10-03T19:12:02+00:00","description":"Invitacion a la Presentaci\u00f3n del libro Esp\u00edritus de Nueva York junto con Alberto Gil - Miercoles 9 de octubre en Panta Rhei a las 19:30 Editorial Lunwerg","breadcrumb":{"@id":"https:\/\/www.fernandovicente.es\/en\/libro-ilustrado-en\/invitacion-presentacion-espiritus-de-nueva-york\/#breadcrumb"},"inLanguage":"en-US","potentialAction":[{"@type":"ReadAction","target":["https:\/\/www.fernandovicente.es\/en\/libro-ilustrado-en\/invitacion-presentacion-espiritus-de-nueva-york\/"]}]},{"@type":"ImageObject","inLanguage":"en-US","@id":"https:\/\/www.fernandovicente.es\/en\/libro-ilustrado-en\/invitacion-presentacion-espiritus-de-nueva-york\/#primaryimage","url":"https:\/\/www.fernandovicente.es\/wp-content\/uploads\/2019\/10\/Invitacio\u0301n_1200x1200_Espi\u0301ritus-de-Nueva-York_Lunwerg.jpg","contentUrl":"https:\/\/www.fernandovicente.es\/wp-content\/uploads\/2019\/10\/Invitacio\u0301n_1200x1200_Espi\u0301ritus-de-Nueva-York_Lunwerg.jpg","width":1200,"height":1200,"caption":"Invitacio\u0301n Espi\u0301ritus de Nueva York Lunwerg Dia 9 de Octubre en Panta Rhei a las 19:30"},{"@type":"BreadcrumbList","@id":"https:\/\/www.fernandovicente.es\/en\/libro-ilustrado-en\/invitacion-presentacion-espiritus-de-nueva-york\/#breadcrumb","itemListElement":[{"@type":"ListItem","position":1,"name":"Portada","item":"https:\/\/www.fernandovicente.es\/en\/"},{"@type":"ListItem","position":2,"name":"Invitacion Presentaci\u00f3n Esp\u00edritus de Nueva York"}]},{"@type":"WebSite","@id":"https:\/\/www.fernandovicente.es\/en\/#website","url":"https:\/\/www.fernandovicente.es\/en\/","name":"Fernando Vicente","description":"Ilustraci\u00f3n","publisher":{"@id":"https:\/\/www.fernandovicente.es\/en\/#\/schema\/person\/d49677cb48f2ea656b28261dd8f75d7f"},"potentialAction":[{"@type":"SearchAction","target":{"@type":"EntryPoint","urlTemplate":"https:\/\/www.fernandovicente.es\/en\/?s={search_term_string}"},"query-input":{"@type":"PropertyValueSpecification","valueRequired":true,"valueName":"search_term_string"}}],"inLanguage":"en-US"},{"@type":["Person","Organization"],"@id":"https:\/\/www.fernandovicente.es\/en\/#\/schema\/person\/d49677cb48f2ea656b28261dd8f75d7f","name":"Fernando Vicente","image":{"@type":"ImageObject","inLanguage":"en-US","@id":"https:\/\/www.fernandovicente.es\/en\/#\/schema\/person\/image\/","url":"https:\/\/www.fernandovicente.es\/wp-content\/uploads\/2014\/11\/fernando-vicente-Foto-e1419619123418.jpg","contentUrl":"https:\/\/www.fernandovicente.es\/wp-content\/uploads\/2014\/11\/fernando-vicente-Foto-e1419619123418.jpg","width":300,"height":300,"caption":"Fernando Vicente"},"logo":{"@id":"https:\/\/www.fernandovicente.es\/en\/#\/schema\/person\/image\/"},"description":"Fernando Vicente - Painter &amp; illustrator","sameAs":["http:\/\/www.fernandovicente.es","https:\/\/www.facebook.com\/FernandoVicenteIllustrator\/","https:\/\/www.instagram.com\/fvicente_illust\/","https:\/\/www.linkedin.com\/in\/fernando-vicente-97595012","https:\/\/www.pinterest.es\/FVicente_illust\/","https:\/\/x.com\/https:\/\/twitter.com\/fvicente_illust"]}]}},"_links":{"self":[{"href":"https:\/\/www.fernandovicente.es\/en\/wp-json\/wp\/v2\/posts\/8437","targetHints":{"allow":["GET"]}}],"collection":[{"href":"https:\/\/www.fernandovicente.es\/en\/wp-json\/wp\/v2\/posts"}],"about":[{"href":"https:\/\/www.fernandovicente.es\/en\/wp-json\/wp\/v2\/types\/post"}],"author":[{"embeddable":true,"href":"https:\/\/www.fernandovicente.es\/en\/wp-json\/wp\/v2\/users\/2"}],"replies":[{"embeddable":true,"href":"https:\/\/www.fernandovicente.es\/en\/wp-json\/wp\/v2\/comments?post=8437"}],"version-history":[{"count":2,"href":"https:\/\/www.fernandovicente.es\/en\/wp-json\/wp\/v2\/posts\/8437\/revisions"}],"predecessor-version":[{"id":8442,"href":"https:\/\/www.fernandovicente.es\/en\/wp-json\/wp\/v2\/posts\/8437\/revisions\/8442"}],"wp:featuredmedia":[{"embeddable":true,"href":"https:\/\/www.fernandovicente.es\/en\/wp-json\/wp\/v2\/media\/8435"}],"wp:attachment":[{"href":"https:\/\/www.fernandovicente.es\/en\/wp-json\/wp\/v2\/media?parent=8437"}],"wp:term":[{"taxonomy":"category","embeddable":true,"href":"https:\/\/www.fernandovicente.es\/en\/wp-json\/wp\/v2\/categories?post=8437"},{"taxonomy":"post_tag","embeddable":true,"href":"https:\/\/www.fernandovicente.es\/en\/wp-json\/wp\/v2\/tags?post=8437"}],"curies":[{"name":"wp","href":"https:\/\/api.w.org\/{rel}","templated":true}]}}