{"id":9823,"date":"2021-01-27T19:00:25","date_gmt":"2021-01-27T19:00:25","guid":{"rendered":"https:\/\/www.fernandovicente.es\/sin-categoria-en\/museo-del-romanticismo-ilustrado\/"},"modified":"2021-01-27T19:19:43","modified_gmt":"2021-01-27T19:19:43","slug":"museo-del-romanticismo-ilustrado","status":"publish","type":"post","link":"https:\/\/www.fernandovicente.es\/en\/museo-ilustrado-en\/museo-del-romanticismo-ilustrado\/","title":{"rendered":"Museo del Romanticismo ilustrado"},"content":{"rendered":"<h1>Museo del Romanticismo ilustrado.<\/h1>\n<p>El Museo del Romanticismo es un palacete que recrea la vida cotidiana de la alta burgues\u00eda en ese periodo.<\/p>\n<p>Se puede conocer la sociedad durante este periodo as\u00ed como los principales protagonistas de este movimiento cultural en Espa\u00f1a. Est\u00e1 situado en el centro de Madrid en la calle\u00a0San Mateo, 13. Ademas de sus magn\u00edficos salones llenos de detalles tiene un jardin encantador.<\/p>\n<p><a href=\"https:\/\/www.fernandovicente.es\/ilustracion\/museo-nacional-del-prado\/\">Otros Museos de Madrid ilustrados<\/a><\/p>\n<figure id=\"attachment_9820\" aria-describedby=\"caption-attachment-9820\" style=\"width: 1280px\" class=\"wp-caption alignnone\"><a href=\"https:\/\/www.fernandovicente.es\/wp-content\/uploads\/2021\/01\/Museo-Romanticismo-web-Fernando-Vicente.jpg\"><img loading=\"lazy\" decoding=\"async\" class=\"size-full wp-image-9820\" src=\"https:\/\/www.fernandovicente.es\/wp-content\/uploads\/2021\/01\/Museo-Romanticismo-web-Fernando-Vicente.jpg\" alt=\"Museo del Romanticismo ilustrado por Fernando Vicente\" width=\"1280\" height=\"900\" srcset=\"https:\/\/www.fernandovicente.es\/wp-content\/uploads\/2021\/01\/Museo-Romanticismo-web-Fernando-Vicente.jpg 1280w, https:\/\/www.fernandovicente.es\/wp-content\/uploads\/2021\/01\/Museo-Romanticismo-web-Fernando-Vicente-600x422.jpg 600w, https:\/\/www.fernandovicente.es\/wp-content\/uploads\/2021\/01\/Museo-Romanticismo-web-Fernando-Vicente-300x211.jpg 300w, https:\/\/www.fernandovicente.es\/wp-content\/uploads\/2021\/01\/Museo-Romanticismo-web-Fernando-Vicente-768x540.jpg 768w, https:\/\/www.fernandovicente.es\/wp-content\/uploads\/2021\/01\/Museo-Romanticismo-web-Fernando-Vicente-1024x720.jpg 1024w, https:\/\/www.fernandovicente.es\/wp-content\/uploads\/2021\/01\/Museo-Romanticismo-web-Fernando-Vicente-430x302.jpg 430w, https:\/\/www.fernandovicente.es\/wp-content\/uploads\/2021\/01\/Museo-Romanticismo-web-Fernando-Vicente-860x605.jpg 860w, https:\/\/www.fernandovicente.es\/wp-content\/uploads\/2021\/01\/Museo-Romanticismo-web-Fernando-Vicente-400x280.jpg 400w\" sizes=\"auto, (max-width: 1280px) 100vw, 1280px\" \/><\/a><figcaption id=\"caption-attachment-9820\" class=\"wp-caption-text\">Museo del Romanticismo ilustrado por <a href=\"https:\/\/fernandovicenteblog.blogspot.com\/\">Fernando Vicente<\/a><\/figcaption><\/figure>\n","protected":false},"excerpt":{"rendered":"<p>Museo del Romanticismo ilustrado. El Museo del Romanticismo es un palacete que recrea la vida cotidiana de la alta burgues\u00eda en ese periodo. Se puede&hellip;<\/p>\n","protected":false},"author":2,"featured_media":9821,"comment_status":"closed","ping_status":"closed","sticky":false,"template":"","format":"standard","meta":{"footnotes":""},"categories":[2559,166,2558],"tags":[1907,2868,2869],"class_list":["post-9823","post","type-post","status-publish","format-standard","has-post-thumbnail","hentry","category-museo-ilustrado-en","category-illustration","category-madrid-en","tag-madrid-en","tag-museo-en","tag-museo-del-romanticismo-en"],"yoast_head":"<!-- This site is optimized with the Yoast SEO plugin v26.9 - https:\/\/yoast.com\/product\/yoast-seo-wordpress\/ -->\n<title>Museo del Romanticismo ilustrado - Fernando Vicente<\/title>\n<meta name=\"description\" content=\"Museo del Romanticismo ilustrado por Fernando Vicente. El Museo es un palacete que recrea la vida cotidiana de la alta burgues\u00eda en ese periodo.\" \/>\n<meta name=\"robots\" content=\"index, follow, max-snippet:-1, max-image-preview:large, max-video-preview:-1\" \/>\n<link rel=\"canonical\" href=\"https:\/\/www.fernandovicente.es\/en\/museo-ilustrado-en\/museo-del-romanticismo-ilustrado\/\" \/>\n<meta property=\"og:locale\" content=\"en_US\" \/>\n<meta property=\"og:type\" content=\"article\" \/>\n<meta property=\"og:title\" content=\"Museo del Romanticismo ilustrado - Fernando Vicente\" \/>\n<meta property=\"og:description\" content=\"Museo del Romanticismo ilustrado por Fernando Vicente. El Museo es un palacete que recrea la vida cotidiana de la alta burgues\u00eda en ese periodo.\" \/>\n<meta property=\"og:url\" content=\"https:\/\/www.fernandovicente.es\/en\/museo-ilustrado-en\/museo-del-romanticismo-ilustrado\/\" \/>\n<meta property=\"og:site_name\" content=\"Fernando Vicente\" \/>\n<meta property=\"article:publisher\" content=\"https:\/\/www.facebook.com\/FernandoVicenteIllustrator\/\" \/>\n<meta property=\"article:author\" content=\"https:\/\/www.facebook.com\/FernandoVicenteIllustrator\/\" \/>\n<meta property=\"article:published_time\" content=\"2021-01-27T19:00:25+00:00\" \/>\n<meta property=\"article:modified_time\" content=\"2021-01-27T19:19:43+00:00\" \/>\n<meta property=\"og:image\" content=\"https:\/\/www.fernandovicente.es\/wp-content\/uploads\/2021\/01\/Museo-Romanticismo-web-Fernando-Vicente.jpg\" \/>\n\t<meta property=\"og:image:width\" content=\"1280\" \/>\n\t<meta property=\"og:image:height\" content=\"900\" \/>\n\t<meta property=\"og:image:type\" content=\"image\/jpeg\" \/>\n<meta name=\"author\" content=\"Fernando Vicente\" \/>\n<meta name=\"twitter:card\" content=\"summary_large_image\" \/>\n<meta name=\"twitter:creator\" content=\"@https:\/\/twitter.com\/fvicente_illust\" \/>\n<meta name=\"twitter:site\" content=\"@fvicente_illust\" \/>\n<meta name=\"twitter:label1\" content=\"Written by\" \/>\n\t<meta name=\"twitter:data1\" content=\"Fernando Vicente\" \/>\n<script type=\"application\/ld+json\" class=\"yoast-schema-graph\">{\"@context\":\"https:\/\/schema.org\",\"@graph\":[{\"@type\":\"Article\",\"@id\":\"https:\/\/www.fernandovicente.es\/en\/museo-ilustrado-en\/museo-del-romanticismo-ilustrado\/#article\",\"isPartOf\":{\"@id\":\"https:\/\/www.fernandovicente.es\/en\/museo-ilustrado-en\/museo-del-romanticismo-ilustrado\/\"},\"author\":{\"name\":\"Fernando Vicente\",\"@id\":\"https:\/\/www.fernandovicente.es\/en\/#\/schema\/person\/d49677cb48f2ea656b28261dd8f75d7f\"},\"headline\":\"Museo del Romanticismo ilustrado\",\"datePublished\":\"2021-01-27T19:00:25+00:00\",\"dateModified\":\"2021-01-27T19:19:43+00:00\",\"mainEntityOfPage\":{\"@id\":\"https:\/\/www.fernandovicente.es\/en\/museo-ilustrado-en\/museo-del-romanticismo-ilustrado\/\"},\"wordCount\":92,\"publisher\":{\"@id\":\"https:\/\/www.fernandovicente.es\/en\/#\/schema\/person\/d49677cb48f2ea656b28261dd8f75d7f\"},\"image\":{\"@id\":\"https:\/\/www.fernandovicente.es\/en\/museo-ilustrado-en\/museo-del-romanticismo-ilustrado\/#primaryimage\"},\"thumbnailUrl\":\"https:\/\/www.fernandovicente.es\/wp-content\/uploads\/2021\/01\/Museo-Romanticismo-web-Fernando-Vicente.jpg\",\"keywords\":[\"Madrid\",\"Museo\",\"Museo del Romanticismo\"],\"articleSection\":[\"Illustrated Museum\",\"Illustration\",\"Madrid\"],\"inLanguage\":\"en-US\"},{\"@type\":\"WebPage\",\"@id\":\"https:\/\/www.fernandovicente.es\/en\/museo-ilustrado-en\/museo-del-romanticismo-ilustrado\/\",\"url\":\"https:\/\/www.fernandovicente.es\/en\/museo-ilustrado-en\/museo-del-romanticismo-ilustrado\/\",\"name\":\"Museo del Romanticismo ilustrado - Fernando Vicente\",\"isPartOf\":{\"@id\":\"https:\/\/www.fernandovicente.es\/en\/#website\"},\"primaryImageOfPage\":{\"@id\":\"https:\/\/www.fernandovicente.es\/en\/museo-ilustrado-en\/museo-del-romanticismo-ilustrado\/#primaryimage\"},\"image\":{\"@id\":\"https:\/\/www.fernandovicente.es\/en\/museo-ilustrado-en\/museo-del-romanticismo-ilustrado\/#primaryimage\"},\"thumbnailUrl\":\"https:\/\/www.fernandovicente.es\/wp-content\/uploads\/2021\/01\/Museo-Romanticismo-web-Fernando-Vicente.jpg\",\"datePublished\":\"2021-01-27T19:00:25+00:00\",\"dateModified\":\"2021-01-27T19:19:43+00:00\",\"description\":\"Museo del Romanticismo ilustrado por Fernando Vicente. El Museo es un palacete que recrea la vida cotidiana de la alta burgues\u00eda en ese periodo.\",\"breadcrumb\":{\"@id\":\"https:\/\/www.fernandovicente.es\/en\/museo-ilustrado-en\/museo-del-romanticismo-ilustrado\/#breadcrumb\"},\"inLanguage\":\"en-US\",\"potentialAction\":[{\"@type\":\"ReadAction\",\"target\":[\"https:\/\/www.fernandovicente.es\/en\/museo-ilustrado-en\/museo-del-romanticismo-ilustrado\/\"]}]},{\"@type\":\"ImageObject\",\"inLanguage\":\"en-US\",\"@id\":\"https:\/\/www.fernandovicente.es\/en\/museo-ilustrado-en\/museo-del-romanticismo-ilustrado\/#primaryimage\",\"url\":\"https:\/\/www.fernandovicente.es\/wp-content\/uploads\/2021\/01\/Museo-Romanticismo-web-Fernando-Vicente.jpg\",\"contentUrl\":\"https:\/\/www.fernandovicente.es\/wp-content\/uploads\/2021\/01\/Museo-Romanticismo-web-Fernando-Vicente.jpg\",\"width\":1280,\"height\":900,\"caption\":\"Museo del Romanticismo ilustrado por Fernando Vicente\"},{\"@type\":\"BreadcrumbList\",\"@id\":\"https:\/\/www.fernandovicente.es\/en\/museo-ilustrado-en\/museo-del-romanticismo-ilustrado\/#breadcrumb\",\"itemListElement\":[{\"@type\":\"ListItem\",\"position\":1,\"name\":\"Portada\",\"item\":\"https:\/\/www.fernandovicente.es\/en\/\"},{\"@type\":\"ListItem\",\"position\":2,\"name\":\"Museo del Romanticismo ilustrado\"}]},{\"@type\":\"WebSite\",\"@id\":\"https:\/\/www.fernandovicente.es\/en\/#website\",\"url\":\"https:\/\/www.fernandovicente.es\/en\/\",\"name\":\"Fernando Vicente\",\"description\":\"Ilustraci\u00f3n\",\"publisher\":{\"@id\":\"https:\/\/www.fernandovicente.es\/en\/#\/schema\/person\/d49677cb48f2ea656b28261dd8f75d7f\"},\"potentialAction\":[{\"@type\":\"SearchAction\",\"target\":{\"@type\":\"EntryPoint\",\"urlTemplate\":\"https:\/\/www.fernandovicente.es\/en\/?s={search_term_string}\"},\"query-input\":{\"@type\":\"PropertyValueSpecification\",\"valueRequired\":true,\"valueName\":\"search_term_string\"}}],\"inLanguage\":\"en-US\"},{\"@type\":[\"Person\",\"Organization\"],\"@id\":\"https:\/\/www.fernandovicente.es\/en\/#\/schema\/person\/d49677cb48f2ea656b28261dd8f75d7f\",\"name\":\"Fernando Vicente\",\"image\":{\"@type\":\"ImageObject\",\"inLanguage\":\"en-US\",\"@id\":\"https:\/\/www.fernandovicente.es\/en\/#\/schema\/person\/image\/\",\"url\":\"https:\/\/www.fernandovicente.es\/wp-content\/uploads\/2014\/11\/fernando-vicente-Foto-e1419619123418.jpg\",\"contentUrl\":\"https:\/\/www.fernandovicente.es\/wp-content\/uploads\/2014\/11\/fernando-vicente-Foto-e1419619123418.jpg\",\"width\":300,\"height\":300,\"caption\":\"Fernando Vicente\"},\"logo\":{\"@id\":\"https:\/\/www.fernandovicente.es\/en\/#\/schema\/person\/image\/\"},\"description\":\"Fernando Vicente - Painter &amp; illustrator\",\"sameAs\":[\"http:\/\/www.fernandovicente.es\",\"https:\/\/www.facebook.com\/FernandoVicenteIllustrator\/\",\"https:\/\/www.instagram.com\/fvicente_illust\/\",\"https:\/\/www.linkedin.com\/in\/fernando-vicente-97595012\",\"https:\/\/www.pinterest.es\/FVicente_illust\/\",\"https:\/\/x.com\/https:\/\/twitter.com\/fvicente_illust\"]}]}<\/script>\n<!-- \/ Yoast SEO plugin. -->","yoast_head_json":{"title":"Museo del Romanticismo ilustrado - Fernando Vicente","description":"Museo del Romanticismo ilustrado por Fernando Vicente. El Museo es un palacete que recrea la vida cotidiana de la alta burgues\u00eda en ese periodo.","robots":{"index":"index","follow":"follow","max-snippet":"max-snippet:-1","max-image-preview":"max-image-preview:large","max-video-preview":"max-video-preview:-1"},"canonical":"https:\/\/www.fernandovicente.es\/en\/museo-ilustrado-en\/museo-del-romanticismo-ilustrado\/","og_locale":"en_US","og_type":"article","og_title":"Museo del Romanticismo ilustrado - Fernando Vicente","og_description":"Museo del Romanticismo ilustrado por Fernando Vicente. El Museo es un palacete que recrea la vida cotidiana de la alta burgues\u00eda en ese periodo.","og_url":"https:\/\/www.fernandovicente.es\/en\/museo-ilustrado-en\/museo-del-romanticismo-ilustrado\/","og_site_name":"Fernando Vicente","article_publisher":"https:\/\/www.facebook.com\/FernandoVicenteIllustrator\/","article_author":"https:\/\/www.facebook.com\/FernandoVicenteIllustrator\/","article_published_time":"2021-01-27T19:00:25+00:00","article_modified_time":"2021-01-27T19:19:43+00:00","og_image":[{"width":1280,"height":900,"url":"https:\/\/www.fernandovicente.es\/wp-content\/uploads\/2021\/01\/Museo-Romanticismo-web-Fernando-Vicente.jpg","type":"image\/jpeg"}],"author":"Fernando Vicente","twitter_card":"summary_large_image","twitter_creator":"@https:\/\/twitter.com\/fvicente_illust","twitter_site":"@fvicente_illust","twitter_misc":{"Written by":"Fernando Vicente"},"schema":{"@context":"https:\/\/schema.org","@graph":[{"@type":"Article","@id":"https:\/\/www.fernandovicente.es\/en\/museo-ilustrado-en\/museo-del-romanticismo-ilustrado\/#article","isPartOf":{"@id":"https:\/\/www.fernandovicente.es\/en\/museo-ilustrado-en\/museo-del-romanticismo-ilustrado\/"},"author":{"name":"Fernando Vicente","@id":"https:\/\/www.fernandovicente.es\/en\/#\/schema\/person\/d49677cb48f2ea656b28261dd8f75d7f"},"headline":"Museo del Romanticismo ilustrado","datePublished":"2021-01-27T19:00:25+00:00","dateModified":"2021-01-27T19:19:43+00:00","mainEntityOfPage":{"@id":"https:\/\/www.fernandovicente.es\/en\/museo-ilustrado-en\/museo-del-romanticismo-ilustrado\/"},"wordCount":92,"publisher":{"@id":"https:\/\/www.fernandovicente.es\/en\/#\/schema\/person\/d49677cb48f2ea656b28261dd8f75d7f"},"image":{"@id":"https:\/\/www.fernandovicente.es\/en\/museo-ilustrado-en\/museo-del-romanticismo-ilustrado\/#primaryimage"},"thumbnailUrl":"https:\/\/www.fernandovicente.es\/wp-content\/uploads\/2021\/01\/Museo-Romanticismo-web-Fernando-Vicente.jpg","keywords":["Madrid","Museo","Museo del Romanticismo"],"articleSection":["Illustrated Museum","Illustration","Madrid"],"inLanguage":"en-US"},{"@type":"WebPage","@id":"https:\/\/www.fernandovicente.es\/en\/museo-ilustrado-en\/museo-del-romanticismo-ilustrado\/","url":"https:\/\/www.fernandovicente.es\/en\/museo-ilustrado-en\/museo-del-romanticismo-ilustrado\/","name":"Museo del Romanticismo ilustrado - Fernando Vicente","isPartOf":{"@id":"https:\/\/www.fernandovicente.es\/en\/#website"},"primaryImageOfPage":{"@id":"https:\/\/www.fernandovicente.es\/en\/museo-ilustrado-en\/museo-del-romanticismo-ilustrado\/#primaryimage"},"image":{"@id":"https:\/\/www.fernandovicente.es\/en\/museo-ilustrado-en\/museo-del-romanticismo-ilustrado\/#primaryimage"},"thumbnailUrl":"https:\/\/www.fernandovicente.es\/wp-content\/uploads\/2021\/01\/Museo-Romanticismo-web-Fernando-Vicente.jpg","datePublished":"2021-01-27T19:00:25+00:00","dateModified":"2021-01-27T19:19:43+00:00","description":"Museo del Romanticismo ilustrado por Fernando Vicente. El Museo es un palacete que recrea la vida cotidiana de la alta burgues\u00eda en ese periodo.","breadcrumb":{"@id":"https:\/\/www.fernandovicente.es\/en\/museo-ilustrado-en\/museo-del-romanticismo-ilustrado\/#breadcrumb"},"inLanguage":"en-US","potentialAction":[{"@type":"ReadAction","target":["https:\/\/www.fernandovicente.es\/en\/museo-ilustrado-en\/museo-del-romanticismo-ilustrado\/"]}]},{"@type":"ImageObject","inLanguage":"en-US","@id":"https:\/\/www.fernandovicente.es\/en\/museo-ilustrado-en\/museo-del-romanticismo-ilustrado\/#primaryimage","url":"https:\/\/www.fernandovicente.es\/wp-content\/uploads\/2021\/01\/Museo-Romanticismo-web-Fernando-Vicente.jpg","contentUrl":"https:\/\/www.fernandovicente.es\/wp-content\/uploads\/2021\/01\/Museo-Romanticismo-web-Fernando-Vicente.jpg","width":1280,"height":900,"caption":"Museo del Romanticismo ilustrado por Fernando Vicente"},{"@type":"BreadcrumbList","@id":"https:\/\/www.fernandovicente.es\/en\/museo-ilustrado-en\/museo-del-romanticismo-ilustrado\/#breadcrumb","itemListElement":[{"@type":"ListItem","position":1,"name":"Portada","item":"https:\/\/www.fernandovicente.es\/en\/"},{"@type":"ListItem","position":2,"name":"Museo del Romanticismo ilustrado"}]},{"@type":"WebSite","@id":"https:\/\/www.fernandovicente.es\/en\/#website","url":"https:\/\/www.fernandovicente.es\/en\/","name":"Fernando Vicente","description":"Ilustraci\u00f3n","publisher":{"@id":"https:\/\/www.fernandovicente.es\/en\/#\/schema\/person\/d49677cb48f2ea656b28261dd8f75d7f"},"potentialAction":[{"@type":"SearchAction","target":{"@type":"EntryPoint","urlTemplate":"https:\/\/www.fernandovicente.es\/en\/?s={search_term_string}"},"query-input":{"@type":"PropertyValueSpecification","valueRequired":true,"valueName":"search_term_string"}}],"inLanguage":"en-US"},{"@type":["Person","Organization"],"@id":"https:\/\/www.fernandovicente.es\/en\/#\/schema\/person\/d49677cb48f2ea656b28261dd8f75d7f","name":"Fernando Vicente","image":{"@type":"ImageObject","inLanguage":"en-US","@id":"https:\/\/www.fernandovicente.es\/en\/#\/schema\/person\/image\/","url":"https:\/\/www.fernandovicente.es\/wp-content\/uploads\/2014\/11\/fernando-vicente-Foto-e1419619123418.jpg","contentUrl":"https:\/\/www.fernandovicente.es\/wp-content\/uploads\/2014\/11\/fernando-vicente-Foto-e1419619123418.jpg","width":300,"height":300,"caption":"Fernando Vicente"},"logo":{"@id":"https:\/\/www.fernandovicente.es\/en\/#\/schema\/person\/image\/"},"description":"Fernando Vicente - Painter &amp; illustrator","sameAs":["http:\/\/www.fernandovicente.es","https:\/\/www.facebook.com\/FernandoVicenteIllustrator\/","https:\/\/www.instagram.com\/fvicente_illust\/","https:\/\/www.linkedin.com\/in\/fernando-vicente-97595012","https:\/\/www.pinterest.es\/FVicente_illust\/","https:\/\/x.com\/https:\/\/twitter.com\/fvicente_illust"]}]}},"_links":{"self":[{"href":"https:\/\/www.fernandovicente.es\/en\/wp-json\/wp\/v2\/posts\/9823","targetHints":{"allow":["GET"]}}],"collection":[{"href":"https:\/\/www.fernandovicente.es\/en\/wp-json\/wp\/v2\/posts"}],"about":[{"href":"https:\/\/www.fernandovicente.es\/en\/wp-json\/wp\/v2\/types\/post"}],"author":[{"embeddable":true,"href":"https:\/\/www.fernandovicente.es\/en\/wp-json\/wp\/v2\/users\/2"}],"replies":[{"embeddable":true,"href":"https:\/\/www.fernandovicente.es\/en\/wp-json\/wp\/v2\/comments?post=9823"}],"version-history":[{"count":1,"href":"https:\/\/www.fernandovicente.es\/en\/wp-json\/wp\/v2\/posts\/9823\/revisions"}],"predecessor-version":[{"id":9824,"href":"https:\/\/www.fernandovicente.es\/en\/wp-json\/wp\/v2\/posts\/9823\/revisions\/9824"}],"wp:featuredmedia":[{"embeddable":true,"href":"https:\/\/www.fernandovicente.es\/en\/wp-json\/wp\/v2\/media\/9821"}],"wp:attachment":[{"href":"https:\/\/www.fernandovicente.es\/en\/wp-json\/wp\/v2\/media?parent=9823"}],"wp:term":[{"taxonomy":"category","embeddable":true,"href":"https:\/\/www.fernandovicente.es\/en\/wp-json\/wp\/v2\/categories?post=9823"},{"taxonomy":"post_tag","embeddable":true,"href":"https:\/\/www.fernandovicente.es\/en\/wp-json\/wp\/v2\/tags?post=9823"}],"curies":[{"name":"wp","href":"https:\/\/api.w.org\/{rel}","templated":true}]}}