{"id":9980,"date":"2021-04-01T17:33:51","date_gmt":"2021-04-01T17:33:51","guid":{"rendered":"https:\/\/www.fernandovicente.es\/sin-categoria-en\/el-ultimo-romantico\/"},"modified":"2021-04-01T17:35:01","modified_gmt":"2021-04-01T17:35:01","slug":"el-ultimo-romantico","status":"publish","type":"post","link":"https:\/\/www.fernandovicente.es\/en\/wuthering-heights-en\/el-ultimo-romantico\/","title":{"rendered":"El \u00faltimo Rom\u00e1ntico"},"content":{"rendered":"<h1>El \u00faltimo Rom\u00e1ntico<\/h1>\n<p>El \u00faltimo Rom\u00e1ntico es una exposici\u00f3n de las ilustraciones de mis libros ilustrados: Madame Bovary, Frankenstein, Beethoven un m\u00fasico sobre un mar de nubes, Mansfield Park, Cumbres Borrascosas y Dr\u00e1cula en la Libreria Amapolas en Octubre de la calle Pelayo.<\/p>\n<figure id=\"attachment_9977\" aria-describedby=\"caption-attachment-9977\" style=\"width: 900px\" class=\"wp-caption alignnone\"><a href=\"https:\/\/www.fernandovicente.es\/wp-content\/uploads\/2021\/04\/El-u\u0301ltimo-Roma\u0301ntico-fernando-Vicente-web.jpg\"><img loading=\"lazy\" decoding=\"async\" class=\"wp-image-9977 size-full\" title=\"El \u00faltimo Rom\u00e1ntico\" src=\"https:\/\/www.fernandovicente.es\/wp-content\/uploads\/2021\/04\/El-u\u0301ltimo-Roma\u0301ntico-fernando-Vicente-web.jpg\" alt=\"El \u00faltimo Rom\u00e1ntico Fernando Vicente\" width=\"900\" height=\"900\" srcset=\"https:\/\/www.fernandovicente.es\/wp-content\/uploads\/2021\/04\/El-u\u0301ltimo-Roma\u0301ntico-fernando-Vicente-web.jpg 900w, https:\/\/www.fernandovicente.es\/wp-content\/uploads\/2021\/04\/El-u\u0301ltimo-Roma\u0301ntico-fernando-Vicente-web-100x100.jpg 100w, https:\/\/www.fernandovicente.es\/wp-content\/uploads\/2021\/04\/El-u\u0301ltimo-Roma\u0301ntico-fernando-Vicente-web-600x600.jpg 600w, https:\/\/www.fernandovicente.es\/wp-content\/uploads\/2021\/04\/El-u\u0301ltimo-Roma\u0301ntico-fernando-Vicente-web-150x150.jpg 150w, https:\/\/www.fernandovicente.es\/wp-content\/uploads\/2021\/04\/El-u\u0301ltimo-Roma\u0301ntico-fernando-Vicente-web-300x300.jpg 300w, https:\/\/www.fernandovicente.es\/wp-content\/uploads\/2021\/04\/El-u\u0301ltimo-Roma\u0301ntico-fernando-Vicente-web-768x768.jpg 768w, https:\/\/www.fernandovicente.es\/wp-content\/uploads\/2021\/04\/El-u\u0301ltimo-Roma\u0301ntico-fernando-Vicente-web-430x430.jpg 430w, https:\/\/www.fernandovicente.es\/wp-content\/uploads\/2021\/04\/El-u\u0301ltimo-Roma\u0301ntico-fernando-Vicente-web-860x860.jpg 860w\" sizes=\"auto, (max-width: 900px) 100vw, 900px\" \/><\/a><figcaption id=\"caption-attachment-9977\" class=\"wp-caption-text\">El u\u0301ltimo Roma\u0301ntico Fernando Vicente<\/figcaption><\/figure>\n<p><a href=\"https:\/\/www.fernandovicente.es\/en\/books-illustrated\/book-wuthering-heights-emily-bronte\/\"><img loading=\"lazy\" decoding=\"async\" class=\"alignnone size-full wp-image-4663\" src=\"https:\/\/www.fernandovicente.es\/wp-content\/uploads\/2016\/04\/Cumbres-Borrascosas-Fernando-Vicente.jpg\" alt=\"\" width=\"598\" height=\"761\" \/><\/a><\/p>\n<figure id=\"attachment_2920\" aria-describedby=\"caption-attachment-2920\" style=\"width: 601px\" class=\"wp-caption alignnone\"><a href=\"https:\/\/www.fernandovicente.es\/en\/books-illustrated\/book-mansfield-park\/\"><img loading=\"lazy\" decoding=\"async\" class=\"size-full wp-image-2920\" src=\"https:\/\/www.fernandovicente.es\/wp-content\/uploads\/2014\/11\/mansfield-park.jpg\" alt=\"Mansfield Park, de Jane Austen Fernando Vicente\" width=\"601\" height=\"868\" \/><\/a><figcaption id=\"caption-attachment-2920\" class=\"wp-caption-text\">Mansfield Park, de Jane Austen Fernando Vicente<\/figcaption><\/figure>\n<figure id=\"attachment_2915\" aria-describedby=\"caption-attachment-2915\" style=\"width: 707px\" class=\"wp-caption alignnone\"><a href=\"https:\/\/www.fernandovicente.es\/en\/books-illustrated\/book-dracula-bram-stoker\/\"><img loading=\"lazy\" decoding=\"async\" class=\"size-full wp-image-2915\" src=\"https:\/\/www.fernandovicente.es\/wp-content\/uploads\/2014\/11\/Dracula-Bram-Stoker-Fernando-Vicente2.jpg\" alt=\"Portada Dracula Fernando Vicente\" width=\"707\" height=\"1000\" srcset=\"https:\/\/www.fernandovicente.es\/wp-content\/uploads\/2014\/11\/Dracula-Bram-Stoker-Fernando-Vicente2.jpg 707w, https:\/\/www.fernandovicente.es\/wp-content\/uploads\/2014\/11\/Dracula-Bram-Stoker-Fernando-Vicente2-600x849.jpg 600w\" sizes=\"auto, (max-width: 707px) 100vw, 707px\" \/><\/a><figcaption id=\"caption-attachment-2915\" class=\"wp-caption-text\">Portada Dracula Fernando Vicente<\/figcaption><\/figure>\n<figure id=\"attachment_9615\" aria-describedby=\"caption-attachment-9615\" style=\"width: 684px\" class=\"wp-caption alignnone\"><a href=\"https:\/\/treshermanaslibros.com\/libro\/madame-bovary\/\"><img loading=\"lazy\" decoding=\"async\" class=\"size-full wp-image-9615\" src=\"https:\/\/www.fernandovicente.es\/wp-content\/uploads\/2021\/01\/Madame-Bovary-Portada-Fernando-Vicente-web.jpg\" alt=\"Madame Bovary-prints Gustave Flaubert Fernando Vicente\" width=\"684\" height=\"900\" srcset=\"https:\/\/www.fernandovicente.es\/wp-content\/uploads\/2021\/01\/Madame-Bovary-Portada-Fernando-Vicente-web.jpg 684w, https:\/\/www.fernandovicente.es\/wp-content\/uploads\/2021\/01\/Madame-Bovary-Portada-Fernando-Vicente-web-600x789.jpg 600w, https:\/\/www.fernandovicente.es\/wp-content\/uploads\/2021\/01\/Madame-Bovary-Portada-Fernando-Vicente-web-228x300.jpg 228w, https:\/\/www.fernandovicente.es\/wp-content\/uploads\/2021\/01\/Madame-Bovary-Portada-Fernando-Vicente-web-430x566.jpg 430w\" sizes=\"auto, (max-width: 684px) 100vw, 684px\" \/><\/a><figcaption id=\"caption-attachment-9615\" class=\"wp-caption-text\">Madame Bovary<br \/>Gustave Flaubert<br \/>Fernando Vicente<\/figcaption><\/figure>\n<figure id=\"attachment_9617\" aria-describedby=\"caption-attachment-9617\" style=\"width: 632px\" class=\"wp-caption alignnone\"><a href=\"https:\/\/www.planetadelibros.com\/libro-frankenstein\/320753\"><img loading=\"lazy\" decoding=\"async\" class=\"size-full wp-image-9617\" src=\"https:\/\/www.fernandovicente.es\/wp-content\/uploads\/2021\/01\/2000px_fictici-portada-frankenstein_2.jpg\" alt=\"Frankenstein, de Mary Shelley, Lunwerg Editores. Fernando Vicente\" width=\"632\" height=\"900\" srcset=\"https:\/\/www.fernandovicente.es\/wp-content\/uploads\/2021\/01\/2000px_fictici-portada-frankenstein_2.jpg 632w, https:\/\/www.fernandovicente.es\/wp-content\/uploads\/2021\/01\/2000px_fictici-portada-frankenstein_2-600x854.jpg 600w, https:\/\/www.fernandovicente.es\/wp-content\/uploads\/2021\/01\/2000px_fictici-portada-frankenstein_2-211x300.jpg 211w, https:\/\/www.fernandovicente.es\/wp-content\/uploads\/2021\/01\/2000px_fictici-portada-frankenstein_2-430x612.jpg 430w\" sizes=\"auto, (max-width: 632px) 100vw, 632px\" \/><\/a><figcaption id=\"caption-attachment-9617\" class=\"wp-caption-text\">Frankenstein, de Mary Shelley, Lunwerg Editores.<br \/>Fernando Vicente<\/figcaption><\/figure>\n<figure id=\"attachment_9619\" aria-describedby=\"caption-attachment-9619\" style=\"width: 604px\" class=\"wp-caption alignnone\"><a href=\"https:\/\/www.penguinlibros.com\/es\/comic\/11873-beethoven-un-musico-sobre-un-mar-de-nubes-9788417247812\"><img loading=\"lazy\" decoding=\"async\" class=\"size-full wp-image-9619\" src=\"https:\/\/www.fernandovicente.es\/wp-content\/uploads\/2021\/01\/Portada-Beethoven.jpg\" alt=\"Beethoven. Un m\u00fasico sobre un mar de nubes, de Ram\u00f3n Gener Sala, Random C\u00f3mic\" width=\"604\" height=\"754\" srcset=\"https:\/\/www.fernandovicente.es\/wp-content\/uploads\/2021\/01\/Portada-Beethoven.jpg 604w, https:\/\/www.fernandovicente.es\/wp-content\/uploads\/2021\/01\/Portada-Beethoven-600x750.jpg 600w, https:\/\/www.fernandovicente.es\/wp-content\/uploads\/2021\/01\/Portada-Beethoven-240x300.jpg 240w, https:\/\/www.fernandovicente.es\/wp-content\/uploads\/2021\/01\/Portada-Beethoven-430x537.jpg 430w, https:\/\/www.fernandovicente.es\/wp-content\/uploads\/2021\/01\/Portada-Beethoven-300x375.jpg 300w, https:\/\/www.fernandovicente.es\/wp-content\/uploads\/2021\/01\/Portada-Beethoven-500x625.jpg 500w\" sizes=\"auto, (max-width: 604px) 100vw, 604px\" \/><\/a><figcaption id=\"caption-attachment-9619\" class=\"wp-caption-text\">Beethoven. Un m\u00fasico sobre un mar de nubes, de Ram\u00f3n Gener Sala, Random C\u00f3mic<\/figcaption><\/figure>\n","protected":false},"excerpt":{"rendered":"<p>El \u00faltimo Rom\u00e1ntico El \u00faltimo Rom\u00e1ntico es una exposici\u00f3n de las ilustraciones de mis libros ilustrados: Madame Bovary, Frankenstein, Beethoven un m\u00fasico sobre un mar&hellip;<\/p>\n","protected":false},"author":2,"featured_media":9976,"comment_status":"closed","ping_status":"closed","sticky":false,"template":"","format":"standard","meta":{"footnotes":""},"categories":[552,2912,551,3002,3003,2984,3004,3001],"tags":[],"class_list":["post-9980","post","type-post","status-publish","format-standard","has-post-thumbnail","hentry","category-exposicion-en","category-beethoven-en","category-dracula-en","category-emily-bronte-en","category-frankenstein-en","category-madame-bovary-en","category-madame-bovary-2-en","category-wuthering-heights-en"],"yoast_head":"<!-- This site is optimized with the Yoast SEO plugin v26.9 - https:\/\/yoast.com\/product\/yoast-seo-wordpress\/ -->\n<title>El \u00faltimo Rom\u00e1ntico - Fernando Vicente Exposici\u00f3n Amapolas en Octubre<\/title>\n<meta name=\"description\" content=\"El \u00faltimo Rom\u00e1ntico Exposici\u00f3n de las ilustraciones de mis libros ilustrados: Madame Bovary, Frankenstein, Beethoven... en la Libreria Amapolas en Octubre\" \/>\n<meta name=\"robots\" content=\"index, follow, max-snippet:-1, max-image-preview:large, max-video-preview:-1\" \/>\n<link rel=\"canonical\" href=\"https:\/\/www.fernandovicente.es\/en\/wuthering-heights-en\/el-ultimo-romantico\/\" \/>\n<meta property=\"og:locale\" content=\"en_US\" \/>\n<meta property=\"og:type\" content=\"article\" \/>\n<meta property=\"og:title\" content=\"El \u00faltimo Rom\u00e1ntico - Fernando Vicente Exposici\u00f3n Amapolas en Octubre\" \/>\n<meta property=\"og:description\" content=\"El \u00faltimo Rom\u00e1ntico Exposici\u00f3n de las ilustraciones de mis libros ilustrados: Madame Bovary, Frankenstein, Beethoven... en la Libreria Amapolas en Octubre\" \/>\n<meta property=\"og:url\" content=\"https:\/\/www.fernandovicente.es\/en\/wuthering-heights-en\/el-ultimo-romantico\/\" \/>\n<meta property=\"og:site_name\" content=\"Fernando Vicente\" \/>\n<meta property=\"article:publisher\" content=\"https:\/\/www.facebook.com\/FernandoVicenteIllustrator\/\" \/>\n<meta property=\"article:author\" content=\"https:\/\/www.facebook.com\/FernandoVicenteIllustrator\/\" \/>\n<meta property=\"article:published_time\" content=\"2021-04-01T17:33:51+00:00\" \/>\n<meta property=\"article:modified_time\" content=\"2021-04-01T17:35:01+00:00\" \/>\n<meta property=\"og:image\" content=\"https:\/\/www.fernandovicente.es\/wp-content\/uploads\/2021\/04\/El-u\u0301ltimo-Roma\u0301ntico-fernando-Vicente.jpg\" \/>\n\t<meta property=\"og:image:width\" content=\"1297\" \/>\n\t<meta property=\"og:image:height\" content=\"900\" \/>\n\t<meta property=\"og:image:type\" content=\"image\/jpeg\" \/>\n<meta name=\"author\" content=\"Fernando Vicente\" \/>\n<meta name=\"twitter:card\" content=\"summary_large_image\" \/>\n<meta name=\"twitter:creator\" content=\"@https:\/\/twitter.com\/fvicente_illust\" \/>\n<meta name=\"twitter:site\" content=\"@fvicente_illust\" \/>\n<meta name=\"twitter:label1\" content=\"Written by\" \/>\n\t<meta name=\"twitter:data1\" content=\"Fernando Vicente\" \/>\n\t<meta name=\"twitter:label2\" content=\"Est. reading time\" \/>\n\t<meta name=\"twitter:data2\" content=\"1 minute\" \/>\n<script type=\"application\/ld+json\" class=\"yoast-schema-graph\">{\"@context\":\"https:\/\/schema.org\",\"@graph\":[{\"@type\":\"Article\",\"@id\":\"https:\/\/www.fernandovicente.es\/en\/wuthering-heights-en\/el-ultimo-romantico\/#article\",\"isPartOf\":{\"@id\":\"https:\/\/www.fernandovicente.es\/en\/wuthering-heights-en\/el-ultimo-romantico\/\"},\"author\":{\"name\":\"Fernando Vicente\",\"@id\":\"https:\/\/www.fernandovicente.es\/en\/#\/schema\/person\/d49677cb48f2ea656b28261dd8f75d7f\"},\"headline\":\"El \u00faltimo Rom\u00e1ntico\",\"datePublished\":\"2021-04-01T17:33:51+00:00\",\"dateModified\":\"2021-04-01T17:35:01+00:00\",\"mainEntityOfPage\":{\"@id\":\"https:\/\/www.fernandovicente.es\/en\/wuthering-heights-en\/el-ultimo-romantico\/\"},\"wordCount\":141,\"publisher\":{\"@id\":\"https:\/\/www.fernandovicente.es\/en\/#\/schema\/person\/d49677cb48f2ea656b28261dd8f75d7f\"},\"image\":{\"@id\":\"https:\/\/www.fernandovicente.es\/en\/wuthering-heights-en\/el-ultimo-romantico\/#primaryimage\"},\"thumbnailUrl\":\"https:\/\/www.fernandovicente.es\/wp-content\/uploads\/2021\/04\/El-u\u0301ltimo-Roma\u0301ntico-fernando-Vicente.jpg\",\"articleSection\":[\"Art exhibitions\",\"Beethoven\",\"Dracula\",\"Emily Bronte\",\"Frankenstein\",\"Madame Bovary\",\"Madame Bovary\",\"wuthering heights\"],\"inLanguage\":\"en-US\"},{\"@type\":\"WebPage\",\"@id\":\"https:\/\/www.fernandovicente.es\/en\/wuthering-heights-en\/el-ultimo-romantico\/\",\"url\":\"https:\/\/www.fernandovicente.es\/en\/wuthering-heights-en\/el-ultimo-romantico\/\",\"name\":\"El \u00faltimo Rom\u00e1ntico - Fernando Vicente Exposici\u00f3n Amapolas en Octubre\",\"isPartOf\":{\"@id\":\"https:\/\/www.fernandovicente.es\/en\/#website\"},\"primaryImageOfPage\":{\"@id\":\"https:\/\/www.fernandovicente.es\/en\/wuthering-heights-en\/el-ultimo-romantico\/#primaryimage\"},\"image\":{\"@id\":\"https:\/\/www.fernandovicente.es\/en\/wuthering-heights-en\/el-ultimo-romantico\/#primaryimage\"},\"thumbnailUrl\":\"https:\/\/www.fernandovicente.es\/wp-content\/uploads\/2021\/04\/El-u\u0301ltimo-Roma\u0301ntico-fernando-Vicente.jpg\",\"datePublished\":\"2021-04-01T17:33:51+00:00\",\"dateModified\":\"2021-04-01T17:35:01+00:00\",\"description\":\"El \u00faltimo Rom\u00e1ntico Exposici\u00f3n de las ilustraciones de mis libros ilustrados: Madame Bovary, Frankenstein, Beethoven... en la Libreria Amapolas en Octubre\",\"breadcrumb\":{\"@id\":\"https:\/\/www.fernandovicente.es\/en\/wuthering-heights-en\/el-ultimo-romantico\/#breadcrumb\"},\"inLanguage\":\"en-US\",\"potentialAction\":[{\"@type\":\"ReadAction\",\"target\":[\"https:\/\/www.fernandovicente.es\/en\/wuthering-heights-en\/el-ultimo-romantico\/\"]}]},{\"@type\":\"ImageObject\",\"inLanguage\":\"en-US\",\"@id\":\"https:\/\/www.fernandovicente.es\/en\/wuthering-heights-en\/el-ultimo-romantico\/#primaryimage\",\"url\":\"https:\/\/www.fernandovicente.es\/wp-content\/uploads\/2021\/04\/El-u\u0301ltimo-Roma\u0301ntico-fernando-Vicente.jpg\",\"contentUrl\":\"https:\/\/www.fernandovicente.es\/wp-content\/uploads\/2021\/04\/El-u\u0301ltimo-Roma\u0301ntico-fernando-Vicente.jpg\",\"width\":1297,\"height\":900,\"caption\":\"El u\u0301ltimo Roma\u0301ntico Fernando Vicente\"},{\"@type\":\"BreadcrumbList\",\"@id\":\"https:\/\/www.fernandovicente.es\/en\/wuthering-heights-en\/el-ultimo-romantico\/#breadcrumb\",\"itemListElement\":[{\"@type\":\"ListItem\",\"position\":1,\"name\":\"Portada\",\"item\":\"https:\/\/www.fernandovicente.es\/en\/\"},{\"@type\":\"ListItem\",\"position\":2,\"name\":\"El \u00faltimo Rom\u00e1ntico\"}]},{\"@type\":\"WebSite\",\"@id\":\"https:\/\/www.fernandovicente.es\/en\/#website\",\"url\":\"https:\/\/www.fernandovicente.es\/en\/\",\"name\":\"Fernando Vicente\",\"description\":\"Ilustraci\u00f3n\",\"publisher\":{\"@id\":\"https:\/\/www.fernandovicente.es\/en\/#\/schema\/person\/d49677cb48f2ea656b28261dd8f75d7f\"},\"potentialAction\":[{\"@type\":\"SearchAction\",\"target\":{\"@type\":\"EntryPoint\",\"urlTemplate\":\"https:\/\/www.fernandovicente.es\/en\/?s={search_term_string}\"},\"query-input\":{\"@type\":\"PropertyValueSpecification\",\"valueRequired\":true,\"valueName\":\"search_term_string\"}}],\"inLanguage\":\"en-US\"},{\"@type\":[\"Person\",\"Organization\"],\"@id\":\"https:\/\/www.fernandovicente.es\/en\/#\/schema\/person\/d49677cb48f2ea656b28261dd8f75d7f\",\"name\":\"Fernando Vicente\",\"image\":{\"@type\":\"ImageObject\",\"inLanguage\":\"en-US\",\"@id\":\"https:\/\/www.fernandovicente.es\/en\/#\/schema\/person\/image\/\",\"url\":\"https:\/\/www.fernandovicente.es\/wp-content\/uploads\/2014\/11\/fernando-vicente-Foto-e1419619123418.jpg\",\"contentUrl\":\"https:\/\/www.fernandovicente.es\/wp-content\/uploads\/2014\/11\/fernando-vicente-Foto-e1419619123418.jpg\",\"width\":300,\"height\":300,\"caption\":\"Fernando Vicente\"},\"logo\":{\"@id\":\"https:\/\/www.fernandovicente.es\/en\/#\/schema\/person\/image\/\"},\"description\":\"Fernando Vicente - Painter &amp; illustrator\",\"sameAs\":[\"http:\/\/www.fernandovicente.es\",\"https:\/\/www.facebook.com\/FernandoVicenteIllustrator\/\",\"https:\/\/www.instagram.com\/fvicente_illust\/\",\"https:\/\/www.linkedin.com\/in\/fernando-vicente-97595012\",\"https:\/\/www.pinterest.es\/FVicente_illust\/\",\"https:\/\/x.com\/https:\/\/twitter.com\/fvicente_illust\"]}]}<\/script>\n<!-- \/ Yoast SEO plugin. -->","yoast_head_json":{"title":"El \u00faltimo Rom\u00e1ntico - Fernando Vicente Exposici\u00f3n Amapolas en Octubre","description":"El \u00faltimo Rom\u00e1ntico Exposici\u00f3n de las ilustraciones de mis libros ilustrados: Madame Bovary, Frankenstein, Beethoven... en la Libreria Amapolas en Octubre","robots":{"index":"index","follow":"follow","max-snippet":"max-snippet:-1","max-image-preview":"max-image-preview:large","max-video-preview":"max-video-preview:-1"},"canonical":"https:\/\/www.fernandovicente.es\/en\/wuthering-heights-en\/el-ultimo-romantico\/","og_locale":"en_US","og_type":"article","og_title":"El \u00faltimo Rom\u00e1ntico - Fernando Vicente Exposici\u00f3n Amapolas en Octubre","og_description":"El \u00faltimo Rom\u00e1ntico Exposici\u00f3n de las ilustraciones de mis libros ilustrados: Madame Bovary, Frankenstein, Beethoven... en la Libreria Amapolas en Octubre","og_url":"https:\/\/www.fernandovicente.es\/en\/wuthering-heights-en\/el-ultimo-romantico\/","og_site_name":"Fernando Vicente","article_publisher":"https:\/\/www.facebook.com\/FernandoVicenteIllustrator\/","article_author":"https:\/\/www.facebook.com\/FernandoVicenteIllustrator\/","article_published_time":"2021-04-01T17:33:51+00:00","article_modified_time":"2021-04-01T17:35:01+00:00","og_image":[{"width":1297,"height":900,"url":"https:\/\/www.fernandovicente.es\/wp-content\/uploads\/2021\/04\/El-u\u0301ltimo-Roma\u0301ntico-fernando-Vicente.jpg","type":"image\/jpeg"}],"author":"Fernando Vicente","twitter_card":"summary_large_image","twitter_creator":"@https:\/\/twitter.com\/fvicente_illust","twitter_site":"@fvicente_illust","twitter_misc":{"Written by":"Fernando Vicente","Est. reading time":"1 minute"},"schema":{"@context":"https:\/\/schema.org","@graph":[{"@type":"Article","@id":"https:\/\/www.fernandovicente.es\/en\/wuthering-heights-en\/el-ultimo-romantico\/#article","isPartOf":{"@id":"https:\/\/www.fernandovicente.es\/en\/wuthering-heights-en\/el-ultimo-romantico\/"},"author":{"name":"Fernando Vicente","@id":"https:\/\/www.fernandovicente.es\/en\/#\/schema\/person\/d49677cb48f2ea656b28261dd8f75d7f"},"headline":"El \u00faltimo Rom\u00e1ntico","datePublished":"2021-04-01T17:33:51+00:00","dateModified":"2021-04-01T17:35:01+00:00","mainEntityOfPage":{"@id":"https:\/\/www.fernandovicente.es\/en\/wuthering-heights-en\/el-ultimo-romantico\/"},"wordCount":141,"publisher":{"@id":"https:\/\/www.fernandovicente.es\/en\/#\/schema\/person\/d49677cb48f2ea656b28261dd8f75d7f"},"image":{"@id":"https:\/\/www.fernandovicente.es\/en\/wuthering-heights-en\/el-ultimo-romantico\/#primaryimage"},"thumbnailUrl":"https:\/\/www.fernandovicente.es\/wp-content\/uploads\/2021\/04\/El-u\u0301ltimo-Roma\u0301ntico-fernando-Vicente.jpg","articleSection":["Art exhibitions","Beethoven","Dracula","Emily Bronte","Frankenstein","Madame Bovary","Madame Bovary","wuthering heights"],"inLanguage":"en-US"},{"@type":"WebPage","@id":"https:\/\/www.fernandovicente.es\/en\/wuthering-heights-en\/el-ultimo-romantico\/","url":"https:\/\/www.fernandovicente.es\/en\/wuthering-heights-en\/el-ultimo-romantico\/","name":"El \u00faltimo Rom\u00e1ntico - Fernando Vicente Exposici\u00f3n Amapolas en Octubre","isPartOf":{"@id":"https:\/\/www.fernandovicente.es\/en\/#website"},"primaryImageOfPage":{"@id":"https:\/\/www.fernandovicente.es\/en\/wuthering-heights-en\/el-ultimo-romantico\/#primaryimage"},"image":{"@id":"https:\/\/www.fernandovicente.es\/en\/wuthering-heights-en\/el-ultimo-romantico\/#primaryimage"},"thumbnailUrl":"https:\/\/www.fernandovicente.es\/wp-content\/uploads\/2021\/04\/El-u\u0301ltimo-Roma\u0301ntico-fernando-Vicente.jpg","datePublished":"2021-04-01T17:33:51+00:00","dateModified":"2021-04-01T17:35:01+00:00","description":"El \u00faltimo Rom\u00e1ntico Exposici\u00f3n de las ilustraciones de mis libros ilustrados: Madame Bovary, Frankenstein, Beethoven... en la Libreria Amapolas en Octubre","breadcrumb":{"@id":"https:\/\/www.fernandovicente.es\/en\/wuthering-heights-en\/el-ultimo-romantico\/#breadcrumb"},"inLanguage":"en-US","potentialAction":[{"@type":"ReadAction","target":["https:\/\/www.fernandovicente.es\/en\/wuthering-heights-en\/el-ultimo-romantico\/"]}]},{"@type":"ImageObject","inLanguage":"en-US","@id":"https:\/\/www.fernandovicente.es\/en\/wuthering-heights-en\/el-ultimo-romantico\/#primaryimage","url":"https:\/\/www.fernandovicente.es\/wp-content\/uploads\/2021\/04\/El-u\u0301ltimo-Roma\u0301ntico-fernando-Vicente.jpg","contentUrl":"https:\/\/www.fernandovicente.es\/wp-content\/uploads\/2021\/04\/El-u\u0301ltimo-Roma\u0301ntico-fernando-Vicente.jpg","width":1297,"height":900,"caption":"El u\u0301ltimo Roma\u0301ntico Fernando Vicente"},{"@type":"BreadcrumbList","@id":"https:\/\/www.fernandovicente.es\/en\/wuthering-heights-en\/el-ultimo-romantico\/#breadcrumb","itemListElement":[{"@type":"ListItem","position":1,"name":"Portada","item":"https:\/\/www.fernandovicente.es\/en\/"},{"@type":"ListItem","position":2,"name":"El \u00faltimo Rom\u00e1ntico"}]},{"@type":"WebSite","@id":"https:\/\/www.fernandovicente.es\/en\/#website","url":"https:\/\/www.fernandovicente.es\/en\/","name":"Fernando Vicente","description":"Ilustraci\u00f3n","publisher":{"@id":"https:\/\/www.fernandovicente.es\/en\/#\/schema\/person\/d49677cb48f2ea656b28261dd8f75d7f"},"potentialAction":[{"@type":"SearchAction","target":{"@type":"EntryPoint","urlTemplate":"https:\/\/www.fernandovicente.es\/en\/?s={search_term_string}"},"query-input":{"@type":"PropertyValueSpecification","valueRequired":true,"valueName":"search_term_string"}}],"inLanguage":"en-US"},{"@type":["Person","Organization"],"@id":"https:\/\/www.fernandovicente.es\/en\/#\/schema\/person\/d49677cb48f2ea656b28261dd8f75d7f","name":"Fernando Vicente","image":{"@type":"ImageObject","inLanguage":"en-US","@id":"https:\/\/www.fernandovicente.es\/en\/#\/schema\/person\/image\/","url":"https:\/\/www.fernandovicente.es\/wp-content\/uploads\/2014\/11\/fernando-vicente-Foto-e1419619123418.jpg","contentUrl":"https:\/\/www.fernandovicente.es\/wp-content\/uploads\/2014\/11\/fernando-vicente-Foto-e1419619123418.jpg","width":300,"height":300,"caption":"Fernando Vicente"},"logo":{"@id":"https:\/\/www.fernandovicente.es\/en\/#\/schema\/person\/image\/"},"description":"Fernando Vicente - Painter &amp; illustrator","sameAs":["http:\/\/www.fernandovicente.es","https:\/\/www.facebook.com\/FernandoVicenteIllustrator\/","https:\/\/www.instagram.com\/fvicente_illust\/","https:\/\/www.linkedin.com\/in\/fernando-vicente-97595012","https:\/\/www.pinterest.es\/FVicente_illust\/","https:\/\/x.com\/https:\/\/twitter.com\/fvicente_illust"]}]}},"_links":{"self":[{"href":"https:\/\/www.fernandovicente.es\/en\/wp-json\/wp\/v2\/posts\/9980","targetHints":{"allow":["GET"]}}],"collection":[{"href":"https:\/\/www.fernandovicente.es\/en\/wp-json\/wp\/v2\/posts"}],"about":[{"href":"https:\/\/www.fernandovicente.es\/en\/wp-json\/wp\/v2\/types\/post"}],"author":[{"embeddable":true,"href":"https:\/\/www.fernandovicente.es\/en\/wp-json\/wp\/v2\/users\/2"}],"replies":[{"embeddable":true,"href":"https:\/\/www.fernandovicente.es\/en\/wp-json\/wp\/v2\/comments?post=9980"}],"version-history":[{"count":1,"href":"https:\/\/www.fernandovicente.es\/en\/wp-json\/wp\/v2\/posts\/9980\/revisions"}],"predecessor-version":[{"id":9981,"href":"https:\/\/www.fernandovicente.es\/en\/wp-json\/wp\/v2\/posts\/9980\/revisions\/9981"}],"wp:featuredmedia":[{"embeddable":true,"href":"https:\/\/www.fernandovicente.es\/en\/wp-json\/wp\/v2\/media\/9976"}],"wp:attachment":[{"href":"https:\/\/www.fernandovicente.es\/en\/wp-json\/wp\/v2\/media?parent=9980"}],"wp:term":[{"taxonomy":"category","embeddable":true,"href":"https:\/\/www.fernandovicente.es\/en\/wp-json\/wp\/v2\/categories?post=9980"},{"taxonomy":"post_tag","embeddable":true,"href":"https:\/\/www.fernandovicente.es\/en\/wp-json\/wp\/v2\/tags?post=9980"}],"curies":[{"name":"wp","href":"https:\/\/api.w.org\/{rel}","templated":true}]}}